{"id":38350,"date":"2024-05-10T11:53:16","date_gmt":"2024-05-10T09:53:16","guid":{"rendered":"http:\/\/centralmedia.rs\/?p=38350"},"modified":"2024-05-14T22:48:57","modified_gmt":"2024-05-14T20:48:57","slug":"policija-o-jucerasnjem-dogadaju-u-os-goran-ostojic-osumnjiceni-uhapsen-u-dvoristu-skole-za-drugim-se-traga","status":"publish","type":"post","link":"https:\/\/centralmedia.rs\/index.php\/2024\/05\/10\/policija-o-jucerasnjem-dogadaju-u-os-goran-ostojic-osumnjiceni-uhapsen-u-dvoristu-skole-za-drugim-se-traga\/","title":{"rendered":"POLICIJA POTVRDILA HAP\u0160ENJE OSUMNJI\u010cENOG U O\u0160 GORAN OSTOJI\u0106, ZA DRUGIM SE TRAGA"},"content":{"rendered":"<p>&nbsp;<\/p>\n<p>Pripadnici Ministarstva unutra\u0161njih poslova u Jagodini uhapsili su M. P. (46) iz tog grada zbog postojanja osnova sumnje da je izvr\u0161io krivi\u010dno delo nedozvoljena proizvodnja, dr\u017eanje, no\u0161enje i promet oru\u017eja i eksplozivnih materija.<\/p>\n<p>On je, kako se sumnja, ju\u010de, na ulici kod sebe imao pi\u0161tolj koji je bacio dok je be\u017eao od policije koja je intervenisala po prijavi da sa jednim mu\u0161karcem za kojim se intenzivno traga, naru\u0161ava javni red i mir.<\/p>\n<p>Policija je prona\u0161la pi\u0161tolj koji je bacio, a osumnji\u010denog je sustigla i uhapsila nedaleko odatle, u dvori\u0161tu jedne osnovne \u0161kole.<\/p>\n<p>U pretresu stana M. P. prona\u0111ene su dve kesice sa manjom koli\u010dinom materije za koju se sumnja da je amfetamin i 60 tableta sa liste psihoaktivnih supstanci, pa \u0107e nakon ve\u0161ta\u010denja protiv njega biti podneta i krivi\u010dna prijava zbog postojanja osnova sumnje da je izvr\u0161io krivi\u010dno delo neovla\u0161\u0107eno dr\u017eanje opojnih droga.<\/p>\n<p>Osumnji\u010denom je odre\u0111eno zadr\u017eavanje do 48 \u010dasova nakon \u010dega \u0107e, uz krivi\u010dnu prijavu, biti priveden Vi\u0161em javnom tu\u017eila\u0161tvu u Jagodini.<\/p>\n<p>&nbsp;<\/p>\n","protected":false},"excerpt":{"rendered":"<p>&nbsp; Pripadnici Ministarstva unutra\u0161njih poslova u Jagodini uhapsili su M. P. (46) iz tog grada zbog postojanja osnova sumnje da je izvr\u0161io krivi\u010dno delo nedozvoljena &hellip; <\/p>\n","protected":false},"author":2,"featured_media":38334,"comment_status":"open","ping_status":"open","sticky":false,"template":"","format":"standard","meta":{"footnotes":""},"categories":[1524,20,2,1514,12],"tags":[6515,130],"_links":{"self":[{"href":"https:\/\/centralmedia.rs\/index.php\/wp-json\/wp\/v2\/posts\/38350"}],"collection":[{"href":"https:\/\/centralmedia.rs\/index.php\/wp-json\/wp\/v2\/posts"}],"about":[{"href":"https:\/\/centralmedia.rs\/index.php\/wp-json\/wp\/v2\/types\/post"}],"author":[{"embeddable":true,"href":"https:\/\/centralmedia.rs\/index.php\/wp-json\/wp\/v2\/users\/2"}],"replies":[{"embeddable":true,"href":"https:\/\/centralmedia.rs\/index.php\/wp-json\/wp\/v2\/comments?post=38350"}],"version-history":[{"count":5,"href":"https:\/\/centralmedia.rs\/index.php\/wp-json\/wp\/v2\/posts\/38350\/revisions"}],"predecessor-version":[{"id":38355,"href":"https:\/\/centralmedia.rs\/index.php\/wp-json\/wp\/v2\/posts\/38350\/revisions\/38355"}],"wp:featuredmedia":[{"embeddable":true,"href":"https:\/\/centralmedia.rs\/index.php\/wp-json\/wp\/v2\/media\/38334"}],"wp:attachment":[{"href":"https:\/\/centralmedia.rs\/index.php\/wp-json\/wp\/v2\/media?parent=38350"}],"wp:term":[{"taxonomy":"category","embeddable":true,"href":"https:\/\/centralmedia.rs\/index.php\/wp-json\/wp\/v2\/categories?post=38350"},{"taxonomy":"post_tag","embeddable":true,"href":"https:\/\/centralmedia.rs\/index.php\/wp-json\/wp\/v2\/tags?post=38350"}],"curies":[{"name":"wp","href":"https:\/\/api.w.org\/{rel}","templated":true}]}}