{"id":3836,"date":"2016-07-20T23:31:19","date_gmt":"2016-07-20T23:31:19","guid":{"rendered":"http:\/\/centralmedia.rs\/?p=3836"},"modified":"2017-01-16T14:04:59","modified_gmt":"2017-01-16T14:04:59","slug":"bela-crkva-u-beljajci-kod-despotovca-zivo-jagnje-za-sampiona-belog","status":"publish","type":"post","link":"https:\/\/centralmedia.rs\/index.php\/2016\/07\/20\/bela-crkva-u-beljajci-kod-despotovca-zivo-jagnje-za-sampiona-belog\/","title":{"rendered":"BELA CRKVA U BELJAJCI KOD DESPOTOVCA &#8211; \u017dIVO JAGNJE ZA \u0160AMPIONA BELOG"},"content":{"rendered":"<p>DESPOTOVAC-Pobednik 5. Etno festivala hrane Bela Crkva u Beljajci kod Despotovca je ekipa &#8220;Beli&#8221; iz Vitanca, koja je po oceni \u017eirija bila najuspe\u0161nija u spremanju resavskog jagnjeta, poga\u010de i ka\u010damaka. Pored pehara, kao nagrada pobedniku je uru\u010deno \u017eivo jagnje.<\/p>\n<p><div id='gallery-1' class='gallery galleryid-3836 gallery-columns-4 gallery-size-medium'><figure class='gallery-item'>\n\t\t\t<div class='gallery-icon landscape'>\n\t\t\t\t<a href='https:\/\/centralmedia.rs\/index.php\/2016\/07\/20\/bela-crkva-u-beljajci-kod-despotovca-zivo-jagnje-za-sampiona-belog\/bela-crkva\/'><img loading=\"lazy\" decoding=\"async\" width=\"300\" height=\"219\" src=\"https:\/\/centralmedia.rs\/wp-content\/uploads\/2016\/07\/bela-crkva-300x219.jpg\" class=\"attachment-medium size-medium\" alt=\"\" srcset=\"https:\/\/centralmedia.rs\/wp-content\/uploads\/2016\/07\/bela-crkva-300x219.jpg 300w, https:\/\/centralmedia.rs\/wp-content\/uploads\/2016\/07\/bela-crkva-768x560.jpg 768w, https:\/\/centralmedia.rs\/wp-content\/uploads\/2016\/07\/bela-crkva-324x235.jpg 324w, https:\/\/centralmedia.rs\/wp-content\/uploads\/2016\/07\/bela-crkva.jpg 823w\" sizes=\"(max-width: 300px) 100vw, 300px\" \/><\/a>\n\t\t\t<\/div><\/figure><figure class='gallery-item'>\n\t\t\t<div class='gallery-icon landscape'>\n\t\t\t\t<a href='https:\/\/centralmedia.rs\/index.php\/2016\/07\/20\/bela-crkva-u-beljajci-kod-despotovca-zivo-jagnje-za-sampiona-belog\/bela-crkva-2\/'><img loading=\"lazy\" decoding=\"async\" width=\"300\" height=\"203\" src=\"https:\/\/centralmedia.rs\/wp-content\/uploads\/2016\/07\/bela-crkva-2-300x203.jpg\" class=\"attachment-medium size-medium\" alt=\"\" srcset=\"https:\/\/centralmedia.rs\/wp-content\/uploads\/2016\/07\/bela-crkva-2-300x203.jpg 300w, https:\/\/centralmedia.rs\/wp-content\/uploads\/2016\/07\/bela-crkva-2-768x519.jpg 768w, https:\/\/centralmedia.rs\/wp-content\/uploads\/2016\/07\/bela-crkva-2.jpg 888w\" sizes=\"(max-width: 300px) 100vw, 300px\" \/><\/a>\n\t\t\t<\/div><\/figure><figure class='gallery-item'>\n\t\t\t<div class='gallery-icon landscape'>\n\t\t\t\t<a href='https:\/\/centralmedia.rs\/index.php\/2016\/07\/20\/bela-crkva-u-beljajci-kod-despotovca-zivo-jagnje-za-sampiona-belog\/bela-crkva-1\/'><img loading=\"lazy\" decoding=\"async\" width=\"300\" height=\"222\" src=\"https:\/\/centralmedia.rs\/wp-content\/uploads\/2016\/07\/bela-crkva-1-300x222.jpg\" class=\"attachment-medium size-medium\" alt=\"\" srcset=\"https:\/\/centralmedia.rs\/wp-content\/uploads\/2016\/07\/bela-crkva-1-300x222.jpg 300w, https:\/\/centralmedia.rs\/wp-content\/uploads\/2016\/07\/bela-crkva-1-768x569.jpg 768w, https:\/\/centralmedia.rs\/wp-content\/uploads\/2016\/07\/bela-crkva-1-80x60.jpg 80w, https:\/\/centralmedia.rs\/wp-content\/uploads\/2016\/07\/bela-crkva-1.jpg 810w\" sizes=\"(max-width: 300px) 100vw, 300px\" \/><\/a>\n\t\t\t<\/div><\/figure><figure class='gallery-item'>\n\t\t\t<div class='gallery-icon landscape'>\n\t\t\t\t<a href='https:\/\/centralmedia.rs\/index.php\/2016\/07\/20\/bela-crkva-u-beljajci-kod-despotovca-zivo-jagnje-za-sampiona-belog\/bela-crkva-3\/'><img loading=\"lazy\" decoding=\"async\" width=\"300\" height=\"189\" src=\"https:\/\/centralmedia.rs\/wp-content\/uploads\/2016\/07\/bela-crkva-3-300x189.jpg\" class=\"attachment-medium size-medium\" alt=\"\" srcset=\"https:\/\/centralmedia.rs\/wp-content\/uploads\/2016\/07\/bela-crkva-3-300x189.jpg 300w, https:\/\/centralmedia.rs\/wp-content\/uploads\/2016\/07\/bela-crkva-3-768x484.jpg 768w, https:\/\/centralmedia.rs\/wp-content\/uploads\/2016\/07\/bela-crkva-3.jpg 953w\" sizes=\"(max-width: 300px) 100vw, 300px\" \/><\/a>\n\t\t\t<\/div><\/figure>\n\t\t<\/div>\n<br \/>\nDvodnevni etnofest je otvorio predsednik SO Despotovac dr Zlatko Marjanovi\u0107, a profesorka Filozofskog fakulteta u Ni\u0161u i \u010dlanica Instituta SANU, etnolingvista dr Sofija Miloradovi\u0107 je odr\u017eala predavanje o nazivima etno hrane. Nastupili su \u010dlanovi iz ansambla &#8220;Bo\u017eikovo&#8221; Bo\u0161njana i odr\u017eano je takmi\u010denje &#8220;Resavski kosa\u010d&#8221;.<\/p>\n<p><div id='gallery-2' class='gallery galleryid-3836 gallery-columns-3 gallery-size-large'><figure class='gallery-item'>\n\t\t\t<div class='gallery-icon portrait'>\n\t\t\t\t<a href='https:\/\/centralmedia.rs\/index.php\/2016\/07\/20\/bela-crkva-u-beljajci-kod-despotovca-zivo-jagnje-za-sampiona-belog\/bela-crkva-7\/'><img loading=\"lazy\" decoding=\"async\" width=\"600\" height=\"795\" src=\"https:\/\/centralmedia.rs\/wp-content\/uploads\/2016\/07\/bela-crkva-7.jpg\" class=\"attachment-large size-large\" alt=\"\" srcset=\"https:\/\/centralmedia.rs\/wp-content\/uploads\/2016\/07\/bela-crkva-7.jpg 600w, https:\/\/centralmedia.rs\/wp-content\/uploads\/2016\/07\/bela-crkva-7-226x300.jpg 226w\" sizes=\"(max-width: 600px) 100vw, 600px\" \/><\/a>\n\t\t\t<\/div><\/figure><figure class='gallery-item'>\n\t\t\t<div class='gallery-icon landscape'>\n\t\t\t\t<a href='https:\/\/centralmedia.rs\/index.php\/2016\/07\/20\/bela-crkva-u-beljajci-kod-despotovca-zivo-jagnje-za-sampiona-belog\/bela-crkva-5\/'><img loading=\"lazy\" decoding=\"async\" width=\"760\" height=\"533\" src=\"https:\/\/centralmedia.rs\/wp-content\/uploads\/2016\/07\/bela-crkva-5.jpg\" class=\"attachment-large size-large\" alt=\"\" srcset=\"https:\/\/centralmedia.rs\/wp-content\/uploads\/2016\/07\/bela-crkva-5.jpg 855w, https:\/\/centralmedia.rs\/wp-content\/uploads\/2016\/07\/bela-crkva-5-300x211.jpg 300w, https:\/\/centralmedia.rs\/wp-content\/uploads\/2016\/07\/bela-crkva-5-768x539.jpg 768w, https:\/\/centralmedia.rs\/wp-content\/uploads\/2016\/07\/bela-crkva-5-100x70.jpg 100w\" sizes=\"(max-width: 760px) 100vw, 760px\" \/><\/a>\n\t\t\t<\/div><\/figure><figure class='gallery-item'>\n\t\t\t<div class='gallery-icon landscape'>\n\t\t\t\t<a href='https:\/\/centralmedia.rs\/index.php\/2016\/07\/20\/bela-crkva-u-beljajci-kod-despotovca-zivo-jagnje-za-sampiona-belog\/bela-crkva-4\/'><img loading=\"lazy\" decoding=\"async\" width=\"760\" height=\"543\" src=\"https:\/\/centralmedia.rs\/wp-content\/uploads\/2016\/07\/bela-crkva-4.jpg\" class=\"attachment-large size-large\" alt=\"\" srcset=\"https:\/\/centralmedia.rs\/wp-content\/uploads\/2016\/07\/bela-crkva-4.jpg 840w, https:\/\/centralmedia.rs\/wp-content\/uploads\/2016\/07\/bela-crkva-4-300x214.jpg 300w, https:\/\/centralmedia.rs\/wp-content\/uploads\/2016\/07\/bela-crkva-4-768x549.jpg 768w, https:\/\/centralmedia.rs\/wp-content\/uploads\/2016\/07\/bela-crkva-4-100x70.jpg 100w\" sizes=\"(max-width: 760px) 100vw, 760px\" \/><\/a>\n\t\t\t<\/div><\/figure>\n\t\t<\/div>\n<br \/>\nDrugog dana odr\u017eano je takmi\u010denje u spremanju resavskog jagnjeta, poga\u010de i ka\u010damaka. Sveukupni pobednik je ekipa &#8220;Beli&#8221; iz Vitanca, kojoj je Bora Margareti\u0107 uru\u010dio, pored pehara, ,,zlatno jagnje&#8221;.<br \/>\nPripremljen je najve\u0107i ka\u010damak u Srbiji, pre\u010dnika od 1,2 metara.<br \/>\nEtnofest privukao je veliki broj izlaga\u010da raznih narodnih proizvoda. Na e takmi\u010denju saksofonista amatera najbolji je Nikola Jovanovi\u0107 iz Starog Sela. Organizatori su bili zadovoljni brojem u\u010desnika u takmi\u010darskom delu i kulturno-umetni\u010dkom programu. Posebno su se zahvali ansamblima iz Zabrege, Pla\u017eana, Strmostena i Bo\u0161njana.<\/p>\n<p><em><strong>Pozitivni primeri-Razglednica iz Despotovca \u2013 Projekat se realizuje uz pomo\u0107 sredstava iz bud\u017eeta Op\u0161tine Despotovac<\/strong><\/em><\/p>\n","protected":false},"excerpt":{"rendered":"<p>DESPOTOVAC-Pobednik 5. Etno festivala hrane Bela Crkva u Beljajci kod Despotovca je ekipa &#8220;Beli&#8221; iz Vitanca, koja je po oceni \u017eirija bila najuspe\u0161nija u spremanju &hellip; <\/p>\n","protected":false},"author":4,"featured_media":3837,"comment_status":"open","ping_status":"open","sticky":false,"template":"","format":"standard","meta":{"footnotes":""},"categories":[1518,1524,887,31],"tags":[997,51,998],"_links":{"self":[{"href":"https:\/\/centralmedia.rs\/index.php\/wp-json\/wp\/v2\/posts\/3836"}],"collection":[{"href":"https:\/\/centralmedia.rs\/index.php\/wp-json\/wp\/v2\/posts"}],"about":[{"href":"https:\/\/centralmedia.rs\/index.php\/wp-json\/wp\/v2\/types\/post"}],"author":[{"embeddable":true,"href":"https:\/\/centralmedia.rs\/index.php\/wp-json\/wp\/v2\/users\/4"}],"replies":[{"embeddable":true,"href":"https:\/\/centralmedia.rs\/index.php\/wp-json\/wp\/v2\/comments?post=3836"}],"version-history":[{"count":0,"href":"https:\/\/centralmedia.rs\/index.php\/wp-json\/wp\/v2\/posts\/3836\/revisions"}],"wp:featuredmedia":[{"embeddable":true,"href":"https:\/\/centralmedia.rs\/index.php\/wp-json\/wp\/v2\/media\/3837"}],"wp:attachment":[{"href":"https:\/\/centralmedia.rs\/index.php\/wp-json\/wp\/v2\/media?parent=3836"}],"wp:term":[{"taxonomy":"category","embeddable":true,"href":"https:\/\/centralmedia.rs\/index.php\/wp-json\/wp\/v2\/categories?post=3836"},{"taxonomy":"post_tag","embeddable":true,"href":"https:\/\/centralmedia.rs\/index.php\/wp-json\/wp\/v2\/tags?post=3836"}],"curies":[{"name":"wp","href":"https:\/\/api.w.org\/{rel}","templated":true}]}}