{"id":38374,"date":"2024-05-10T22:11:38","date_gmt":"2024-05-10T20:11:38","guid":{"rendered":"http:\/\/centralmedia.rs\/?p=38374"},"modified":"2024-05-13T00:25:14","modified_gmt":"2024-05-12T22:25:14","slug":"na-zlatiboru-obelezen-jubilej-50-godina-izgradnje-pruge-beograd-bar","status":"publish","type":"post","link":"https:\/\/centralmedia.rs\/index.php\/2024\/05\/10\/na-zlatiboru-obelezen-jubilej-50-godina-izgradnje-pruge-beograd-bar\/","title":{"rendered":"Na Zlatiboru obele\u017een jubilej 50 godina izgradnje pruge &#8220;Beograd-Bar\u201c"},"content":{"rendered":"<p>&nbsp;<\/p>\n<p>Dolaskom nekada\u0161njih akcija\u0161a koji su pre pet decenija u\u010destvovali u izgradnji pruge Beograd-Bar i otkrivanjem spomen-plo\u010de u \u017eelezni\u010dkoj stanici Brane\u0161ci u zlatiborskom selu \u0160ljivovica obele\u017een je veliki jubilej izgradnje pruge koja i danas povezuje Beograd i Bar. U znak zahvalnosti svim \u010cajetincima koji su u\u010destvovali u izgradnji pruge koja povezuje glavni grad Srbije sa primorjem Crne Gore, Udru\u017eenje u\u010desnika ORA \u201eBeograd-Bar\u201c je predsedniku Op\u0161tine \u010cajetina Milanu Stamatovi\u0107u uru\u010dilo zahvalnicu za aktivnosti u realizaciji obele\u017eavanja ovog zna\u010dajnog jubileja.<\/p>\n<p>Miloje Rajovi\u0107, zamenik predsednika Op\u0161tine \u010cajetina, je podsetio da je tada na teritoriji op\u0161tine \u010cajetina izgra\u0111en Zlatiborski tunel, najdu\u017ei na barskoj pruzi, kao i tri velika mosta &#8211; Ribnica, Vrelo i most na Jablanici. \u201eVi ste to gradili, a mi bismo, uz pomo\u0107 dr\u017eave, to trebali da rekonstrui\u0161emo, \u010dime bi Zlatibor i \u010ditav Zlatiborski okrug dobili jo\u0161 jednu modernu saobra\u0107ajnicu. Nadamo se da \u0107e dr\u017eava, ba\u0161 kao i u Vojvodini, i u na\u0161em kraju opredeliti sredstva za rekonstrukciju pruge koja bi kao takva trajala jo\u0161 najmanje 50 godina. Uz nastavak radova na autoputu od Po\u017eege ka Zlatiboru i aktiviranje aerodroma Ponikve, svi turisti iz Srbije i iz \u010ditavog sveta \u0107e mo\u0107i brzo da do\u0111u na Zlatibor i uop\u0161te u mesta i predele Zlatiborskog okruga\u201c, naglasio je Rajovi\u0107.<\/p>\n<p>Vozom, simboli\u010dno nazvanim \u201eJubilarni brigadirski voz\u201c, u Brane\u0161ce su do\u0161li \u010dlanovi\u00a0 Udru\u017eenja u\u010desnika omladinske radne akcije \u201eBeograd-Bar\u201c, na \u010delu sa svojim predsednikom Velizarom Popovi\u0107em, nekada\u0161njim zamenikom komandanta Glavnog \u0161taba ORA i komandantom Studentskog naselja u \u010cajetini.<\/p>\n<p>\u201eSre\u0107an sam \u0161to se nalazim me\u0111u dobrim ljudima koji su mi ostali u se\u0107anju od pre 50 godina kada smo u ovom delu Zlatibora gradili prugu, od Su\u0161ice do Zlatiborskog tunela. Naselje nam je bilo u samoj \u010cajetini, u Osnovnoj \u0161koli \u201eSavo Jovanovi\u0107 Sirogojno\u201c, kako se tada zvala, i u njemu su boravili studenti iz Srbije, ali i Ma\u0111arske i Poljske. Nosim izuzetne utiske iz \u010cajetine i sveukupno smo imali jedan veoma lep odnos sa me\u0161tanima i u\u010destvovali smo u kulturno-umetni\u010dkim programima, zajedni\u010dkim za akcija\u0161e i za gra\u0111ane\u201c prisetio se Popovi\u0107 vremena boravka u \u010cajetini od pre 50 godina.<\/p>\n","protected":false},"excerpt":{"rendered":"<p>&nbsp; Dolaskom nekada\u0161njih akcija\u0161a koji su pre pet decenija u\u010destvovali u izgradnji pruge Beograd-Bar i otkrivanjem spomen-plo\u010de u \u017eelezni\u010dkoj stanici Brane\u0161ci u zlatiborskom selu \u0160ljivovica &hellip; <\/p>\n","protected":false},"author":2,"featured_media":38375,"comment_status":"open","ping_status":"open","sticky":false,"template":"","format":"standard","meta":{"footnotes":""},"categories":[2875,14,1524,2,12],"tags":[1117,2876],"_links":{"self":[{"href":"https:\/\/centralmedia.rs\/index.php\/wp-json\/wp\/v2\/posts\/38374"}],"collection":[{"href":"https:\/\/centralmedia.rs\/index.php\/wp-json\/wp\/v2\/posts"}],"about":[{"href":"https:\/\/centralmedia.rs\/index.php\/wp-json\/wp\/v2\/types\/post"}],"author":[{"embeddable":true,"href":"https:\/\/centralmedia.rs\/index.php\/wp-json\/wp\/v2\/users\/2"}],"replies":[{"embeddable":true,"href":"https:\/\/centralmedia.rs\/index.php\/wp-json\/wp\/v2\/comments?post=38374"}],"version-history":[{"count":1,"href":"https:\/\/centralmedia.rs\/index.php\/wp-json\/wp\/v2\/posts\/38374\/revisions"}],"predecessor-version":[{"id":38376,"href":"https:\/\/centralmedia.rs\/index.php\/wp-json\/wp\/v2\/posts\/38374\/revisions\/38376"}],"wp:featuredmedia":[{"embeddable":true,"href":"https:\/\/centralmedia.rs\/index.php\/wp-json\/wp\/v2\/media\/38375"}],"wp:attachment":[{"href":"https:\/\/centralmedia.rs\/index.php\/wp-json\/wp\/v2\/media?parent=38374"}],"wp:term":[{"taxonomy":"category","embeddable":true,"href":"https:\/\/centralmedia.rs\/index.php\/wp-json\/wp\/v2\/categories?post=38374"},{"taxonomy":"post_tag","embeddable":true,"href":"https:\/\/centralmedia.rs\/index.php\/wp-json\/wp\/v2\/tags?post=38374"}],"curies":[{"name":"wp","href":"https:\/\/api.w.org\/{rel}","templated":true}]}}