{"id":38377,"date":"2024-05-10T22:14:25","date_gmt":"2024-05-10T20:14:25","guid":{"rendered":"http:\/\/centralmedia.rs\/?p=38377"},"modified":"2024-05-13T00:25:07","modified_gmt":"2024-05-12T22:25:07","slug":"otvoren-1-medunarodni-sajam-poljoprivrede-i-ruralnog-turizma-na-zlatiboru","status":"publish","type":"post","link":"https:\/\/centralmedia.rs\/index.php\/2024\/05\/10\/otvoren-1-medunarodni-sajam-poljoprivrede-i-ruralnog-turizma-na-zlatiboru\/","title":{"rendered":"Otvoren 1. Me\u0111unarodni sajam poljoprivrede i ruralnog turizma na Zlatiboru"},"content":{"rendered":"<p>&nbsp;<\/p>\n<p>Pomo\u0107nik ministra poljoprivrede za ruralni razvoj Aleksandar Bogi\u0107evi\u0107 danas je otvorio prvu ovakvu specijalizovanu manifestaciju u zapadnoj Srbiji naglasiv\u0161i pritom da je ovo samo po\u010detak pomo\u0107i ministarstva ovom kraju.<\/p>\n<div id='gallery-1' class='gallery galleryid-38377 gallery-columns-3 gallery-size-thumbnail'><figure class='gallery-item'>\n\t\t\t<div class='gallery-icon landscape'>\n\t\t\t\t<a href='https:\/\/centralmedia.rs\/index.php\/2024\/05\/10\/otvoren-1-medunarodni-sajam-poljoprivrede-i-ruralnog-turizma-na-zlatiboru\/sajam-30\/'><img loading=\"lazy\" decoding=\"async\" width=\"150\" height=\"150\" src=\"https:\/\/centralmedia.rs\/wp-content\/uploads\/2024\/05\/Sajam-150x150.jpg\" class=\"attachment-thumbnail size-thumbnail\" alt=\"\" \/><\/a>\n\t\t\t<\/div><\/figure><figure class='gallery-item'>\n\t\t\t<div class='gallery-icon landscape'>\n\t\t\t\t<a href='https:\/\/centralmedia.rs\/index.php\/2024\/05\/10\/otvoren-1-medunarodni-sajam-poljoprivrede-i-ruralnog-turizma-na-zlatiboru\/sajam2-8\/'><img loading=\"lazy\" decoding=\"async\" width=\"150\" height=\"150\" src=\"https:\/\/centralmedia.rs\/wp-content\/uploads\/2024\/05\/Sajam2-150x150.jpg\" class=\"attachment-thumbnail size-thumbnail\" alt=\"\" \/><\/a>\n\t\t\t<\/div><\/figure><figure class='gallery-item'>\n\t\t\t<div class='gallery-icon portrait'>\n\t\t\t\t<a href='https:\/\/centralmedia.rs\/index.php\/2024\/05\/10\/otvoren-1-medunarodni-sajam-poljoprivrede-i-ruralnog-turizma-na-zlatiboru\/predsednikiljubivoje\/'><img loading=\"lazy\" decoding=\"async\" width=\"150\" height=\"150\" src=\"https:\/\/centralmedia.rs\/wp-content\/uploads\/2024\/05\/PredsednikiLjubivoje-150x150.jpg\" class=\"attachment-thumbnail size-thumbnail\" alt=\"\" srcset=\"https:\/\/centralmedia.rs\/wp-content\/uploads\/2024\/05\/PredsednikiLjubivoje-150x150.jpg 150w, https:\/\/centralmedia.rs\/wp-content\/uploads\/2024\/05\/PredsednikiLjubivoje-400x400.jpg 400w\" sizes=\"(max-width: 150px) 100vw, 150px\" \/><\/a>\n\t\t\t<\/div><\/figure>\n\t\t<\/div>\n\n<p>\u201eZahvaljujem se u ime ministra Martinovi\u0107a i u svoje ime\u00a0 svima \u0161to prisustvujete otvaranju 1. Me\u0111unarodnog sajma poljoprivrede i ruralnog turizma na prelepoj kraljici turizma, na Zlatiboru, posebno svim zlatiborskim doma\u0107inima, predsedniku op\u0161tine \u010cajetina Milanu Stamatovi\u0107u, zaposlenima u Zlatiborskom eko agraru, predstavnicima Poljoprivrednih savetodavnih i stru\u010dnih slu\u017ebi iz cele Srbije. Ideja za pokretanja ovog sajma je nastala pro\u0161le godine, da se i u zapadnom delu Srbije, koji je okosnica i na\u0161e poljoprivrede i turizma, organizuje jedna ovako zna\u010dajna privredna manifestacija. Progla\u0161avam sajam otvorenim\u201c, rekao je Bogi\u0107evi\u0107 na otvaranju sajma.<\/p>\n<p>Upu\u0107uju\u0107i poruku da je ovaj sajam logi\u010dan nastavak svih aktivnosti koje Op\u0161tina \u010cajetina preduzima kako bi pomogla ubrzanom razvoju lokalnih poljoprivrednih proizvo\u0111a\u010da i lak\u0161em i br\u017eem plasmanu svojih proizvoda, predsednik Op\u0161tine \u010cajetina Milan Stamatovi\u0107 je naglasio da \u201eovaj sajam govori da smo na pravom putu, putu na kome razvijamo turizam i poljoprivredu na\u0161eg kraja. Upustili smo se u jedan ozbiljan, dugoro\u010dan posao da radimo u interesu gra\u0111ana, jer Srbija bez sela ne mo\u017ee napred. Ve\u0107 vi\u0161e godina organizujemo na\u0161e poljoprivrednike da proizvode na savremen na\u010din i u tome \u0107emo im pomo\u0107i kroz op\u0161tinski Agrobiznis centar, koji poslednjih godina bele\u017ei ozbiljne rezultate.<\/p>\n<p>Stamatovi\u0107 je dodao da on nije klasi\u010dan politi\u010dar, ve\u0107 stanovnik Zlatibora koji govori o onome \u0161to je \u017eivotno, \u0161to je realno. \u201eBorili smo se da sa\u010duvamo i va\u0161e privatno zemlji\u0161te, da ostane kod vas, da vam ga neko ne otima, i sa druge strane se borimo da sa\u010duvamo dr\u017eavno poljoprivredno zemlji\u0161te. Da ono ostane u dr\u017eavnom vlasni\u0161tvu, koje bi se onda davalo privatnicima u zakup, a ne u vlasni\u0161tvo\u201c uputio je Stamatovi\u0107 poruku svojim Zlatiborcima.<\/p>\n<p>Tehni\u010dke podatke naveo je direktor Zlatiborskog eko agrara Marko Mari\u0107 ispred jednog od organizatora sajma, koji je naveo da su \u201eZlatiborski eko agrar i Op\u0161tina \u010cajetina dali sve od sebe da ova smotra ovako izgleda i verujemo da \u0107e ona biti dugove\u010dna. Na Kraljevom trgu je postavljeno 40 \u0161tandova za prezentaciju poljoprivrednih proizvoda, a 20 izlaga\u010da poljoprivredne mehanizacije ima svoj prostor na\u00a0 parkingu sa druge strane jezera. Imamo izlaga\u010de iz Makedonije i Crne Gore, a o\u010dekujemo i goste iz Hrvatske\u201c zaklju\u010dio je Mari\u0107.<\/p>\n","protected":false},"excerpt":{"rendered":"<p>&nbsp; Pomo\u0107nik ministra poljoprivrede za ruralni razvoj Aleksandar Bogi\u0107evi\u0107 danas je otvorio prvu ovakvu specijalizovanu manifestaciju u zapadnoj Srbiji naglasiv\u0161i pritom da je ovo samo &hellip; <\/p>\n","protected":false},"author":2,"featured_media":38378,"comment_status":"open","ping_status":"open","sticky":false,"template":"","format":"standard","meta":{"footnotes":""},"categories":[22,2875,1524,2,12],"tags":[2762,6518,2876],"_links":{"self":[{"href":"https:\/\/centralmedia.rs\/index.php\/wp-json\/wp\/v2\/posts\/38377"}],"collection":[{"href":"https:\/\/centralmedia.rs\/index.php\/wp-json\/wp\/v2\/posts"}],"about":[{"href":"https:\/\/centralmedia.rs\/index.php\/wp-json\/wp\/v2\/types\/post"}],"author":[{"embeddable":true,"href":"https:\/\/centralmedia.rs\/index.php\/wp-json\/wp\/v2\/users\/2"}],"replies":[{"embeddable":true,"href":"https:\/\/centralmedia.rs\/index.php\/wp-json\/wp\/v2\/comments?post=38377"}],"version-history":[{"count":1,"href":"https:\/\/centralmedia.rs\/index.php\/wp-json\/wp\/v2\/posts\/38377\/revisions"}],"predecessor-version":[{"id":38381,"href":"https:\/\/centralmedia.rs\/index.php\/wp-json\/wp\/v2\/posts\/38377\/revisions\/38381"}],"wp:featuredmedia":[{"embeddable":true,"href":"https:\/\/centralmedia.rs\/index.php\/wp-json\/wp\/v2\/media\/38378"}],"wp:attachment":[{"href":"https:\/\/centralmedia.rs\/index.php\/wp-json\/wp\/v2\/media?parent=38377"}],"wp:term":[{"taxonomy":"category","embeddable":true,"href":"https:\/\/centralmedia.rs\/index.php\/wp-json\/wp\/v2\/categories?post=38377"},{"taxonomy":"post_tag","embeddable":true,"href":"https:\/\/centralmedia.rs\/index.php\/wp-json\/wp\/v2\/tags?post=38377"}],"curies":[{"name":"wp","href":"https:\/\/api.w.org\/{rel}","templated":true}]}}