{"id":38382,"date":"2024-05-10T22:29:11","date_gmt":"2024-05-10T20:29:11","guid":{"rendered":"http:\/\/centralmedia.rs\/?p=38382"},"modified":"2024-05-14T22:48:45","modified_gmt":"2024-05-14T20:48:45","slug":"markovdan-ravna-gora-2024","status":"publish","type":"post","link":"https:\/\/centralmedia.rs\/index.php\/2024\/05\/10\/markovdan-ravna-gora-2024\/","title":{"rendered":"\u201eMarkovdan \u2013 Ravna Gora 2024\u201c"},"content":{"rendered":"<p>&nbsp;<\/p>\n<p>,\u0160to se ne h\u0107e u lance vezati, to se zbje\u017ea u ove planine!\u201d<\/p>\n<div id='gallery-1' class='gallery galleryid-38382 gallery-columns-5 gallery-size-thumbnail'><figure class='gallery-item'>\n\t\t\t<div class='gallery-icon landscape'>\n\t\t\t\t<a href='https:\/\/centralmedia.rs\/index.php\/2024\/05\/10\/markovdan-ravna-gora-2024\/ravnogorci3\/'><img loading=\"lazy\" decoding=\"async\" width=\"150\" height=\"150\" src=\"https:\/\/centralmedia.rs\/wp-content\/uploads\/2024\/05\/ravnogorci3-150x150.jpg\" class=\"attachment-thumbnail size-thumbnail\" alt=\"\" \/><\/a>\n\t\t\t<\/div><\/figure><figure class='gallery-item'>\n\t\t\t<div class='gallery-icon landscape'>\n\t\t\t\t<a href='https:\/\/centralmedia.rs\/index.php\/2024\/05\/10\/markovdan-ravna-gora-2024\/ravnogorci4\/'><img loading=\"lazy\" decoding=\"async\" width=\"150\" height=\"150\" src=\"https:\/\/centralmedia.rs\/wp-content\/uploads\/2024\/05\/ravnogorci4-150x150.jpg\" class=\"attachment-thumbnail size-thumbnail\" alt=\"\" \/><\/a>\n\t\t\t<\/div><\/figure><figure class='gallery-item'>\n\t\t\t<div class='gallery-icon landscape'>\n\t\t\t\t<a href='https:\/\/centralmedia.rs\/index.php\/2024\/05\/10\/markovdan-ravna-gora-2024\/ravnogorci\/'><img loading=\"lazy\" decoding=\"async\" width=\"150\" height=\"150\" src=\"https:\/\/centralmedia.rs\/wp-content\/uploads\/2024\/05\/ravnogorci-150x150.jpg\" class=\"attachment-thumbnail size-thumbnail\" alt=\"\" \/><\/a>\n\t\t\t<\/div><\/figure><figure class='gallery-item'>\n\t\t\t<div class='gallery-icon landscape'>\n\t\t\t\t<a href='https:\/\/centralmedia.rs\/index.php\/2024\/05\/10\/markovdan-ravna-gora-2024\/ravnogorci1\/'><img loading=\"lazy\" decoding=\"async\" width=\"150\" height=\"150\" src=\"https:\/\/centralmedia.rs\/wp-content\/uploads\/2024\/05\/ravnogorci1-150x150.jpg\" class=\"attachment-thumbnail size-thumbnail\" alt=\"\" \/><\/a>\n\t\t\t<\/div><\/figure><figure class='gallery-item'>\n\t\t\t<div class='gallery-icon landscape'>\n\t\t\t\t<a href='https:\/\/centralmedia.rs\/index.php\/2024\/05\/10\/markovdan-ravna-gora-2024\/ravnogorci2\/'><img loading=\"lazy\" decoding=\"async\" width=\"150\" height=\"150\" src=\"https:\/\/centralmedia.rs\/wp-content\/uploads\/2024\/05\/ravnogorci2-150x150.jpg\" class=\"attachment-thumbnail size-thumbnail\" alt=\"\" \/><\/a>\n\t\t\t<\/div><\/figure>\n\t\t<\/div>\n\n<p>Sa Ravne Gore na Markovdan 2024. godine u slavu i \u010dast \u0111enerala Mihailovi\u0107a i njegove nepokorene vojske u svet odlaze slike dostojanstvenog, molitvenog sabora.<\/p>\n<p>SABORNOST, sloga, bratska ljubav.<\/p>\n<p>Ravnogorski pokret zajedno sa bra\u0107om i sestrama iz mnogobrojnih \u010detni\u010dkih i ravnogorskih organizacija, pokreta, udru\u017eenja iz Srbije, Republike Srpske i Crne Gore, dijaspore obele\u017eio je godi\u0161njicu dolaska prve grupe oficira i vojnika na Ravnu Goru 9. maja 1941, predvo\u0111enu neumrlim na\u0161im \u0111eneralom Mihailovi\u0107em.<\/p>\n<p>Pred postrojenim \u010detni\u010dkim i ravnogorskim odredima obratio se Predsednik Ravnogorskog pokreta Ljubivoje Nenadovi\u0107, naglasiv\u0161i da je stvoreno jedinstvo i ustrojstvo, da se poka\u017ee neprijatelju da ne sme vi\u0161e da drzne na srpski narod i srpske zemlje.<\/p>\n<p>Organizovana je dodela Povelja pokretima, udru\u017eenjima i istaknutim pojedincima za doprinos u o\u010duvanju i negovanju tradicije lika i dela \u0111enerala Mihailovi\u0107a, \u010detni\u010dkog i ravnogorskog pokreta.<\/p>\n<p>Obratio nam se narodni guslar Milorad \u0160arovi\u0107 kao i Marija Jovovi\u0107 k\u0107erka Blagoja Jovovi\u0107a.<\/p>\n<p>Kulturno umetni\u010dko dru\u0161tvo \u201dKruna\u201c iz Stublina izvelo je splet srpskih narodnih igara a defile Konji\u010dkog kluba \u201cZapadna Morava\u201d iz Kraljeva uprili\u010dio je ceo doga\u0111aj.<\/p>\n<p>Brinulo se i o ekologiji ,te svim gostima na Ravnoj Gori podeljeni su d\u017eakovi kako bi adekvatno odlo\u017eili sme\u0107e, tako\u0111e i Op\u0161tina Gornji Milanovac, odeljenje za ekologiju posetilo je skup i donelo dodatne d\u017eakove i uverili se da je svest i briga za na\u0161u Ravnu Goru na visokom nivou.<\/p>\n","protected":false},"excerpt":{"rendered":"<p>&nbsp; ,\u0160to se ne h\u0107e u lance vezati, to se zbje\u017ea u ove planine!\u201d Sa Ravne Gore na Markovdan 2024. godine u slavu i \u010dast &hellip; <\/p>\n","protected":false},"author":2,"featured_media":38383,"comment_status":"open","ping_status":"open","sticky":false,"template":"","format":"standard","meta":{"footnotes":""},"categories":[14,2,12],"tags":[6519,2989],"_links":{"self":[{"href":"https:\/\/centralmedia.rs\/index.php\/wp-json\/wp\/v2\/posts\/38382"}],"collection":[{"href":"https:\/\/centralmedia.rs\/index.php\/wp-json\/wp\/v2\/posts"}],"about":[{"href":"https:\/\/centralmedia.rs\/index.php\/wp-json\/wp\/v2\/types\/post"}],"author":[{"embeddable":true,"href":"https:\/\/centralmedia.rs\/index.php\/wp-json\/wp\/v2\/users\/2"}],"replies":[{"embeddable":true,"href":"https:\/\/centralmedia.rs\/index.php\/wp-json\/wp\/v2\/comments?post=38382"}],"version-history":[{"count":2,"href":"https:\/\/centralmedia.rs\/index.php\/wp-json\/wp\/v2\/posts\/38382\/revisions"}],"predecessor-version":[{"id":38389,"href":"https:\/\/centralmedia.rs\/index.php\/wp-json\/wp\/v2\/posts\/38382\/revisions\/38389"}],"wp:featuredmedia":[{"embeddable":true,"href":"https:\/\/centralmedia.rs\/index.php\/wp-json\/wp\/v2\/media\/38383"}],"wp:attachment":[{"href":"https:\/\/centralmedia.rs\/index.php\/wp-json\/wp\/v2\/media?parent=38382"}],"wp:term":[{"taxonomy":"category","embeddable":true,"href":"https:\/\/centralmedia.rs\/index.php\/wp-json\/wp\/v2\/categories?post=38382"},{"taxonomy":"post_tag","embeddable":true,"href":"https:\/\/centralmedia.rs\/index.php\/wp-json\/wp\/v2\/tags?post=38382"}],"curies":[{"name":"wp","href":"https:\/\/api.w.org\/{rel}","templated":true}]}}