{"id":3846,"date":"2016-07-21T00:18:35","date_gmt":"2016-07-21T00:18:35","guid":{"rendered":"http:\/\/centralmedia.rs\/?p=3846"},"modified":"2017-01-16T14:03:30","modified_gmt":"2017-01-16T14:03:30","slug":"izlozba-minijatura-u-despotovcu-skulpture-od-grafitnih-olovaka","status":"publish","type":"post","link":"https:\/\/centralmedia.rs\/index.php\/2016\/07\/21\/izlozba-minijatura-u-despotovcu-skulpture-od-grafitnih-olovaka\/","title":{"rendered":"IZLO\u017dBA MINIJATURA U DESPOTOVCU &#8211; SKULPTURE OD GRAFITNIH OLOVAKA"},"content":{"rendered":"<p>Foto: Nata\u0161a Pavlovi\u0107<br \/>\nDESPOTOVAC-Prva samostalna izlo\u017eba minijaturnih skulptura od grafitnih olovaka autora Gorana Marjanovi\u0107a otvorena je u galeriji despotova\u010dkog Centra za kulturu. Izlo\u017eeno je \u0161ezdesetak figura od nekoliko milimetara do santimetra i za njihovo razgledanje potrebna lupa.<\/p>\n<p><div id='gallery-1' class='gallery galleryid-3846 gallery-columns-2 gallery-size-large'><figure class='gallery-item'>\n\t\t\t<div class='gallery-icon portrait'>\n\t\t\t\t<a href='https:\/\/centralmedia.rs\/index.php\/2016\/07\/21\/izlozba-minijatura-u-despotovcu-skulpture-od-grafitnih-olovaka\/izlozba-gorana-marjanovica-4\/'><img loading=\"lazy\" decoding=\"async\" width=\"655\" height=\"960\" src=\"https:\/\/centralmedia.rs\/wp-content\/uploads\/2016\/07\/izlozba-gorana-marjanovica-4.jpg\" class=\"attachment-large size-large\" alt=\"\" srcset=\"https:\/\/centralmedia.rs\/wp-content\/uploads\/2016\/07\/izlozba-gorana-marjanovica-4.jpg 655w, https:\/\/centralmedia.rs\/wp-content\/uploads\/2016\/07\/izlozba-gorana-marjanovica-4-205x300.jpg 205w\" sizes=\"(max-width: 655px) 100vw, 655px\" \/><\/a>\n\t\t\t<\/div><\/figure><figure class='gallery-item'>\n\t\t\t<div class='gallery-icon portrait'>\n\t\t\t\t<a href='https:\/\/centralmedia.rs\/index.php\/2016\/07\/21\/izlozba-minijatura-u-despotovcu-skulpture-od-grafitnih-olovaka\/izlozba-gorana-marjanovica-3\/'><img loading=\"lazy\" decoding=\"async\" width=\"564\" height=\"960\" src=\"https:\/\/centralmedia.rs\/wp-content\/uploads\/2016\/07\/izlozba-gorana-marjanovica-3.jpg\" class=\"attachment-large size-large\" alt=\"\" srcset=\"https:\/\/centralmedia.rs\/wp-content\/uploads\/2016\/07\/izlozba-gorana-marjanovica-3.jpg 564w, https:\/\/centralmedia.rs\/wp-content\/uploads\/2016\/07\/izlozba-gorana-marjanovica-3-176x300.jpg 176w\" sizes=\"(max-width: 564px) 100vw, 564px\" \/><\/a>\n\t\t\t<\/div><\/figure>\n\t\t<\/div>\n<br \/>\n-Moja sklonost prema malim stvarima datira iz ranog detinjstva, jer sam uvek voleo da se igram malim igra\u010dkama, koje su na sebi imale vi\u0161e detalja, ka\u017ee on i dodaje da je priprema prve izlo\u017eba bila veoma zahtevna.<br \/>\n-Previ\u0161e vremena treba da bi se uradio jedan ovakav rad, mesec dana sam priremao izlo\u017ebu, a za to je potrebna potpuna posve\u0107enost. Figura mo\u017ee da bude gotova za par sati, ali i za nekoliko dana, zavisi od slo\u017eenosti skulpture i detalja, obja\u0161njava Marjanovi\u0107, koji je ro\u0111eni Despotov\u010danin i trenutno \u017eivi u Beogradu.<\/p>\n<p><div id='gallery-2' class='gallery galleryid-3846 gallery-columns-3 gallery-size-large'><figure class='gallery-item'>\n\t\t\t<div class='gallery-icon landscape'>\n\t\t\t\t<a href='https:\/\/centralmedia.rs\/index.php\/2016\/07\/21\/izlozba-minijatura-u-despotovcu-skulpture-od-grafitnih-olovaka\/izlozba-gorana-marjanovica-1\/'><img loading=\"lazy\" decoding=\"async\" width=\"760\" height=\"550\" src=\"https:\/\/centralmedia.rs\/wp-content\/uploads\/2016\/07\/izlozba-gorana-marjanovica-1.jpg\" class=\"attachment-large size-large\" alt=\"\" srcset=\"https:\/\/centralmedia.rs\/wp-content\/uploads\/2016\/07\/izlozba-gorana-marjanovica-1.jpg 900w, https:\/\/centralmedia.rs\/wp-content\/uploads\/2016\/07\/izlozba-gorana-marjanovica-1-300x217.jpg 300w, https:\/\/centralmedia.rs\/wp-content\/uploads\/2016\/07\/izlozba-gorana-marjanovica-1-768x556.jpg 768w, https:\/\/centralmedia.rs\/wp-content\/uploads\/2016\/07\/izlozba-gorana-marjanovica-1-324x235.jpg 324w\" sizes=\"(max-width: 760px) 100vw, 760px\" \/><\/a>\n\t\t\t<\/div><\/figure><figure class='gallery-item'>\n\t\t\t<div class='gallery-icon landscape'>\n\t\t\t\t<a href='https:\/\/centralmedia.rs\/index.php\/2016\/07\/21\/izlozba-minijatura-u-despotovcu-skulpture-od-grafitnih-olovaka\/izlozba-gorana-marjanovica-2\/'><img loading=\"lazy\" decoding=\"async\" width=\"760\" height=\"507\" src=\"https:\/\/centralmedia.rs\/wp-content\/uploads\/2016\/07\/izlozba-gorana-marjanovica-2.jpg\" class=\"attachment-large size-large\" alt=\"\" srcset=\"https:\/\/centralmedia.rs\/wp-content\/uploads\/2016\/07\/izlozba-gorana-marjanovica-2.jpg 960w, https:\/\/centralmedia.rs\/wp-content\/uploads\/2016\/07\/izlozba-gorana-marjanovica-2-300x200.jpg 300w, https:\/\/centralmedia.rs\/wp-content\/uploads\/2016\/07\/izlozba-gorana-marjanovica-2-768x512.jpg 768w\" sizes=\"(max-width: 760px) 100vw, 760px\" \/><\/a>\n\t\t\t<\/div><\/figure><figure class='gallery-item'>\n\t\t\t<div class='gallery-icon landscape'>\n\t\t\t\t<a href='https:\/\/centralmedia.rs\/index.php\/2016\/07\/21\/izlozba-minijatura-u-despotovcu-skulpture-od-grafitnih-olovaka\/izlozba-gorana-marjanovica-5\/'><img loading=\"lazy\" decoding=\"async\" width=\"760\" height=\"526\" src=\"https:\/\/centralmedia.rs\/wp-content\/uploads\/2016\/07\/izlozba-gorana-marjanovica-5.jpg\" class=\"attachment-large size-large\" alt=\"\" srcset=\"https:\/\/centralmedia.rs\/wp-content\/uploads\/2016\/07\/izlozba-gorana-marjanovica-5.jpg 960w, https:\/\/centralmedia.rs\/wp-content\/uploads\/2016\/07\/izlozba-gorana-marjanovica-5-300x208.jpg 300w, https:\/\/centralmedia.rs\/wp-content\/uploads\/2016\/07\/izlozba-gorana-marjanovica-5-768x532.jpg 768w, https:\/\/centralmedia.rs\/wp-content\/uploads\/2016\/07\/izlozba-gorana-marjanovica-5-100x70.jpg 100w, https:\/\/centralmedia.rs\/wp-content\/uploads\/2016\/07\/izlozba-gorana-marjanovica-5-218x150.jpg 218w\" sizes=\"(max-width: 760px) 100vw, 760px\" \/><\/a>\n\t\t\t<\/div><\/figure>\n\t\t<\/div>\n<br \/>\nOn sara\u0111uje sa poznatom firmom za proizvodnju olovaka &#8220;\u0160tedler&#8221; i sa radovima u\u010destvuje u reklamiranju njihovih proizvoda. Od 2005. godine stvara skulpture od plute, vinskih zatvara\u010da i drveta. Prvu minijaturnu skulpturu od grafitne olovke izradio je 2012. godine. Na izlo\u017ebi &#8220;Umetnost u minijaturu&#8221; Majdan arta iz Majdanpeka, 2014. godine uru\u010dena mu je zlatna medalja posetilaca.<\/p>\n<p><div id='gallery-3' class='gallery galleryid-3846 gallery-columns-2 gallery-size-full'><figure class='gallery-item'>\n\t\t\t<div class='gallery-icon landscape'>\n\t\t\t\t<a href='https:\/\/centralmedia.rs\/index.php\/2016\/07\/21\/izlozba-minijatura-u-despotovcu-skulpture-od-grafitnih-olovaka\/izlozba-gorana-marjanovica-7\/'><img loading=\"lazy\" decoding=\"async\" width=\"960\" height=\"640\" src=\"https:\/\/centralmedia.rs\/wp-content\/uploads\/2016\/07\/izlozba-gorana-marjanovica-7.jpg\" class=\"attachment-full size-full\" alt=\"\" srcset=\"https:\/\/centralmedia.rs\/wp-content\/uploads\/2016\/07\/izlozba-gorana-marjanovica-7.jpg 960w, https:\/\/centralmedia.rs\/wp-content\/uploads\/2016\/07\/izlozba-gorana-marjanovica-7-300x200.jpg 300w, https:\/\/centralmedia.rs\/wp-content\/uploads\/2016\/07\/izlozba-gorana-marjanovica-7-768x512.jpg 768w\" sizes=\"(max-width: 960px) 100vw, 960px\" \/><\/a>\n\t\t\t<\/div><\/figure><figure class='gallery-item'>\n\t\t\t<div class='gallery-icon landscape'>\n\t\t\t\t<a href='https:\/\/centralmedia.rs\/index.php\/2016\/07\/21\/izlozba-minijatura-u-despotovcu-skulpture-od-grafitnih-olovaka\/izlozba-gorana-marjanovica-6\/'><img loading=\"lazy\" decoding=\"async\" width=\"960\" height=\"682\" src=\"https:\/\/centralmedia.rs\/wp-content\/uploads\/2016\/07\/izlozba-gorana-marjanovica-6.jpg\" class=\"attachment-full size-full\" alt=\"\" srcset=\"https:\/\/centralmedia.rs\/wp-content\/uploads\/2016\/07\/izlozba-gorana-marjanovica-6.jpg 960w, https:\/\/centralmedia.rs\/wp-content\/uploads\/2016\/07\/izlozba-gorana-marjanovica-6-300x213.jpg 300w, https:\/\/centralmedia.rs\/wp-content\/uploads\/2016\/07\/izlozba-gorana-marjanovica-6-768x546.jpg 768w, https:\/\/centralmedia.rs\/wp-content\/uploads\/2016\/07\/izlozba-gorana-marjanovica-6-100x70.jpg 100w\" sizes=\"(max-width: 960px) 100vw, 960px\" \/><\/a>\n\t\t\t<\/div><\/figure>\n\t\t<\/div>\n<br \/>\nZamenik predsednika op\u0161tine Despotovac Nenad Jovanovi\u0107 istakao je da je re\u010d o izuzetno retkom obliku stvarala\u0161tva, te da Despotovac treba da bude ponosan \u0161to ima takvog umetnika. Direktorka Centra za kulturu Vlatka Milenkovi\u0107 ka\u017ee da nije verovala da na ovako minijaturnom prostoru mo\u017ee da se izrezbari lik \u010doveka i da se jasno vidi oko, obraz, brada, oblik glave, oblik lica, kosa, \u0161to je zaista ne\u0161to neverovatno.<br \/>\n-Volela bih da ovaj mladi\u0107 ima uspeha u \u017eivotu i stvaranju i da na\u0111e svoje mesto pod umetni\u010dkim nebom, da se dalje ostvaruje kao umetnik, jer je vrlo darovit, mlad \u010dovek, dodala je ona.<br \/>\nIzlo\u017eba je otvorena do 22 jula.<\/p>\n<p><em><strong>Pozitivni primeri-Razglednica iz Despotovca \u2013 Projekat se realizuje uz pomo\u0107 sredstava iz bud\u017eeta Op\u0161tine Despotovac<\/strong><\/em><\/p>\n","protected":false},"excerpt":{"rendered":"<p>Foto: Nata\u0161a Pavlovi\u0107 DESPOTOVAC-Prva samostalna izlo\u017eba minijaturnih skulptura od grafitnih olovaka autora Gorana Marjanovi\u0107a otvorena je u galeriji despotova\u010dkog Centra za kulturu. Izlo\u017eeno je \u0161ezdesetak &hellip; <\/p>\n","protected":false},"author":4,"featured_media":3847,"comment_status":"open","ping_status":"open","sticky":false,"template":"","format":"standard","meta":{"footnotes":""},"categories":[1518,1524,2,15,887],"tags":[51,1000,999],"_links":{"self":[{"href":"https:\/\/centralmedia.rs\/index.php\/wp-json\/wp\/v2\/posts\/3846"}],"collection":[{"href":"https:\/\/centralmedia.rs\/index.php\/wp-json\/wp\/v2\/posts"}],"about":[{"href":"https:\/\/centralmedia.rs\/index.php\/wp-json\/wp\/v2\/types\/post"}],"author":[{"embeddable":true,"href":"https:\/\/centralmedia.rs\/index.php\/wp-json\/wp\/v2\/users\/4"}],"replies":[{"embeddable":true,"href":"https:\/\/centralmedia.rs\/index.php\/wp-json\/wp\/v2\/comments?post=3846"}],"version-history":[{"count":0,"href":"https:\/\/centralmedia.rs\/index.php\/wp-json\/wp\/v2\/posts\/3846\/revisions"}],"wp:featuredmedia":[{"embeddable":true,"href":"https:\/\/centralmedia.rs\/index.php\/wp-json\/wp\/v2\/media\/3847"}],"wp:attachment":[{"href":"https:\/\/centralmedia.rs\/index.php\/wp-json\/wp\/v2\/media?parent=3846"}],"wp:term":[{"taxonomy":"category","embeddable":true,"href":"https:\/\/centralmedia.rs\/index.php\/wp-json\/wp\/v2\/categories?post=3846"},{"taxonomy":"post_tag","embeddable":true,"href":"https:\/\/centralmedia.rs\/index.php\/wp-json\/wp\/v2\/tags?post=3846"}],"curies":[{"name":"wp","href":"https:\/\/api.w.org\/{rel}","templated":true}]}}