{"id":38561,"date":"2024-05-19T02:04:21","date_gmt":"2024-05-19T00:04:21","guid":{"rendered":"https:\/\/centralmedia.rs\/?p=38561"},"modified":"2024-05-19T02:04:21","modified_gmt":"2024-05-19T00:04:21","slug":"matija-beckovic-otvorio-32-medunarodni-festival-deca-medu-narcisima","status":"publish","type":"post","link":"https:\/\/centralmedia.rs\/index.php\/2024\/05\/19\/matija-beckovic-otvorio-32-medunarodni-festival-deca-medu-narcisima\/","title":{"rendered":"MATIJA BE\u0106KOVI\u0106 OTVORIO 32. ME\u0110UNARODNI FESTIVAL \u201eDECA ME\u0110U NARCISIMA\u201c"},"content":{"rendered":"\n<p>32. Me\u0111unarodni de\u010dji festival \u201eDeca me\u0111u narcisima\u201c u Domu kulture u \u010cajetini sve\u010dano otvorio akademik Matija Be\u0107kovi\u0107. Od svojih po\u010detaka, pre 32 godine, u zamisli svog tvorca, pesnika&nbsp; Mihaila \u0106upovi\u0107a, festival \u201eDeca me\u0111u narcisima\u201c ro\u0111en je zbog dece, i za decu. Mno\u0161tvo pisaca za decu gostovalo je ovom festivalu i svaki od njih ostavio je svoj pe\u010dat. Ovogodi\u0161nji festival bi\u0107e upam\u0107en po tome da ga je otvorio i sa velikim respektom deci se obratio Matija Be\u0107kovi\u0107.<\/p>\n\n\n\n<figure class=\"wp-block-image size-full\"><img loading=\"lazy\" decoding=\"async\" width=\"700\" height=\"384\" src=\"https:\/\/centralmedia.rs\/wp-content\/uploads\/2024\/05\/Matija2.jpg\" alt=\"\" class=\"wp-image-38563\" srcset=\"https:\/\/centralmedia.rs\/wp-content\/uploads\/2024\/05\/Matija2.jpg 700w, https:\/\/centralmedia.rs\/wp-content\/uploads\/2024\/05\/Matija2-300x165.jpg 300w\" sizes=\"(max-width: 700px) 100vw, 700px\" \/><\/figure>\n\n\n\n<p>-Ni u jednoj banci, ni u jednom muzeju, ni u jednoj arhivi , nigde nema toliko blaga kao \u0161to ga ima u ovoj sali u \u010cajetini. A me\u0111u vama ja vidim one koji \u0107e da otvaraju ovakve festivale, one koji \u0107e da pozdravljaju one koji \u0107e tada biti deca, a vi \u0107ete svi biti veliki i slavni ljudi.Ja vas pozdravljam i zahvaljujem se \u0161to ste me zvali da budem sa vama&nbsp; u \u010cajetini na dana\u0161nji dan ovim sre\u0107nim i slavnim povodom, rekao je Be\u0107kovi\u0107.<\/p>\n\n\n\n<p>Prisutne je ovom prilikom pozdravio predsednik Op\u0161tine \u010cajetina, Milan Stamatovi\u0107.<\/p>\n\n\n\n<p>-\u010casni oci, dame i gospodo, draga deco, po\u0161tovani Matija,imam izuzetno zadovoljstvo i \u010dast da vas u ime op\u0161tine \u010cajetina pozdravim. Evo, skoro ve\u0107 23 godine mi se vi\u0111amo, i kao predsednik op\u0161tine, prisustvujem ovim divnim doga\u0111ajima gde se iz godine u godinu pove\u0107ava broj stanovnika u op\u0161tini \u010cajetina, a za nas najva\u017enije i najbitnije &#8211; pove\u0107ava se i broj novoro\u0111ene dece, istakao je Stamatovi\u0107.<\/p>\n\n\n\n<p>O zna\u010daju ovog de\u010djeg festivala govorila je, ispred organizatora, direktorka&nbsp; Kulturnog centra \u201cZlatibor\u201c \u010cajetina Danica Jevti\u0107 \u0160i\u0161ovi\u0107, kao i ovogodi\u0161nji kum \u201eNarcisa\u201c, pesnik Stevan Milo\u0161evi\u0107 koji je pregledao, ocenio i nagradio preko 400 de\u010djih literarnih radova koji su i ove godine na adresu \u010dajetinskog doma kulture stizali iz svih krajeva Srbije i zemalja u okru\u017eenju.<\/p>\n\n\n\n<p>-Decu treba motivisati, decu treba uva\u017eiti jer su oni veliki mali ljudi, sve znaju i ako im se pa\u017enja pokloni, oni&nbsp; \u0107e to znati da cene i duplo \u0107e vratiti, tako da se ne brinemo; budu\u0107nosti sa ovom decom ima, samo im treba pri\u0107i na pravi na\u010din. Zato vam hvala \u0161toste pisali&#8221;, rekla je, izme\u0111u ostalog, Danica Jevti\u0107 \u0160i\u0161ovi\u0107.<\/p>\n\n\n\n<p>-Velika je sre\u0107a do\u0107i ovde i biti deo ovakvog jednog festivala, sa ovakvom tradicijom. Svaki poslat rad je zapravo dokaz nama i dru\u0161tvu da su ipak deca svesna knji\u017eevnosti. Bez \u010ditanja ne mo\u017eemo obogatiti leksiku koja je izuzetno va\u017ena u pisanju. Da obogatimo re\u010dnik mo\u017eemo samo \u010ditanjem, jer svaka knjiga jeste svet za sebe. \u0160to vi\u0161e pro\u010ditanih knjiga &#8211; to ve\u0107i broj svetova nosimo u nama, naglasio je Milo\u0161evi\u0107.<\/p>\n\n\n\n<p>Dana\u0161nji program \u201eDece me\u0111u narcisima\u201c, koji se zatvara 18. maja, ulep\u0161ali su mali folklora\u0161i, \u010dlanovi Udru\u017eenja za negovanje narodne tradicije \u0161kole folklora iz Krive Reke, \u0160ljivovice i Ma\u010dkata, KUD \u201ePrvi partizan\u201c ogranak iz Sirogojna i folklorna grupa PU \u201eRadost\u201c iz \u010cajetine.<\/p>\n","protected":false},"excerpt":{"rendered":"<p>32. Me\u0111unarodni de\u010dji festival \u201eDeca me\u0111u narcisima\u201c u Domu kulture u \u010cajetini sve\u010dano otvorio akademik Matija Be\u0107kovi\u0107. Od svojih po\u010detaka, pre 32 godine, u zamisli &hellip; <\/p>\n","protected":false},"author":2,"featured_media":38562,"comment_status":"closed","ping_status":"open","sticky":false,"template":"","format":"standard","meta":{"footnotes":""},"categories":[2875,1524,2,15,12],"tags":[6530,6523,2876],"_links":{"self":[{"href":"https:\/\/centralmedia.rs\/index.php\/wp-json\/wp\/v2\/posts\/38561"}],"collection":[{"href":"https:\/\/centralmedia.rs\/index.php\/wp-json\/wp\/v2\/posts"}],"about":[{"href":"https:\/\/centralmedia.rs\/index.php\/wp-json\/wp\/v2\/types\/post"}],"author":[{"embeddable":true,"href":"https:\/\/centralmedia.rs\/index.php\/wp-json\/wp\/v2\/users\/2"}],"replies":[{"embeddable":true,"href":"https:\/\/centralmedia.rs\/index.php\/wp-json\/wp\/v2\/comments?post=38561"}],"version-history":[{"count":1,"href":"https:\/\/centralmedia.rs\/index.php\/wp-json\/wp\/v2\/posts\/38561\/revisions"}],"predecessor-version":[{"id":38564,"href":"https:\/\/centralmedia.rs\/index.php\/wp-json\/wp\/v2\/posts\/38561\/revisions\/38564"}],"wp:featuredmedia":[{"embeddable":true,"href":"https:\/\/centralmedia.rs\/index.php\/wp-json\/wp\/v2\/media\/38562"}],"wp:attachment":[{"href":"https:\/\/centralmedia.rs\/index.php\/wp-json\/wp\/v2\/media?parent=38561"}],"wp:term":[{"taxonomy":"category","embeddable":true,"href":"https:\/\/centralmedia.rs\/index.php\/wp-json\/wp\/v2\/categories?post=38561"},{"taxonomy":"post_tag","embeddable":true,"href":"https:\/\/centralmedia.rs\/index.php\/wp-json\/wp\/v2\/tags?post=38561"}],"curies":[{"name":"wp","href":"https:\/\/api.w.org\/{rel}","templated":true}]}}