{"id":3859,"date":"2016-07-21T10:53:20","date_gmt":"2016-07-21T10:53:20","guid":{"rendered":"http:\/\/centralmedia.rs\/?p=3859"},"modified":"2017-01-20T01:32:48","modified_gmt":"2017-01-20T01:32:48","slug":"novi-talas-cuprijske-kulture","status":"publish","type":"post","link":"https:\/\/centralmedia.rs\/index.php\/2016\/07\/21\/novi-talas-cuprijske-kulture\/","title":{"rendered":"NOVI TALAS   \u0106UPRIJSKE KULTURE"},"content":{"rendered":"<p>\u0106UPRIJA- Ustanova kulture u \u0106upriji je u okviru ovogodi\u0161njeg ,, Kulturnog leta\u201c pripremila brojne sadr\u017eaje za \u0106upri\u010dane od sedam do 77 godina, kao i one koji \u0107e naredna dva meseca boraviti u gradu na Moravi. Prema re\u010dima direktora Nenada Jovanovi\u0107a, ovo je najzna\u010dajniji i najve\u0107i projekat u godini , koji realizuje Ustanova kulture, pod pokroviteljstvom Op\u0161tine \u0106uprija .<br \/>\n&#8211; Program smo zamislili tako da zadovoljava i participativne i edukativne elemente. Namera nam je da obuhvatimo \u0161to ve\u0107i broj ljudi razli\u010ditih dobi i razli\u010ditih kulturnih potreba , rekao je on .<br \/>\n,, Kulturno leto\u201c otvoreno je bioskopskim projekcijama filma ,, Ledeno doba\u201c na bazenima ,, Slavija\u201c za koje je vladalo veliko interesovanje. U toku je izlo\u017eba pod nazivom ,, 100 izloga, 100 karikatura\u201c- Gorana \u0106eli\u010danina, istaknutog umetnika iz Varvarina .<br \/>\n&#8211; Specifi\u010dnost izlo\u017ebe je u tome \u0161to su radovi ovog karikaturiste postavljeni u izlozima u \u0161irem centru grada, tako da \u0107e prolaznici koji nemaju naviku da pose\u0107uju galerije i druge zatvorene prostore mo\u0107i da je vide. Gospodin \u0106eli\u010danin \u0107e zainteresovanima pokazati osnove crtanja stripa i karikature, 23. i 24. jula , kada se na trgu u blizini nekada\u0161njeg Doma vojske planira i izlo\u017eba tih radova. Istovremeno se odvija radionica ,,\u0106uprijska bele\u017enica\u201c u okviru koje mr Milo\u0161 \u0110or\u0111evi\u0107 , likovni umetnik i pedagog, decu pred\u0161kolskog uzrasta podu\u010dava tehnici ,, frota\u017e\u201c , odnosno , crtanju na povr\u0161inama koje nas okru\u017euju, nastavlja direktor Jovanovi\u0107.<br \/>\n&#8211; Za ne\u0161to starije, odnosno srednjo\u0161kolce, bi\u0107e organizovana ,, Taguj \u0106upriju\u201c radinica za oslikavanje murala , kao i popularni street art. Ljubitelje komedije radova\u0107e informacija da \u0107e u ba\u0161ti restorana ,, Plava laguna\u201c 22. jula biti organizovano stand up ve\u010de. Ponosni smo na Guda\u010dki kvartet \u0160kole za muzi\u010dke talente koji \u0107e nastupiti 26 . jula . Tri dana kasnije u Moravskom parku gostuje kabare sa specijalnim glumcima Tanjom Bo\u0161kovi\u0107 i Radetom Marjanovi\u0107em. Kraj avgusta rezervisan je za ,, Romski kabare\u201c i Ljiljanu Stjepanovi\u0107, glumicu koja \u0107e zatim predsedavati u \u017eiriju na ovogodi\u0161njoj ,,Crevarijadi\u201c .<br \/>\nPo\u010detkom avgusta, dodaje organizator , bi\u0107e organizovane jo\u0161 dve radionice, lutkarska , za decu uzrasta 7 &#8211; 12 godina, kao i ,, Skrivalica \u2013 otkrivalica ,, za u\u010denike od 1. do 4. razreda . Ne\u0107e izostati ni knji\u017eevne ve\u010deri koje \u0107e zaokru\u017eiti ovo ,, Kulturno leto\u201c , a za filmofile &#8211; dvodnevni maraton iz najnovije doma\u0107e filmske produkcije. Jovanovi\u0107, se nada da \u0107e se pomenuti sadr\u017eaji dopasti gra\u0111anima i da \u0107e ovogodi\u0161nja posebnost u tome \u0161to se sve odvija na otvorenom privu\u0107i i publiku, ali i pove\u0107ati interesovanje za aktivno u\u010de\u0161\u0107e u omiljenom delu programa. Ovom prilikom on se zahvalio kompletnom rukovodstvu \u0107uprijske op\u0161tine , na volji i \u017eelji da odobre sredstva za jedan veliki i do sada , kako ka\u017ee, po obimu, nerealizovani projekat, istakav\u0161i zadovoljstvo jer sara\u0111uje sa ljudima koji razumeju zna\u010daj kulturne ponude i njen kvalitet. Posebnu zahvalnost direktor je izrazio prema zaposlenima u \u0107uprijskim vrti\u0107ima i \u0161kolama , jer bez njih, naglasio je , ne bi bilo mogu\u0107e realizovati ovogodi\u0161nji program sa velikim brojem u\u010desnika, a bi\u0107e ih oko stotinu.<\/p>\n<p><strong><em>Pozitivni primeri Razglednica iz <\/em><\/strong><strong><em>\u0106uprije<\/em><\/strong><strong><em> \u2013 Projekat se realizuje uz pomo\u0107 sredstava iz bud\u017eeta Op\u0161tine \u0106uprija.<\/em><\/strong><\/p>\n<p>&nbsp;<\/p>\n<p>&nbsp;<\/p>\n","protected":false},"excerpt":{"rendered":"<p>\u0106UPRIJA- Ustanova kulture u \u0106upriji je u okviru ovogodi\u0161njeg ,, Kulturnog leta\u201c pripremila brojne sadr\u017eaje za \u0106upri\u010dane od sedam do 77 godina, kao i one &hellip; <\/p>\n","protected":false},"author":4,"featured_media":3860,"comment_status":"open","ping_status":"open","sticky":false,"template":"","format":"standard","meta":{"footnotes":""},"categories":[1515,1524,15,887,12],"tags":[44,1001,1002],"_links":{"self":[{"href":"https:\/\/centralmedia.rs\/index.php\/wp-json\/wp\/v2\/posts\/3859"}],"collection":[{"href":"https:\/\/centralmedia.rs\/index.php\/wp-json\/wp\/v2\/posts"}],"about":[{"href":"https:\/\/centralmedia.rs\/index.php\/wp-json\/wp\/v2\/types\/post"}],"author":[{"embeddable":true,"href":"https:\/\/centralmedia.rs\/index.php\/wp-json\/wp\/v2\/users\/4"}],"replies":[{"embeddable":true,"href":"https:\/\/centralmedia.rs\/index.php\/wp-json\/wp\/v2\/comments?post=3859"}],"version-history":[{"count":0,"href":"https:\/\/centralmedia.rs\/index.php\/wp-json\/wp\/v2\/posts\/3859\/revisions"}],"wp:featuredmedia":[{"embeddable":true,"href":"https:\/\/centralmedia.rs\/index.php\/wp-json\/wp\/v2\/media\/3860"}],"wp:attachment":[{"href":"https:\/\/centralmedia.rs\/index.php\/wp-json\/wp\/v2\/media?parent=3859"}],"wp:term":[{"taxonomy":"category","embeddable":true,"href":"https:\/\/centralmedia.rs\/index.php\/wp-json\/wp\/v2\/categories?post=3859"},{"taxonomy":"post_tag","embeddable":true,"href":"https:\/\/centralmedia.rs\/index.php\/wp-json\/wp\/v2\/tags?post=3859"}],"curies":[{"name":"wp","href":"https:\/\/api.w.org\/{rel}","templated":true}]}}