{"id":38755,"date":"2024-05-30T23:22:19","date_gmt":"2024-05-30T21:22:19","guid":{"rendered":"https:\/\/centralmedia.rs\/?p=38755"},"modified":"2024-05-31T00:53:47","modified_gmt":"2024-05-30T22:53:47","slug":"lokali-izbori-2024-jagodina","status":"publish","type":"post","link":"https:\/\/centralmedia.rs\/index.php\/2024\/05\/30\/lokali-izbori-2024-jagodina\/","title":{"rendered":"LOKALI IZBORI 2024. JAGODINA"},"content":{"rendered":"\n<p>PALMA: POBEDA PREKO 60 ODSTO<\/p>\n\n\n\n<p>Svi na\u0161i gra\u0111ani znaju kako je grad izgledao ranije,a kako je danas. Ono \u0161to sam mogao da primetim je da su gra\u0111ani zadovoljni na\u0161im\u00a0 dosada\u0161njim radom. Razlikujemo se od drugij koalicija jer nikog nismo primoravali da do\u0111e na na\u0161e skupove, odnosno dru\u017eenja, istakao je prvi na listi pod brojem 1. koalicije SPS -Jedinstvena Srbija Za doma\u0107insku Jagodinu Dragan Markovi\u0107 Palma. \u00a0<\/p>\n\n\n\n<figure class=\"wp-block-gallery has-nested-images columns-default is-cropped wp-block-gallery-1 is-layout-flex wp-block-gallery-is-layout-flex\">\n<figure class=\"wp-block-image size-large\"><img loading=\"lazy\" decoding=\"async\" width=\"1024\" height=\"1024\" data-id=\"38756\" src=\"https:\/\/centralmedia.rs\/wp-content\/uploads\/2024\/05\/PALMA-1-2-1024x1024.jpg\" alt=\"\" class=\"wp-image-38756\" srcset=\"https:\/\/centralmedia.rs\/wp-content\/uploads\/2024\/05\/PALMA-1-2-1024x1024.jpg 1024w, https:\/\/centralmedia.rs\/wp-content\/uploads\/2024\/05\/PALMA-1-2-300x300.jpg 300w, https:\/\/centralmedia.rs\/wp-content\/uploads\/2024\/05\/PALMA-1-2-150x150.jpg 150w, https:\/\/centralmedia.rs\/wp-content\/uploads\/2024\/05\/PALMA-1-2-768x768.jpg 768w, https:\/\/centralmedia.rs\/wp-content\/uploads\/2024\/05\/PALMA-1-2.jpg 1102w\" sizes=\"(max-width: 1024px) 100vw, 1024px\" \/><\/figure>\n\n\n\n<figure class=\"wp-block-image size-large\"><img loading=\"lazy\" decoding=\"async\" width=\"1024\" height=\"1024\" data-id=\"38757\" src=\"https:\/\/centralmedia.rs\/wp-content\/uploads\/2024\/05\/PALMA-2-2-1024x1024.jpg\" alt=\"\" class=\"wp-image-38757\" srcset=\"https:\/\/centralmedia.rs\/wp-content\/uploads\/2024\/05\/PALMA-2-2-1024x1024.jpg 1024w, https:\/\/centralmedia.rs\/wp-content\/uploads\/2024\/05\/PALMA-2-2-300x300.jpg 300w, https:\/\/centralmedia.rs\/wp-content\/uploads\/2024\/05\/PALMA-2-2-150x150.jpg 150w, https:\/\/centralmedia.rs\/wp-content\/uploads\/2024\/05\/PALMA-2-2-768x768.jpg 768w, https:\/\/centralmedia.rs\/wp-content\/uploads\/2024\/05\/PALMA-2-2.jpg 1042w\" sizes=\"(max-width: 1024px) 100vw, 1024px\" \/><\/figure>\n\n\n\n<figure class=\"wp-block-image size-large\"><img loading=\"lazy\" decoding=\"async\" width=\"1024\" height=\"1024\" data-id=\"38759\" src=\"https:\/\/centralmedia.rs\/wp-content\/uploads\/2024\/05\/PALMA-3-2-1024x1024.jpg\" alt=\"\" class=\"wp-image-38759\" srcset=\"https:\/\/centralmedia.rs\/wp-content\/uploads\/2024\/05\/PALMA-3-2-1024x1024.jpg 1024w, https:\/\/centralmedia.rs\/wp-content\/uploads\/2024\/05\/PALMA-3-2-300x300.jpg 300w, https:\/\/centralmedia.rs\/wp-content\/uploads\/2024\/05\/PALMA-3-2-150x150.jpg 150w, https:\/\/centralmedia.rs\/wp-content\/uploads\/2024\/05\/PALMA-3-2-768x768.jpg 768w, https:\/\/centralmedia.rs\/wp-content\/uploads\/2024\/05\/PALMA-3-2.jpg 1200w\" sizes=\"(max-width: 1024px) 100vw, 1024px\" \/><\/figure>\n\n\n\n<figure class=\"wp-block-image size-large\"><img loading=\"lazy\" decoding=\"async\" width=\"1024\" height=\"1024\" data-id=\"38760\" src=\"https:\/\/centralmedia.rs\/wp-content\/uploads\/2024\/05\/PALMA-4-2-1024x1024.jpg\" alt=\"\" class=\"wp-image-38760\" srcset=\"https:\/\/centralmedia.rs\/wp-content\/uploads\/2024\/05\/PALMA-4-2-1024x1024.jpg 1024w, https:\/\/centralmedia.rs\/wp-content\/uploads\/2024\/05\/PALMA-4-2-300x300.jpg 300w, https:\/\/centralmedia.rs\/wp-content\/uploads\/2024\/05\/PALMA-4-2-150x150.jpg 150w, https:\/\/centralmedia.rs\/wp-content\/uploads\/2024\/05\/PALMA-4-2-768x768.jpg 768w, https:\/\/centralmedia.rs\/wp-content\/uploads\/2024\/05\/PALMA-4-2.jpg 1200w\" sizes=\"(max-width: 1024px) 100vw, 1024px\" \/><\/figure>\n\n\n\n<figure class=\"wp-block-image size-large\"><img loading=\"lazy\" decoding=\"async\" width=\"1006\" height=\"1006\" data-id=\"38758\" src=\"https:\/\/centralmedia.rs\/wp-content\/uploads\/2024\/05\/PALMA-5-2.jpg\" alt=\"\" class=\"wp-image-38758\" srcset=\"https:\/\/centralmedia.rs\/wp-content\/uploads\/2024\/05\/PALMA-5-2.jpg 1006w, https:\/\/centralmedia.rs\/wp-content\/uploads\/2024\/05\/PALMA-5-2-300x300.jpg 300w, https:\/\/centralmedia.rs\/wp-content\/uploads\/2024\/05\/PALMA-5-2-150x150.jpg 150w, https:\/\/centralmedia.rs\/wp-content\/uploads\/2024\/05\/PALMA-5-2-768x768.jpg 768w\" sizes=\"(max-width: 1006px) 100vw, 1006px\" \/><\/figure>\n\n\n\n<figure class=\"wp-block-image size-large\"><img loading=\"lazy\" decoding=\"async\" width=\"1024\" height=\"1024\" data-id=\"38761\" src=\"https:\/\/centralmedia.rs\/wp-content\/uploads\/2024\/05\/PALMA-6-2-1024x1024.jpg\" alt=\"\" class=\"wp-image-38761\" srcset=\"https:\/\/centralmedia.rs\/wp-content\/uploads\/2024\/05\/PALMA-6-2-1024x1024.jpg 1024w, https:\/\/centralmedia.rs\/wp-content\/uploads\/2024\/05\/PALMA-6-2-300x300.jpg 300w, https:\/\/centralmedia.rs\/wp-content\/uploads\/2024\/05\/PALMA-6-2-150x150.jpg 150w, https:\/\/centralmedia.rs\/wp-content\/uploads\/2024\/05\/PALMA-6-2-768x768.jpg 768w, https:\/\/centralmedia.rs\/wp-content\/uploads\/2024\/05\/PALMA-6-2.jpg 1200w\" sizes=\"(max-width: 1024px) 100vw, 1024px\" \/><\/figure>\n<\/figure>\n\n\n\n<p>On je podsetio da poljoprivrednici ne pla\u0107aju tezge za razliku od drugih gradova, nasipani su poljski putevim, ne pla\u0107a se autobuski prevoz.<\/p>\n\n\n\n<p>-Nismo mogli da \u0107utimo jer neki sve vreme la\u017eu kako nismo ne\u0161to uradili a oni \u0107e to da urade. Oni koji la\u017eu sede sa nama u koaliciji osam godina. Jedan, koji &nbsp;prednja\u010di u tim la\u017eima, tra\u017eio je da zaposlimo njega suprugu i sve odbornike. Njihova imovina se uzve\u0107ala i to na\u0161i gra\u0111ani znaju, rekao je Markovi\u0107.<\/p>\n\n\n\n<p>-Na\u0161i kandidati za odbormike su uspe\u0161ni u svojim poslovima, a najvi\u0161e je lekara koji obavljaju svoj posao vrhunski i znaju \u0161ta gra\u0111ani Jagodine \u017eele. Prednja\u010dimo u Srbiji u zdravstvenoj za\u0161titi, prevozimo pacijente do Beograda i Kragujevca. Dnevno u proseku dve porodice zovu da im se hitno pomogne oko pacijenata. Mi \u0107emo nastaviti da ula\u017eemo u sport, finasiramo sve klubove, Jagodina ima dobre reprezentativce u pojedina\u010dnim sportovima. Sela imaju po dva terena sa rasvetom, vodimo ra\u010duna o najboljima, najvi\u0161e me impresionira kada na\u0161i sportisti osvaju medalje. Jagodina je grad koji ne mogu da zaobi\u0111u.<\/p>\n\n\n\n<figure class=\"wp-block-gallery has-nested-images columns-default is-cropped wp-block-gallery-2 is-layout-flex wp-block-gallery-is-layout-flex\">\n<figure class=\"wp-block-image size-large\"><img loading=\"lazy\" decoding=\"async\" width=\"1012\" height=\"1012\" data-id=\"38762\" src=\"https:\/\/centralmedia.rs\/wp-content\/uploads\/2024\/05\/PALMA-7-2.jpg\" alt=\"\" class=\"wp-image-38762\" srcset=\"https:\/\/centralmedia.rs\/wp-content\/uploads\/2024\/05\/PALMA-7-2.jpg 1012w, https:\/\/centralmedia.rs\/wp-content\/uploads\/2024\/05\/PALMA-7-2-300x300.jpg 300w, https:\/\/centralmedia.rs\/wp-content\/uploads\/2024\/05\/PALMA-7-2-150x150.jpg 150w, https:\/\/centralmedia.rs\/wp-content\/uploads\/2024\/05\/PALMA-7-2-768x768.jpg 768w\" sizes=\"(max-width: 1012px) 100vw, 1012px\" \/><\/figure>\n\n\n\n<figure class=\"wp-block-image size-large\"><img loading=\"lazy\" decoding=\"async\" width=\"1024\" height=\"1024\" data-id=\"38763\" src=\"https:\/\/centralmedia.rs\/wp-content\/uploads\/2024\/05\/PALMA-8-2-1024x1024.jpg\" alt=\"\" class=\"wp-image-38763\" srcset=\"https:\/\/centralmedia.rs\/wp-content\/uploads\/2024\/05\/PALMA-8-2-1024x1024.jpg 1024w, https:\/\/centralmedia.rs\/wp-content\/uploads\/2024\/05\/PALMA-8-2-300x300.jpg 300w, https:\/\/centralmedia.rs\/wp-content\/uploads\/2024\/05\/PALMA-8-2-150x150.jpg 150w, https:\/\/centralmedia.rs\/wp-content\/uploads\/2024\/05\/PALMA-8-2-768x768.jpg 768w, https:\/\/centralmedia.rs\/wp-content\/uploads\/2024\/05\/PALMA-8-2.jpg 1200w\" sizes=\"(max-width: 1024px) 100vw, 1024px\" \/><\/figure>\n\n\n\n<figure class=\"wp-block-image size-large\"><img loading=\"lazy\" decoding=\"async\" width=\"984\" height=\"984\" data-id=\"38765\" src=\"https:\/\/centralmedia.rs\/wp-content\/uploads\/2024\/05\/PALMA-9-2.jpg\" alt=\"\" class=\"wp-image-38765\" srcset=\"https:\/\/centralmedia.rs\/wp-content\/uploads\/2024\/05\/PALMA-9-2.jpg 984w, https:\/\/centralmedia.rs\/wp-content\/uploads\/2024\/05\/PALMA-9-2-300x300.jpg 300w, https:\/\/centralmedia.rs\/wp-content\/uploads\/2024\/05\/PALMA-9-2-150x150.jpg 150w, https:\/\/centralmedia.rs\/wp-content\/uploads\/2024\/05\/PALMA-9-2-768x768.jpg 768w\" sizes=\"(max-width: 984px) 100vw, 984px\" \/><\/figure>\n\n\n\n<figure class=\"wp-block-image size-large\"><img loading=\"lazy\" decoding=\"async\" width=\"1024\" height=\"1024\" data-id=\"38764\" src=\"https:\/\/centralmedia.rs\/wp-content\/uploads\/2024\/05\/PALMA-10-2-1024x1024.jpg\" alt=\"\" class=\"wp-image-38764\" srcset=\"https:\/\/centralmedia.rs\/wp-content\/uploads\/2024\/05\/PALMA-10-2-1024x1024.jpg 1024w, https:\/\/centralmedia.rs\/wp-content\/uploads\/2024\/05\/PALMA-10-2-300x300.jpg 300w, https:\/\/centralmedia.rs\/wp-content\/uploads\/2024\/05\/PALMA-10-2-150x150.jpg 150w, https:\/\/centralmedia.rs\/wp-content\/uploads\/2024\/05\/PALMA-10-2-768x768.jpg 768w, https:\/\/centralmedia.rs\/wp-content\/uploads\/2024\/05\/PALMA-10-2.jpg 1200w\" sizes=\"(max-width: 1024px) 100vw, 1024px\" \/><\/figure>\n<\/figure>\n\n\n\n<p>Obi\u0161li smo mnogo dr\u017eava, najve\u0107i broj \u010dlanova delegacija bili su Jagodinci svih zvanja. Jagodina je privredni, turisti\u010dki, sportski i kulturni centar, prednja\u010dimo po socijalnoj za\u0161titi. Ranije je svakog poslednjeg petka u mesecu bilo po 2.000 ljudi na prijemima, a sada nema toga jer smo zaposlili ljude, doveli investitore. \u010cista la\u017e je da je neko drugi mimo mene dovodio investitore, sada slu\u0161amo hvalospeve la\u017ei. Do kraja ove godine dovodimo jo\u0161 3 nema\u010dke fabrike. Ima\u0107emo, dakle, &nbsp;5 nema\u010dkih fabrika. Jagodina je centar proizvodnje delova za automobile, fabrika Fi\u0161er proizvodi za BMW, Audi i Mercedes.<\/p>\n\n\n\n<p>Brinemo o penzionerima i mladima. Studente vodimo u Be\u010d, za njih stvaramo bolje uslove i radna mesta. Vi\u0161e ne\u0107emo dati dozvolu da se pravi fabrika a da plata minimalno ne bude 80 hiljada dinara. Sigiran sam da \u0107emo u tome uspeti. Zaposlili smo preko 6.000 ljudi i ni ratluk nismo tra\u017eili, a gra\u0111ani ka\u017eu da ovi drugi tra\u017ee od 5.000 do 8.000 evra po radnom mestu. Bolnica je mese\u010dno tro\u0161ila 6.000 litara goriva mese\u010dno kada je taj gospodin bio na \u010delu Upravnog odbora, a sada 2.150 litara. O njemu \u0107e pri\u010dati gra\u0111ani 2. juna.<\/p>\n\n\n\n<p>Za mene je pobeda preko 60 odsto,&nbsp; ne preko 50 odsto. Gra\u0111ani \u0107e glasati za dela. Cena vrti\u0107a je najjeftinija u Srbiji, jer se izdvaja 5 miliona evra godi\u0161nje. Ekonomska cena je 28 hiljada dinara. Izgradi\u0107emo novi vrti\u0107 na Sarinoj Me\u0111i za 150 mali\u0161ana. Kod nas nema listi \u010dekanja.<\/p>\n\n\n\n<p>Ukoliko ne dobijemo o\u010dekivani procenat glasova, ja ne\u0107u da se bavim politikom. To bi zna\u010dilo da \u0107e cena tezgi biti 4.000 evra, cena vrti\u0107a ekonomska, ukinuli bi besplatan prevoz, uveli bi plate odbornicima, \u010dlanvoima UO, kupili bi automobile, ka\u017enjavali bi nepropisno parkirane, radio bi pauk. Ne \u017eelim da punim bud\u017eet od kazni. Siguran sam da za tri godine u ovom gradu ne\u0107e da radi samo onaj koji to ne \u017eeli. Kada vidite da neko \u017eeli da vodi grad a to mu je prvo radno mesto, onda zarade zaposelnih ne bi bile na vreme. Posle 2. juna vide\u0107emo \u010dija se re\u010d slu\u0161a, da li ima pokri\u0107e, ili se la\u017ee. \u010ceka\u0107emo do oktobra da po\u010dnu radovi na kanalizaciji u selima u okviru dr\u017eavnog programa, ali ako toga ne bude mi \u0107emo spostvenim sredstvima izgraditi sistem. Radijem se EXPU, ali voleo bi da postoji i jagodinski EXPO. Pare iz Beograda su na\u0161e pare, mi punimo bud\u017eet, niko nam to nije dao. Jagodina je najmanje dobila iz tog bud\u017eeta iako ima najve\u0107i trgovinski suficit, zaklju\u010duje Markovi\u0107<\/p>\n\n\n\n<figure class=\"wp-block-gallery has-nested-images columns-default is-cropped wp-block-gallery-3 is-layout-flex wp-block-gallery-is-layout-flex\">\n<figure class=\"wp-block-image size-large\"><img loading=\"lazy\" decoding=\"async\" width=\"1024\" height=\"479\" data-id=\"38766\" src=\"https:\/\/centralmedia.rs\/wp-content\/uploads\/2024\/05\/BUNT-3-1024x479.jpg\" alt=\"\" class=\"wp-image-38766\" srcset=\"https:\/\/centralmedia.rs\/wp-content\/uploads\/2024\/05\/BUNT-3-1024x479.jpg 1024w, https:\/\/centralmedia.rs\/wp-content\/uploads\/2024\/05\/BUNT-3-300x140.jpg 300w, https:\/\/centralmedia.rs\/wp-content\/uploads\/2024\/05\/BUNT-3-768x359.jpg 768w, https:\/\/centralmedia.rs\/wp-content\/uploads\/2024\/05\/BUNT-3.jpg 1080w\" sizes=\"(max-width: 1024px) 100vw, 1024px\" \/><\/figure>\n<\/figure>\n\n\n\n<p>&nbsp;LISTA BROJ 2. DU\u0160AN MARKOVI\u0106 &#8211; MI SE PITAMO! DELA, A NE RE\u010cI!<\/p>\n\n\n\n<p>Odr\u017eala je konvenciju i lider koalicije Du\u0161an markovi\u0107 poru\u010dio je gra\u0111anima ,,birajte dela a ne re\u010di\u201d. Koaliciju \u010dine BUNT-PRAVA SRBIJA-BUNT-NASTO\u042f\u0429A\u042f SERBI\u042f,SRPSKI POKRET DVERI,RATNI VETERANI ZA SRBIJU-VOJNOVI VETERANI PRE SRBSKO,NARODNA STRANKA,NOVO LICE SRBIJE,RAVNOGORSKI POKRET OO JAGODINA,NAPREDNA JAGODINA<\/p>\n\n\n\n<p>-Nadamo se drugom mestu na lokalnim izborima u Jagodini. &nbsp;&nbsp;Spremamo se za veliku pobedu i o\u010dekujem da 2. juna slavimo<\/p>\n\n\n\n<figure class=\"wp-block-image size-large\"><img loading=\"lazy\" decoding=\"async\" width=\"1024\" height=\"768\" src=\"https:\/\/centralmedia.rs\/wp-content\/uploads\/2024\/05\/SNS-1-1024x768.jpg\" alt=\"\" class=\"wp-image-38767\" srcset=\"https:\/\/centralmedia.rs\/wp-content\/uploads\/2024\/05\/SNS-1-1024x768.jpg 1024w, https:\/\/centralmedia.rs\/wp-content\/uploads\/2024\/05\/SNS-1-300x225.jpg 300w, https:\/\/centralmedia.rs\/wp-content\/uploads\/2024\/05\/SNS-1-768x576.jpg 768w, https:\/\/centralmedia.rs\/wp-content\/uploads\/2024\/05\/SNS-1.jpg 1440w\" sizes=\"(max-width: 1024px) 100vw, 1024px\" \/><\/figure>\n\n\n\n<p>Pod brojem 3 na listi\u0107u je Aleksandar Vu\u010di\u0107 \u2013 &nbsp;Jagodina sutra. Bezrezervnu podr\u0161ku predsednik Srpske napredne stranke Milo\u0161 Vu\u010devi\u0107 uputio je listi &nbsp;Jagodina sutra.<\/p>\n\n\n\n<p>&#8220;Zajedni\u010dki radimo da se borimo za Jagodinu, da se borimo za Pomoravski okrug, da se borimo za na\u0161e ljude. Pobeda je samo po\u010detak, pobeda je ono \u0161to nam treba da bi mogli da radimo za Jagodinu i za ceo Pomoravski okrug. Idemo da pobedimo 2. juna u Jagodini&#8221;, rekao je Vu\u010devi\u0107.<\/p>\n\n\n\n<figure class=\"wp-block-image size-large\"><img loading=\"lazy\" decoding=\"async\" width=\"1024\" height=\"768\" src=\"https:\/\/centralmedia.rs\/wp-content\/uploads\/2024\/05\/MITA-1-1024x768.jpg\" alt=\"\" class=\"wp-image-38768\" srcset=\"https:\/\/centralmedia.rs\/wp-content\/uploads\/2024\/05\/MITA-1-1024x768.jpg 1024w, https:\/\/centralmedia.rs\/wp-content\/uploads\/2024\/05\/MITA-1-300x225.jpg 300w, https:\/\/centralmedia.rs\/wp-content\/uploads\/2024\/05\/MITA-1-768x576.jpg 768w, https:\/\/centralmedia.rs\/wp-content\/uploads\/2024\/05\/MITA-1-1536x1152.jpg 1536w, https:\/\/centralmedia.rs\/wp-content\/uploads\/2024\/05\/MITA-1.jpg 2048w\" sizes=\"(max-width: 1024px) 100vw, 1024px\" \/><\/figure>\n\n\n\n<p>4. VREME JE ZA PROMENE STAROSEDEOCI-MITA ARSI\u0106-OD NAS ZAVISI-MOJA RUSIJA-JAGODINA CENTAR-NE\u0106EMO DA \u0106UTIMO<\/p>\n\n\n\n<p>-Seoske domove kulture pretvori\u0107emo u sportske sale, postavi\u0107emo sportsku podlogu, ko\u0161eve, golove, gimnasti\u010dke sprave tako da \u0107e deca tu imati fizi\u010dko vaspitanje. Sva sela \u0107e dobiti sportske klubove koji \u0107e se takmi\u010diti u gradskim ligama u malom fudbalu, ko\u0161arci, basketu, stonom tenisu, rukometu, odbojci, a ve\u0107a sela dobi\u0107e ve\u0107i bud\u017eet kako bi se ti klubovi takmi\u010dili u vi\u0161im rangovima.<\/p>\n\n\n\n<p>Nastavi\u0107e se praksa sa susretima sela, ali \u0107e kudovi dobiti mnogo ve\u0107e bud\u017eete kako bi u\u010destvovali na manifestacijama u zemlji i inostranstvu.<\/p>\n\n\n\n<p>Tri najbolja kluba u svim sportovima i tri najbolja KUD-a dobi\u0107e besplatno putovanje po njihovoj \u017eelji u gradove sa kojima sam ostvario odli\u010dnu saradnju, to su najmo\u0107niji gradovi na svetu Dubai, Abu Dabi i Monte Carlo, obe\u0107avaju sa te liste.<\/p>\n\n\n\n<figure class=\"wp-block-image size-large\"><img loading=\"lazy\" decoding=\"async\" width=\"768\" height=\"1024\" src=\"http:\/\/centralmedia.rs\/wp-content\/uploads\/2024\/05\/nestorovic-1-768x1024.jpg\" alt=\"\" class=\"wp-image-38516\" srcset=\"https:\/\/centralmedia.rs\/wp-content\/uploads\/2024\/05\/nestorovic-1-768x1024.jpg 768w, https:\/\/centralmedia.rs\/wp-content\/uploads\/2024\/05\/nestorovic-1-225x300.jpg 225w, https:\/\/centralmedia.rs\/wp-content\/uploads\/2024\/05\/nestorovic-1-1152x1536.jpg 1152w, https:\/\/centralmedia.rs\/wp-content\/uploads\/2024\/05\/nestorovic-1.jpg 1200w\" sizes=\"(max-width: 768px) 100vw, 768px\" \/><\/figure>\n\n\n\n<p>5. &#8220;MI SNAGA NARODA,PROF.DR BRANIMIR NESTOROVI\u0106-JAGODINA&#8221;<\/p>\n\n\n\n<p>Ta lista se bori za ugledniju i plemenitiju Jagodinu. Revitalizacija aerokluba u Jagodini, omogu\u0107i\u0107e gra\u0111anima panoramske letove, obnavljanje rada padobranske sekcije, aerodromsku infrastrukturu. Vrati\u0107e kaldrmu, rekonstruisati konak Veljka Petrovi\u0107a. Zaustavi\u0107e eksploataciju ljudskih, prirodnih i tehnolo\u0161kih resursa. Pru\u017ei\u0107e podr\u0161ku lokalnim poljoprivrednicima, umetnicma i zanatlijama. Izradi\u0107e detaljni urbanisti\u010dki plan grada, navode u toj listi<\/p>\n\n\n\n<figure class=\"wp-block-image size-large\"><img loading=\"lazy\" decoding=\"async\" width=\"1024\" height=\"683\" src=\"https:\/\/centralmedia.rs\/wp-content\/uploads\/2024\/05\/DS-FOTO-1024x683.jpg\" alt=\"\" class=\"wp-image-38769\" srcset=\"https:\/\/centralmedia.rs\/wp-content\/uploads\/2024\/05\/DS-FOTO-1024x683.jpg 1024w, https:\/\/centralmedia.rs\/wp-content\/uploads\/2024\/05\/DS-FOTO-300x200.jpg 300w, https:\/\/centralmedia.rs\/wp-content\/uploads\/2024\/05\/DS-FOTO-768x512.jpg 768w, https:\/\/centralmedia.rs\/wp-content\/uploads\/2024\/05\/DS-FOTO-1536x1024.jpg 1536w, https:\/\/centralmedia.rs\/wp-content\/uploads\/2024\/05\/DS-FOTO-600x400.jpg 600w, https:\/\/centralmedia.rs\/wp-content\/uploads\/2024\/05\/DS-FOTO.jpg 1920w\" sizes=\"(max-width: 1024px) 100vw, 1024px\" \/><\/figure>\n\n\n\n<p>JAGODINA ZASLU\u017dUJE BOLJE- predsednik DS Zoran Lutovac obi\u0161ao je \u0161tand te liste koja je &nbsp;pod brojem 6. On je istakao va\u017enost lokalnih izbora, jer se gra\u0111ani neposredno uklju\u010duju u pliti\u010dki \u017eivot koji se ti\u010de njih samih.<\/p>\n\n\n\n<p>-Re\u0161avanje problema koji direktno uti\u010du na \u017eivot gra\u0111ana. Jagodinci bi trebalo da biraju ljude koji \u0107e raditi u njihovom interesu. Oni glasaju za sebe. Da bi smenili ovaj re\u017eim potrebni su nam hrabrost i volja, a to na\u0161e kandidatkinje i kandidati za odbornice i odbornike u Jagodini imaju na pretek, isti\u010de Lutovac<\/p>\n\n\n\n<p>Foto DS<\/p>\n","protected":false},"excerpt":{"rendered":"<p>PALMA: POBEDA PREKO 60 ODSTO Svi na\u0161i gra\u0111ani znaju kako je grad izgledao ranije,a kako je danas. Ono \u0161to sam mogao da primetim je da &hellip; <\/p>\n","protected":false},"author":2,"featured_media":38445,"comment_status":"closed","ping_status":"open","sticky":false,"template":"","format":"standard","meta":{"footnotes":""},"categories":[1524,2,1514,13,12],"tags":[643,58],"_links":{"self":[{"href":"https:\/\/centralmedia.rs\/index.php\/wp-json\/wp\/v2\/posts\/38755"}],"collection":[{"href":"https:\/\/centralmedia.rs\/index.php\/wp-json\/wp\/v2\/posts"}],"about":[{"href":"https:\/\/centralmedia.rs\/index.php\/wp-json\/wp\/v2\/types\/post"}],"author":[{"embeddable":true,"href":"https:\/\/centralmedia.rs\/index.php\/wp-json\/wp\/v2\/users\/2"}],"replies":[{"embeddable":true,"href":"https:\/\/centralmedia.rs\/index.php\/wp-json\/wp\/v2\/comments?post=38755"}],"version-history":[{"count":1,"href":"https:\/\/centralmedia.rs\/index.php\/wp-json\/wp\/v2\/posts\/38755\/revisions"}],"predecessor-version":[{"id":38770,"href":"https:\/\/centralmedia.rs\/index.php\/wp-json\/wp\/v2\/posts\/38755\/revisions\/38770"}],"wp:featuredmedia":[{"embeddable":true,"href":"https:\/\/centralmedia.rs\/index.php\/wp-json\/wp\/v2\/media\/38445"}],"wp:attachment":[{"href":"https:\/\/centralmedia.rs\/index.php\/wp-json\/wp\/v2\/media?parent=38755"}],"wp:term":[{"taxonomy":"category","embeddable":true,"href":"https:\/\/centralmedia.rs\/index.php\/wp-json\/wp\/v2\/categories?post=38755"},{"taxonomy":"post_tag","embeddable":true,"href":"https:\/\/centralmedia.rs\/index.php\/wp-json\/wp\/v2\/tags?post=38755"}],"curies":[{"name":"wp","href":"https:\/\/api.w.org\/{rel}","templated":true}]}}