{"id":38800,"date":"2024-06-03T16:38:41","date_gmt":"2024-06-03T14:38:41","guid":{"rendered":"https:\/\/centralmedia.rs\/?p=38800"},"modified":"2024-06-03T16:47:29","modified_gmt":"2024-06-03T14:47:29","slug":"palma-hvala-jagodincima","status":"publish","type":"post","link":"https:\/\/centralmedia.rs\/index.php\/2024\/06\/03\/palma-hvala-jagodincima\/","title":{"rendered":"PALMA : HVALA JAGODINCIMA"},"content":{"rendered":"\n<p>Na lokalnim izborima u Jagodini ubedljivu pobedu odnela je lista \u201cDragan Markovi\u0107 Palma \u2013 Jedinstvena Srbija &#8211; Ivica Da\u010di\u0107 \u2013 SPS\u201d sa 56,98% glasova, druga je lista \u201cAleksandar Vu\u010di\u0107 \u2013 Jagodina sutra\u201d 25,47 %, tre\u0107a \u201cMaja Radoji\u010di\u0107 \u2013 Jagodina zaslu\u017euje bolje\u201d sa 6,49 % i \u010detvrta \u201cMi snaga naroda \u2013 prof dr Branimir Nestorovi\u0107\u201d sa 4,07%, dok ostale dve liste nisu pre\u0161le cenzus. <\/p>\n\n\n\n<figure class=\"wp-block-gallery has-nested-images columns-default is-cropped wp-block-gallery-1 is-layout-flex wp-block-gallery-is-layout-flex\">\n<figure class=\"wp-block-image size-large\"><img loading=\"lazy\" decoding=\"async\" width=\"1024\" height=\"1024\" data-id=\"38802\" src=\"https:\/\/centralmedia.rs\/wp-content\/uploads\/2024\/06\/palma-1-1024x1024.jpg\" alt=\"\" class=\"wp-image-38802\" srcset=\"https:\/\/centralmedia.rs\/wp-content\/uploads\/2024\/06\/palma-1-1024x1024.jpg 1024w, https:\/\/centralmedia.rs\/wp-content\/uploads\/2024\/06\/palma-1-300x300.jpg 300w, https:\/\/centralmedia.rs\/wp-content\/uploads\/2024\/06\/palma-1-150x150.jpg 150w, https:\/\/centralmedia.rs\/wp-content\/uploads\/2024\/06\/palma-1-768x768.jpg 768w, https:\/\/centralmedia.rs\/wp-content\/uploads\/2024\/06\/palma-1.jpg 1440w\" sizes=\"(max-width: 1024px) 100vw, 1024px\" \/><\/figure>\n\n\n\n<figure class=\"wp-block-image size-large\"><img loading=\"lazy\" decoding=\"async\" width=\"1024\" height=\"1024\" data-id=\"38803\" src=\"https:\/\/centralmedia.rs\/wp-content\/uploads\/2024\/06\/palma-2-1024x1024.jpg\" alt=\"\" class=\"wp-image-38803\" srcset=\"https:\/\/centralmedia.rs\/wp-content\/uploads\/2024\/06\/palma-2-1024x1024.jpg 1024w, https:\/\/centralmedia.rs\/wp-content\/uploads\/2024\/06\/palma-2-300x300.jpg 300w, https:\/\/centralmedia.rs\/wp-content\/uploads\/2024\/06\/palma-2-150x150.jpg 150w, https:\/\/centralmedia.rs\/wp-content\/uploads\/2024\/06\/palma-2-768x768.jpg 768w, https:\/\/centralmedia.rs\/wp-content\/uploads\/2024\/06\/palma-2.jpg 1126w\" sizes=\"(max-width: 1024px) 100vw, 1024px\" \/><\/figure>\n\n\n\n<figure class=\"wp-block-image size-large\"><img loading=\"lazy\" decoding=\"async\" width=\"1024\" height=\"1024\" data-id=\"38804\" src=\"https:\/\/centralmedia.rs\/wp-content\/uploads\/2024\/06\/palma-3-1024x1024.jpg\" alt=\"\" class=\"wp-image-38804\" srcset=\"https:\/\/centralmedia.rs\/wp-content\/uploads\/2024\/06\/palma-3-1024x1024.jpg 1024w, https:\/\/centralmedia.rs\/wp-content\/uploads\/2024\/06\/palma-3-300x300.jpg 300w, https:\/\/centralmedia.rs\/wp-content\/uploads\/2024\/06\/palma-3-150x150.jpg 150w, https:\/\/centralmedia.rs\/wp-content\/uploads\/2024\/06\/palma-3-768x768.jpg 768w, https:\/\/centralmedia.rs\/wp-content\/uploads\/2024\/06\/palma-3.jpg 1440w\" sizes=\"(max-width: 1024px) 100vw, 1024px\" \/><\/figure>\n<\/figure>\n\n\n\n<p>\u201cGra\u0111ani Jagodine su meni i mom timu dali najvi\u0161u ocenu i to im nikada ne\u0107emo zaboraviti. Hvala jagodincima ! Hvala mom timu, mi smo imali najja\u010du listu od svih lista na lokalnim izborima u Srbiji i ono \u0161to je najva\u017enije hvala mojoj porodici koja mi je dala snagu, a posebno mojoj supruzi Sne\u017eani\u201d, izjavio je predsednik Jedinstvene Srbije Dragan Markovi\u0107 Palma koji je bio i prvi na pobedni\u010dkoj listi u Jagodini, obra\u0107aju\u0107i se gra\u0111anima nakon \u0161to su saop\u0161teni rezultati lokalnih izbora u Jagodini. Markovi\u0107 se zahvalio i Ivici Da\u010di\u0107u za koga je rekao da je jedan od najboljih politi\u010dara u Srbiji u poslednjih 30 godina. \u201cMi se nismo bavili lecima kao neki drugi, mi smo se bavili delima. Ja sam hteo da pretstanem da se bavim politikom, ali mi nisu dali moji jagodinci. Prvi mi je ve\u010deras \u010destitao predsednik Gradskog odbora Srpske napredne stranke u Jagodini Nikola Radosavljevi\u0107\u201d, rekao je Palma i pri pominjau njegovog imena Markovi\u0107 nije dozvolio zvi\u017eduke rekav\u0161i \u201cJa sam sportista i sportski radnik i znam kada neko padne pru\u017ei mu ruku da ustane i reci mu \u201cnisi ti za ovaj sport idi igraj \u0161ah\u201d. Kolona od 100 vozila sa zastavama Jedinstvene Srbije pro\u0161la je ve\u010deras Jagodinom proslavalju\u0107i izbornu pobedu.<\/p>\n","protected":false},"excerpt":{"rendered":"<p>Na lokalnim izborima u Jagodini ubedljivu pobedu odnela je lista \u201cDragan Markovi\u0107 Palma \u2013 Jedinstvena Srbija &#8211; Ivica Da\u010di\u0107 \u2013 SPS\u201d sa 56,98% glasova, druga &hellip; <\/p>\n","protected":false},"author":2,"featured_media":38801,"comment_status":"closed","ping_status":"open","sticky":false,"template":"","format":"standard","meta":{"footnotes":""},"categories":[1524,2,1514,13,12],"tags":[643,58,120],"_links":{"self":[{"href":"https:\/\/centralmedia.rs\/index.php\/wp-json\/wp\/v2\/posts\/38800"}],"collection":[{"href":"https:\/\/centralmedia.rs\/index.php\/wp-json\/wp\/v2\/posts"}],"about":[{"href":"https:\/\/centralmedia.rs\/index.php\/wp-json\/wp\/v2\/types\/post"}],"author":[{"embeddable":true,"href":"https:\/\/centralmedia.rs\/index.php\/wp-json\/wp\/v2\/users\/2"}],"replies":[{"embeddable":true,"href":"https:\/\/centralmedia.rs\/index.php\/wp-json\/wp\/v2\/comments?post=38800"}],"version-history":[{"count":1,"href":"https:\/\/centralmedia.rs\/index.php\/wp-json\/wp\/v2\/posts\/38800\/revisions"}],"predecessor-version":[{"id":38805,"href":"https:\/\/centralmedia.rs\/index.php\/wp-json\/wp\/v2\/posts\/38800\/revisions\/38805"}],"wp:featuredmedia":[{"embeddable":true,"href":"https:\/\/centralmedia.rs\/index.php\/wp-json\/wp\/v2\/media\/38801"}],"wp:attachment":[{"href":"https:\/\/centralmedia.rs\/index.php\/wp-json\/wp\/v2\/media?parent=38800"}],"wp:term":[{"taxonomy":"category","embeddable":true,"href":"https:\/\/centralmedia.rs\/index.php\/wp-json\/wp\/v2\/categories?post=38800"},{"taxonomy":"post_tag","embeddable":true,"href":"https:\/\/centralmedia.rs\/index.php\/wp-json\/wp\/v2\/tags?post=38800"}],"curies":[{"name":"wp","href":"https:\/\/api.w.org\/{rel}","templated":true}]}}