{"id":38816,"date":"2024-06-03T09:04:43","date_gmt":"2024-06-03T07:04:43","guid":{"rendered":"https:\/\/centralmedia.rs\/?p=38816"},"modified":"2024-06-03T17:06:25","modified_gmt":"2024-06-03T15:06:25","slug":"saopstenje-poglasa","status":"publish","type":"post","link":"https:\/\/centralmedia.rs\/index.php\/2024\/06\/03\/saopstenje-poglasa\/","title":{"rendered":"SAOP\u0160TENJE POGLASA"},"content":{"rendered":"\n<p>Po\u0161tovani gra\u0111ani,<\/p>\n\n\n\n<p>Izbori 2. juna nisu bili ni fer ni slobodni, a u eskalaciji nepravilnosti i nasilja prevazi\u0161li su i na\u0161a najcrnja predvi\u0111anja. Svima je postalo jasno da je ovakvim \u201eizborima\u201c de facto ukinuto Ustavom zagarantovano bira\u010dko pravo i obesmi\u0161ljena ideja demokratske smenjivosti vlasti. Pritom je neodgovornim postupcima re\u017eima dru\u0161tvo dovedeno na ivicu gra\u0111anskih sukoba.<\/p>\n\n\n\n<p>Srbija je potonula u re\u017eim li\u010dne vlasti Aleksandra Vu\u010di\u0107a. Demonta\u017ea tog re\u017eima nije strana\u010dko, ve\u0107 op\u0161tenarodno pitanje.<\/p>\n\n\n\n<p>Ostaju\u0107i veran svom nastojanju da pokrene sistemske promene u na\u0161em dru\u0161tvu, ProGlas \u0107e nastaviti da \u0161irom Srbije stvara dru\u0161tveni front za ostvarenje tog cilja.<\/p>\n\n\n\n<p>Ako smo na po\u010detku bili zabrinuti, sada smo odlu\u010dni! Ako smo nakon decembarske kra\u0111e rekli da ne pristajemo, sad poru\u010dujemo da ne odustajemo!<\/p>\n","protected":false},"excerpt":{"rendered":"<p>Po\u0161tovani gra\u0111ani, Izbori 2. juna nisu bili ni fer ni slobodni, a u eskalaciji nepravilnosti i nasilja prevazi\u0161li su i na\u0161a najcrnja predvi\u0111anja. Svima je &hellip; <\/p>\n","protected":false},"author":2,"featured_media":36862,"comment_status":"closed","ping_status":"open","sticky":false,"template":"","format":"standard","meta":{"footnotes":""},"categories":[13,12],"tags":[643,6374],"_links":{"self":[{"href":"https:\/\/centralmedia.rs\/index.php\/wp-json\/wp\/v2\/posts\/38816"}],"collection":[{"href":"https:\/\/centralmedia.rs\/index.php\/wp-json\/wp\/v2\/posts"}],"about":[{"href":"https:\/\/centralmedia.rs\/index.php\/wp-json\/wp\/v2\/types\/post"}],"author":[{"embeddable":true,"href":"https:\/\/centralmedia.rs\/index.php\/wp-json\/wp\/v2\/users\/2"}],"replies":[{"embeddable":true,"href":"https:\/\/centralmedia.rs\/index.php\/wp-json\/wp\/v2\/comments?post=38816"}],"version-history":[{"count":1,"href":"https:\/\/centralmedia.rs\/index.php\/wp-json\/wp\/v2\/posts\/38816\/revisions"}],"predecessor-version":[{"id":38817,"href":"https:\/\/centralmedia.rs\/index.php\/wp-json\/wp\/v2\/posts\/38816\/revisions\/38817"}],"wp:featuredmedia":[{"embeddable":true,"href":"https:\/\/centralmedia.rs\/index.php\/wp-json\/wp\/v2\/media\/36862"}],"wp:attachment":[{"href":"https:\/\/centralmedia.rs\/index.php\/wp-json\/wp\/v2\/media?parent=38816"}],"wp:term":[{"taxonomy":"category","embeddable":true,"href":"https:\/\/centralmedia.rs\/index.php\/wp-json\/wp\/v2\/categories?post=38816"},{"taxonomy":"post_tag","embeddable":true,"href":"https:\/\/centralmedia.rs\/index.php\/wp-json\/wp\/v2\/tags?post=38816"}],"curies":[{"name":"wp","href":"https:\/\/api.w.org\/{rel}","templated":true}]}}