{"id":38862,"date":"2024-06-08T00:17:29","date_gmt":"2024-06-07T22:17:29","guid":{"rendered":"https:\/\/centralmedia.rs\/?p=38862"},"modified":"2024-06-08T00:17:30","modified_gmt":"2024-06-07T22:17:30","slug":"usvojen-plan-razvoja-despotovca-do-2030","status":"publish","type":"post","link":"https:\/\/centralmedia.rs\/index.php\/2024\/06\/08\/usvojen-plan-razvoja-despotovca-do-2030\/","title":{"rendered":"USVOJEN PLAN RAZVOJA DESPOTOVCA DO 2030."},"content":{"rendered":"\n<p>&nbsp;Na 10. sednici Op\u0161tinskog ve\u0107a op\u0161tine Despotovac, kojom je predsedavao predsednik Op\u0161tinskog ve\u0107a, dr Zlatko Marjanovi\u0107, utvr\u0111eni su predlozi odluka o zavr\u0161nom ra\u010dunu bud\u017eeta op\u0161tine za prethodnu godinu, odr\u017eavanju op\u0161tinske infrastrukture, o obrazovanju Programskog saveta, planiranju gra\u0111evinskih podru\u010dja u Vitancu, Zlatovu i Resavici, kao i razmatranje godi\u0161njih izve\u0161taja o radu javnih preduze\u0107a KSP \u201eStan\u201c, JP \u201eResavska pe\u0107ina\u201c i Saveta za zdravlje op\u0161tine Despotovac, zatim o usvajanju Plana razvoja op\u0161tine Despotovac za 2023-2030. godinu i o dono\u0161enju Operativnog plana odbrane od poplava za vode II reda na teritoriji op\u0161tine Despotovac za 2024. godinu.<\/p>\n\n\n\n<figure class=\"wp-block-image size-large\"><img loading=\"lazy\" decoding=\"async\" width=\"1024\" height=\"768\" src=\"https:\/\/centralmedia.rs\/wp-content\/uploads\/2024\/06\/SEDNICA1-1024x768.jpg\" alt=\"\" class=\"wp-image-38864\" srcset=\"https:\/\/centralmedia.rs\/wp-content\/uploads\/2024\/06\/SEDNICA1-1024x768.jpg 1024w, https:\/\/centralmedia.rs\/wp-content\/uploads\/2024\/06\/SEDNICA1-300x225.jpg 300w, https:\/\/centralmedia.rs\/wp-content\/uploads\/2024\/06\/SEDNICA1-768x576.jpg 768w, https:\/\/centralmedia.rs\/wp-content\/uploads\/2024\/06\/SEDNICA1-1536x1152.jpg 1536w, https:\/\/centralmedia.rs\/wp-content\/uploads\/2024\/06\/SEDNICA1.jpg 1600w\" sizes=\"(max-width: 1024px) 100vw, 1024px\" \/><\/figure>\n\n\n\n<p>Sve ta\u010dke dnevnog reda su jednoglasno usvojene.<\/p>\n","protected":false},"excerpt":{"rendered":"<p>&nbsp;Na 10. sednici Op\u0161tinskog ve\u0107a op\u0161tine Despotovac, kojom je predsedavao predsednik Op\u0161tinskog ve\u0107a, dr Zlatko Marjanovi\u0107, utvr\u0111eni su predlozi odluka o zavr\u0161nom ra\u010dunu bud\u017eeta op\u0161tine &hellip; <\/p>\n","protected":false},"author":2,"featured_media":38863,"comment_status":"closed","ping_status":"open","sticky":false,"template":"","format":"standard","meta":{"footnotes":""},"categories":[1518,1524,13,12],"tags":[51,6562],"_links":{"self":[{"href":"https:\/\/centralmedia.rs\/index.php\/wp-json\/wp\/v2\/posts\/38862"}],"collection":[{"href":"https:\/\/centralmedia.rs\/index.php\/wp-json\/wp\/v2\/posts"}],"about":[{"href":"https:\/\/centralmedia.rs\/index.php\/wp-json\/wp\/v2\/types\/post"}],"author":[{"embeddable":true,"href":"https:\/\/centralmedia.rs\/index.php\/wp-json\/wp\/v2\/users\/2"}],"replies":[{"embeddable":true,"href":"https:\/\/centralmedia.rs\/index.php\/wp-json\/wp\/v2\/comments?post=38862"}],"version-history":[{"count":1,"href":"https:\/\/centralmedia.rs\/index.php\/wp-json\/wp\/v2\/posts\/38862\/revisions"}],"predecessor-version":[{"id":38865,"href":"https:\/\/centralmedia.rs\/index.php\/wp-json\/wp\/v2\/posts\/38862\/revisions\/38865"}],"wp:featuredmedia":[{"embeddable":true,"href":"https:\/\/centralmedia.rs\/index.php\/wp-json\/wp\/v2\/media\/38863"}],"wp:attachment":[{"href":"https:\/\/centralmedia.rs\/index.php\/wp-json\/wp\/v2\/media?parent=38862"}],"wp:term":[{"taxonomy":"category","embeddable":true,"href":"https:\/\/centralmedia.rs\/index.php\/wp-json\/wp\/v2\/categories?post=38862"},{"taxonomy":"post_tag","embeddable":true,"href":"https:\/\/centralmedia.rs\/index.php\/wp-json\/wp\/v2\/tags?post=38862"}],"curies":[{"name":"wp","href":"https:\/\/api.w.org\/{rel}","templated":true}]}}