{"id":38896,"date":"2024-06-13T08:52:59","date_gmt":"2024-06-13T06:52:59","guid":{"rendered":"https:\/\/centralmedia.rs\/?p=38896"},"modified":"2024-06-17T19:47:07","modified_gmt":"2024-06-17T17:47:07","slug":"koncarevo-kod-jagodine-pogodio-treci-zemljotres-za-deset-dana","status":"publish","type":"post","link":"https:\/\/centralmedia.rs\/index.php\/2024\/06\/13\/koncarevo-kod-jagodine-pogodio-treci-zemljotres-za-deset-dana\/","title":{"rendered":"Kon\u010darevo kod Jagodine pogodio tre\u0107i zemljotres za deset dana"},"content":{"rendered":"\n<p>Zemljotres ja\u010dine 2,3 stepena po Rihteru\u00a0potresao je tokom no\u0107i podru\u010dje Kon\u010dareva kod Jagodine.<\/p>\n\n\n\n<figure class=\"wp-block-gallery has-nested-images columns-default is-cropped wp-block-gallery-1 is-layout-flex wp-block-gallery-is-layout-flex\">\n<figure class=\"wp-block-image size-large\"><img loading=\"lazy\" decoding=\"async\" width=\"1024\" height=\"561\" data-id=\"38899\" src=\"https:\/\/centralmedia.rs\/wp-content\/uploads\/2024\/06\/zemljotres-2-1024x561.png\" alt=\"\" class=\"wp-image-38899\" srcset=\"https:\/\/centralmedia.rs\/wp-content\/uploads\/2024\/06\/zemljotres-2-1024x561.png 1024w, https:\/\/centralmedia.rs\/wp-content\/uploads\/2024\/06\/zemljotres-2-300x164.png 300w, https:\/\/centralmedia.rs\/wp-content\/uploads\/2024\/06\/zemljotres-2-768x420.png 768w, https:\/\/centralmedia.rs\/wp-content\/uploads\/2024\/06\/zemljotres-2.png 1328w\" sizes=\"(max-width: 1024px) 100vw, 1024px\" \/><\/figure>\n\n\n\n<figure class=\"wp-block-image size-large\"><img loading=\"lazy\" decoding=\"async\" width=\"1024\" height=\"646\" data-id=\"38900\" src=\"https:\/\/centralmedia.rs\/wp-content\/uploads\/2024\/06\/zemljotres-3-1024x646.png\" alt=\"\" class=\"wp-image-38900\" srcset=\"https:\/\/centralmedia.rs\/wp-content\/uploads\/2024\/06\/zemljotres-3-1024x646.png 1024w, https:\/\/centralmedia.rs\/wp-content\/uploads\/2024\/06\/zemljotres-3-300x189.png 300w, https:\/\/centralmedia.rs\/wp-content\/uploads\/2024\/06\/zemljotres-3-768x485.png 768w, https:\/\/centralmedia.rs\/wp-content\/uploads\/2024\/06\/zemljotres-3.png 1274w\" sizes=\"(max-width: 1024px) 100vw, 1024px\" \/><\/figure>\n\n\n\n<figure class=\"wp-block-image size-large\"><img loading=\"lazy\" decoding=\"async\" width=\"1024\" height=\"658\" data-id=\"38901\" src=\"https:\/\/centralmedia.rs\/wp-content\/uploads\/2024\/06\/zemljotres-4-1024x658.png\" alt=\"\" class=\"wp-image-38901\" srcset=\"https:\/\/centralmedia.rs\/wp-content\/uploads\/2024\/06\/zemljotres-4-1024x658.png 1024w, https:\/\/centralmedia.rs\/wp-content\/uploads\/2024\/06\/zemljotres-4-300x193.png 300w, https:\/\/centralmedia.rs\/wp-content\/uploads\/2024\/06\/zemljotres-4-768x494.png 768w, https:\/\/centralmedia.rs\/wp-content\/uploads\/2024\/06\/zemljotres-4.png 1276w\" sizes=\"(max-width: 1024px) 100vw, 1024px\" \/><\/figure>\n<\/figure>\n\n\n\n<p>Kako navodi Republi\u010dki seizmolo\u0161ki zavod, u 22. 35 sati registrovan je zemljotres magnitude 2.5 jedinica Rihterove skale u Jagodini.<\/p>\n\n\n\n<p>&#8220;Teorijski intezitet u epicentru procenjen je na III-IV stepena Merkalijeve skale. Zemljotresi ovakvog inteziteta ne mogu izazvati o\u0161te\u0107enja na objektima u epicentralnoj oblasti&#8221;, navodi se.<\/p>\n\n\n\n<p>Ovo je tre\u0107i potres zabele\u017een na ovom podru\u010dju za deset dana. Prvi je bio ja\u010dine 2,6 stepeni, dok je drugi zabele\u017een 11. juna i bio je 2 stepena po Rihteru.<\/p>\n","protected":false},"excerpt":{"rendered":"<p>Zemljotres ja\u010dine 2,3 stepena po Rihteru\u00a0potresao je tokom no\u0107i podru\u010dje Kon\u010dareva kod Jagodine. Kako navodi Republi\u010dki seizmolo\u0161ki zavod, u 22. 35 sati registrovan je zemljotres &hellip; <\/p>\n","protected":false},"author":2,"featured_media":38897,"comment_status":"closed","ping_status":"open","sticky":false,"template":"","format":"standard","meta":{"footnotes":""},"categories":[1524,20,1514,12],"tags":[58,6567,6122],"_links":{"self":[{"href":"https:\/\/centralmedia.rs\/index.php\/wp-json\/wp\/v2\/posts\/38896"}],"collection":[{"href":"https:\/\/centralmedia.rs\/index.php\/wp-json\/wp\/v2\/posts"}],"about":[{"href":"https:\/\/centralmedia.rs\/index.php\/wp-json\/wp\/v2\/types\/post"}],"author":[{"embeddable":true,"href":"https:\/\/centralmedia.rs\/index.php\/wp-json\/wp\/v2\/users\/2"}],"replies":[{"embeddable":true,"href":"https:\/\/centralmedia.rs\/index.php\/wp-json\/wp\/v2\/comments?post=38896"}],"version-history":[{"count":3,"href":"https:\/\/centralmedia.rs\/index.php\/wp-json\/wp\/v2\/posts\/38896\/revisions"}],"predecessor-version":[{"id":38903,"href":"https:\/\/centralmedia.rs\/index.php\/wp-json\/wp\/v2\/posts\/38896\/revisions\/38903"}],"wp:featuredmedia":[{"embeddable":true,"href":"https:\/\/centralmedia.rs\/index.php\/wp-json\/wp\/v2\/media\/38897"}],"wp:attachment":[{"href":"https:\/\/centralmedia.rs\/index.php\/wp-json\/wp\/v2\/media?parent=38896"}],"wp:term":[{"taxonomy":"category","embeddable":true,"href":"https:\/\/centralmedia.rs\/index.php\/wp-json\/wp\/v2\/categories?post=38896"},{"taxonomy":"post_tag","embeddable":true,"href":"https:\/\/centralmedia.rs\/index.php\/wp-json\/wp\/v2\/tags?post=38896"}],"curies":[{"name":"wp","href":"https:\/\/api.w.org\/{rel}","templated":true}]}}