{"id":38945,"date":"2024-06-19T19:25:29","date_gmt":"2024-06-19T17:25:29","guid":{"rendered":"https:\/\/centralmedia.rs\/?p=38945"},"modified":"2024-06-19T19:25:30","modified_gmt":"2024-06-19T17:25:30","slug":"17-godina-kako-gradani-jagodine-i-gradani-iz-cele-srbije-sa-palmom-putuju-u-neku-drzavu","status":"publish","type":"post","link":"https:\/\/centralmedia.rs\/index.php\/2024\/06\/19\/17-godina-kako-gradani-jagodine-i-gradani-iz-cele-srbije-sa-palmom-putuju-u-neku-drzavu\/","title":{"rendered":"17 GODINA KAKO GRA\u0110ANI JAGODINE I GRA\u0110ANI IZ CELE SRBIJE SA PALMOM PUTUJU U NEKU DR\u017dAVU"},"content":{"rendered":"\n<p>Delegacija od 310 \u010dlanova u organizaciji Skup\u0161tine grada Jagodine, koju predvodi Dragan Markovi\u0107 Palma, predsednik Jedinstvene Srbije, narodni poslanik, predsednik SG Jagodina otputovala je sino\u0107 za Gr\u010dku.<\/p>\n\n\n\n<p>Delegaciju \u010dini 92% Jagodinaca i to: lekari, zdravstveni radnici, prosvetni radnici, vaspita\u010di, poljoprivrednici, predstavnici raznih udru\u017eenja, udru\u017eenje Slatki osmeh-proizvo\u0111a\u010di kola\u010da, privrednici, sportisti, studenti i penzioneri koji \u0107e boraviti 5 dana u gr\u010dkom letovali\u0161tu Agia Triada.<\/p>\n\n\n\n<p>Sredstva za ovo putovanje obezbe\u0111ena su od donatora i nijedan dinar ne\u0107e biti potro\u0161en iz bud\u017eeta grada. Jedan od donatora bila je i Jedinstvena Srbija od sredstava koja ova stranka dobija na osnovu 5 poslanika u Parlamentu Srbije.<\/p>\n\n\n\n<p>Ovo je sedamnaesta&nbsp; godina da gra\u0111ani Jagodine i cele Srbije u organizaciji Skup\u0161tine grada Jagodine odlaze u neku dr\u017eavu. Do sada je kao deo delegacije u neku od dr\u017eava putovalo vi\u0161e od 60.000 ljudi i to u&nbsp; Austriju, Gr\u010dku, Nema\u010dku, Francusku, Rusiju, Egipat, Bugarsku, Italiju, Belorusiju, Tursku, Rumuniju&#8230;<\/p>\n","protected":false},"excerpt":{"rendered":"<p>Delegacija od 310 \u010dlanova u organizaciji Skup\u0161tine grada Jagodine, koju predvodi Dragan Markovi\u0107 Palma, predsednik Jedinstvene Srbije, narodni poslanik, predsednik SG Jagodina otputovala je sino\u0107 &hellip; <\/p>\n","protected":false},"author":2,"featured_media":38946,"comment_status":"closed","ping_status":"open","sticky":false,"template":"","format":"standard","meta":{"footnotes":""},"categories":[14,1524,2,1514,12],"tags":[6572,58],"_links":{"self":[{"href":"https:\/\/centralmedia.rs\/index.php\/wp-json\/wp\/v2\/posts\/38945"}],"collection":[{"href":"https:\/\/centralmedia.rs\/index.php\/wp-json\/wp\/v2\/posts"}],"about":[{"href":"https:\/\/centralmedia.rs\/index.php\/wp-json\/wp\/v2\/types\/post"}],"author":[{"embeddable":true,"href":"https:\/\/centralmedia.rs\/index.php\/wp-json\/wp\/v2\/users\/2"}],"replies":[{"embeddable":true,"href":"https:\/\/centralmedia.rs\/index.php\/wp-json\/wp\/v2\/comments?post=38945"}],"version-history":[{"count":1,"href":"https:\/\/centralmedia.rs\/index.php\/wp-json\/wp\/v2\/posts\/38945\/revisions"}],"predecessor-version":[{"id":38947,"href":"https:\/\/centralmedia.rs\/index.php\/wp-json\/wp\/v2\/posts\/38945\/revisions\/38947"}],"wp:featuredmedia":[{"embeddable":true,"href":"https:\/\/centralmedia.rs\/index.php\/wp-json\/wp\/v2\/media\/38946"}],"wp:attachment":[{"href":"https:\/\/centralmedia.rs\/index.php\/wp-json\/wp\/v2\/media?parent=38945"}],"wp:term":[{"taxonomy":"category","embeddable":true,"href":"https:\/\/centralmedia.rs\/index.php\/wp-json\/wp\/v2\/categories?post=38945"},{"taxonomy":"post_tag","embeddable":true,"href":"https:\/\/centralmedia.rs\/index.php\/wp-json\/wp\/v2\/tags?post=38945"}],"curies":[{"name":"wp","href":"https:\/\/api.w.org\/{rel}","templated":true}]}}