{"id":39012,"date":"2024-06-29T17:58:24","date_gmt":"2024-06-29T15:58:24","guid":{"rendered":"https:\/\/centralmedia.rs\/?p=39012"},"modified":"2024-06-29T17:58:25","modified_gmt":"2024-06-29T15:58:25","slug":"dodela-opstinskih-nagrada-ucenicima","status":"publish","type":"post","link":"https:\/\/centralmedia.rs\/index.php\/2024\/06\/29\/dodela-opstinskih-nagrada-ucenicima\/","title":{"rendered":"DODELA OP\u0160TINSKIH NAGRADA U\u010cENICIMA"},"content":{"rendered":"\n<p>Op\u0161tina Svilajnac je u Centru za kulturu organizovala sve\u010danost na kojoj su dodeljene nagrade najuspe\u0161nijim u\u010denicima osnovnih i srednjih \u0161kola sa teritorije te op\u0161tine.<\/p>\n\n\n\n<figure class=\"wp-block-image size-large\"><img loading=\"lazy\" decoding=\"async\" width=\"1024\" height=\"780\" src=\"https:\/\/centralmedia.rs\/wp-content\/uploads\/2024\/06\/vukovci-sv-2-1024x780.png\" alt=\"\" class=\"wp-image-39014\" srcset=\"https:\/\/centralmedia.rs\/wp-content\/uploads\/2024\/06\/vukovci-sv-2-1024x780.png 1024w, https:\/\/centralmedia.rs\/wp-content\/uploads\/2024\/06\/vukovci-sv-2-300x229.png 300w, https:\/\/centralmedia.rs\/wp-content\/uploads\/2024\/06\/vukovci-sv-2-768x585.png 768w, https:\/\/centralmedia.rs\/wp-content\/uploads\/2024\/06\/vukovci-sv-2.png 1049w\" sizes=\"(max-width: 1024px) 100vw, 1024px\" \/><\/figure>\n\n\n\n<p>U\u010denicima, roditeljima i nastavnicima obratila se zamenik predsednika op\u0161tine Svilajnac Dragana Radevi\u0107, koja je \u010destitala na uspehu koji su u prethodnih godinu dana ostvarili na\u0161i u\u010denici u \u0161koli i na mnogobrojnim takmi\u010denjima \u0161irom Srbije. Podeljeno je vi\u0161e od 100 nagrada, a me\u0111u njima su bili dobitnici sa republi\u010dkih, me\u0111uokru\u017enih i okru\u017enih takmi\u010denja, kao i nosioci Vukove diplome i \u0111aci generacija.<\/p>\n","protected":false},"excerpt":{"rendered":"<p>Op\u0161tina Svilajnac je u Centru za kulturu organizovala sve\u010danost na kojoj su dodeljene nagrade najuspe\u0161nijim u\u010denicima osnovnih i srednjih \u0161kola sa teritorije te op\u0161tine. U\u010denicima, &hellip; <\/p>\n","protected":false},"author":2,"featured_media":39013,"comment_status":"closed","ping_status":"open","sticky":false,"template":"","format":"standard","meta":{"footnotes":""},"categories":[14,1524,12,1517],"tags":[540,38,6585],"_links":{"self":[{"href":"https:\/\/centralmedia.rs\/index.php\/wp-json\/wp\/v2\/posts\/39012"}],"collection":[{"href":"https:\/\/centralmedia.rs\/index.php\/wp-json\/wp\/v2\/posts"}],"about":[{"href":"https:\/\/centralmedia.rs\/index.php\/wp-json\/wp\/v2\/types\/post"}],"author":[{"embeddable":true,"href":"https:\/\/centralmedia.rs\/index.php\/wp-json\/wp\/v2\/users\/2"}],"replies":[{"embeddable":true,"href":"https:\/\/centralmedia.rs\/index.php\/wp-json\/wp\/v2\/comments?post=39012"}],"version-history":[{"count":1,"href":"https:\/\/centralmedia.rs\/index.php\/wp-json\/wp\/v2\/posts\/39012\/revisions"}],"predecessor-version":[{"id":39015,"href":"https:\/\/centralmedia.rs\/index.php\/wp-json\/wp\/v2\/posts\/39012\/revisions\/39015"}],"wp:featuredmedia":[{"embeddable":true,"href":"https:\/\/centralmedia.rs\/index.php\/wp-json\/wp\/v2\/media\/39013"}],"wp:attachment":[{"href":"https:\/\/centralmedia.rs\/index.php\/wp-json\/wp\/v2\/media?parent=39012"}],"wp:term":[{"taxonomy":"category","embeddable":true,"href":"https:\/\/centralmedia.rs\/index.php\/wp-json\/wp\/v2\/categories?post=39012"},{"taxonomy":"post_tag","embeddable":true,"href":"https:\/\/centralmedia.rs\/index.php\/wp-json\/wp\/v2\/tags?post=39012"}],"curies":[{"name":"wp","href":"https:\/\/api.w.org\/{rel}","templated":true}]}}