{"id":39019,"date":"2024-06-29T20:36:38","date_gmt":"2024-06-29T18:36:38","guid":{"rendered":"https:\/\/centralmedia.rs\/?p=39019"},"modified":"2024-07-01T20:45:05","modified_gmt":"2024-07-01T18:45:05","slug":"obelezen-dan-opstine-svilajnac","status":"publish","type":"post","link":"https:\/\/centralmedia.rs\/index.php\/2024\/06\/29\/obelezen-dan-opstine-svilajnac\/","title":{"rendered":"OBELE\u017dEN DAN OP\u0160TINE SVILAJNAC"},"content":{"rendered":"\n<p>Sve\u010danom akademijom u Centru za kulturu obele\u017een 29. jun, Dan op\u0161tine Svilajnac u prisustvu dr\u017eavnih predstavnika, op\u0161tinskog rukovodstva, saradnika i partnera iz zemlje i inostranstva.<\/p>\n\n\n\n<figure class=\"wp-block-gallery has-nested-images columns-default is-cropped wp-block-gallery-1 is-layout-flex wp-block-gallery-is-layout-flex\">\n<figure class=\"wp-block-image size-large\"><img loading=\"lazy\" decoding=\"async\" width=\"1024\" height=\"576\" data-id=\"39021\" src=\"https:\/\/centralmedia.rs\/wp-content\/uploads\/2024\/07\/dan-opstine-1-1024x576.jpg\" alt=\"\" class=\"wp-image-39021\" srcset=\"https:\/\/centralmedia.rs\/wp-content\/uploads\/2024\/07\/dan-opstine-1-1024x576.jpg 1024w, https:\/\/centralmedia.rs\/wp-content\/uploads\/2024\/07\/dan-opstine-1-300x169.jpg 300w, https:\/\/centralmedia.rs\/wp-content\/uploads\/2024\/07\/dan-opstine-1-768x432.jpg 768w, https:\/\/centralmedia.rs\/wp-content\/uploads\/2024\/07\/dan-opstine-1-820x460.jpg 820w, https:\/\/centralmedia.rs\/wp-content\/uploads\/2024\/07\/dan-opstine-1-1260x710.jpg 1260w, https:\/\/centralmedia.rs\/wp-content\/uploads\/2024\/07\/dan-opstine-1.jpg 1440w\" sizes=\"(max-width: 1024px) 100vw, 1024px\" \/><\/figure>\n\n\n\n<figure class=\"wp-block-image size-large\"><img loading=\"lazy\" decoding=\"async\" width=\"1024\" height=\"576\" data-id=\"39022\" src=\"https:\/\/centralmedia.rs\/wp-content\/uploads\/2024\/07\/dan-opstine-2-1024x576.jpg\" alt=\"\" class=\"wp-image-39022\" srcset=\"https:\/\/centralmedia.rs\/wp-content\/uploads\/2024\/07\/dan-opstine-2-1024x576.jpg 1024w, https:\/\/centralmedia.rs\/wp-content\/uploads\/2024\/07\/dan-opstine-2-300x169.jpg 300w, https:\/\/centralmedia.rs\/wp-content\/uploads\/2024\/07\/dan-opstine-2-768x432.jpg 768w, https:\/\/centralmedia.rs\/wp-content\/uploads\/2024\/07\/dan-opstine-2-820x460.jpg 820w, https:\/\/centralmedia.rs\/wp-content\/uploads\/2024\/07\/dan-opstine-2-1260x710.jpg 1260w, https:\/\/centralmedia.rs\/wp-content\/uploads\/2024\/07\/dan-opstine-2.jpg 1440w\" sizes=\"(max-width: 1024px) 100vw, 1024px\" \/><\/figure>\n\n\n\n<figure class=\"wp-block-image size-large\"><img loading=\"lazy\" decoding=\"async\" width=\"1024\" height=\"576\" data-id=\"39023\" src=\"https:\/\/centralmedia.rs\/wp-content\/uploads\/2024\/07\/dan-opstine-3-1024x576.jpg\" alt=\"\" class=\"wp-image-39023\" srcset=\"https:\/\/centralmedia.rs\/wp-content\/uploads\/2024\/07\/dan-opstine-3-1024x576.jpg 1024w, https:\/\/centralmedia.rs\/wp-content\/uploads\/2024\/07\/dan-opstine-3-300x169.jpg 300w, https:\/\/centralmedia.rs\/wp-content\/uploads\/2024\/07\/dan-opstine-3-768x432.jpg 768w, https:\/\/centralmedia.rs\/wp-content\/uploads\/2024\/07\/dan-opstine-3-820x460.jpg 820w, https:\/\/centralmedia.rs\/wp-content\/uploads\/2024\/07\/dan-opstine-3-1260x710.jpg 1260w, https:\/\/centralmedia.rs\/wp-content\/uploads\/2024\/07\/dan-opstine-3.jpg 1440w\" sizes=\"(max-width: 1024px) 100vw, 1024px\" \/><\/figure>\n\n\n\n<figure class=\"wp-block-image size-large\"><img loading=\"lazy\" decoding=\"async\" width=\"1024\" height=\"576\" data-id=\"39024\" src=\"https:\/\/centralmedia.rs\/wp-content\/uploads\/2024\/07\/dan-opstine-4-1024x576.jpg\" alt=\"\" class=\"wp-image-39024\" srcset=\"https:\/\/centralmedia.rs\/wp-content\/uploads\/2024\/07\/dan-opstine-4-1024x576.jpg 1024w, https:\/\/centralmedia.rs\/wp-content\/uploads\/2024\/07\/dan-opstine-4-300x169.jpg 300w, https:\/\/centralmedia.rs\/wp-content\/uploads\/2024\/07\/dan-opstine-4-768x432.jpg 768w, https:\/\/centralmedia.rs\/wp-content\/uploads\/2024\/07\/dan-opstine-4-820x460.jpg 820w, https:\/\/centralmedia.rs\/wp-content\/uploads\/2024\/07\/dan-opstine-4-1260x710.jpg 1260w, https:\/\/centralmedia.rs\/wp-content\/uploads\/2024\/07\/dan-opstine-4.jpg 1440w\" sizes=\"(max-width: 1024px) 100vw, 1024px\" \/><\/figure>\n<\/figure>\n\n\n\n<p>&nbsp;Na 29. jun&nbsp; je&nbsp; Ukazom Kneza Mihaila 1866. godine Svilajnac zvani\u010dno progla\u0161en varo\u0161icom.<\/p>\n\n\n\n<p>Sve\u010danoj akademiji prisustvovali su mnogobrojni gosti iz gradova \u0161irom Srbije, a specijalni gosti bili su ambasador Republike Austrije, Kristijan Ebner, ambasador Republike Srbije u Austriji Marko Blagojevi\u0107, pomo\u0107nik ministra za evropske integracije Miroslav Ga\u010devi\u0107, i pomo\u0107nik ministra nauke, tehnolo\u0161kog razvoja i inovacija Vladimir Radovanovi\u0107.<\/p>\n\n\n\n<p>Me\u0111u gostima je bila i delegacija Srpskog centra u Be\u010du i delegacija bratske op\u0161tine Kanji\u017ea na \u010delu sa predsednikom Robertom Fejstamerom, kao i delegacija bratske op\u0161tine Radovljica, predstavnici sudstva, tu\u017eila\u0161tva, vojske, i policije. Nakon filma koji je prikazao istorijski zna\u010dajne projekte koji su realizovani u Svilajncu u proteklom periodu, o zadacima koji su u budu\u0107nosti govorio je predsednik op\u0161tine Svilajnac, Predrag Milanovi\u0107.<\/p>\n\n\n\n<p>I ove godine op\u0161tina Svilajnac nagradila je najbolje u\u010denike osnovnih i srednjih \u0161kola. \u0110aci generacije dobili su nov\u010danu nagradu u iznosu od 60.000 dinara, a u\u010denici koji su osvojili jedno od prva tri mesta na republi\u010dkim takmi\u010denjima po 30.000 dinara.<\/p>\n\n\n\n<p>Povodom 29. juna, Dana op\u0161tine Svilajnac, uru\u010dena su dru\u0161tvena priznanja istaknutim pojedincima i kolektivima. Zahvalnice su dobili: Stefan Lazarevi\u0107 diplomirani vaspita\u010d, Nikola Milenkovi\u0107, mladi poljoprivrednik iz Ku\u0161iljeva, Sportsko-atletsko udru\u017eenje &#8220;Duge staze&#8221;, Kulturno-umetni\u010dko dru\u0161tvo \u201eSin\u0111eli\u0107&#8221; iz Svilajnca, kompanija LOTEKS GROUP d.o.o. koja je bila izvo\u0111a\u010d radova na izgradnji mosta preko Velike Morave kod sela Vojska. Op\u0161tina Svilajnac dodelila je Zahvalnicu i Ministarstvu nauke, tehnolo\u0161kog razvoja i inovacija i Ambasadi Republike Austrije, a u ime dobitnika zahvalio se ambasador Kristijan Ebner.<\/p>\n\n\n\n<p>Prisutne goste pozdravio je i predsednik Srpskog centra u Be\u010du Milan Vidovi\u0107, koji je zvani\u010dno pozvao predstavnike op\u0161tine Svilajnac da u\u010destvuju na tradicionalnom Svetosavskom balu u Be\u010du 31. januara. Na sve\u010danoj akademiji u programu su u\u010destvovale \u010dlanice Gimnasti\u010dkog kluba &#8220;Evita&#8221; iz Svilajnca i mlade talentovane glumce &#8220;Pozori\u0161tanca&#8221; Centra za kulturu, kao i Kulturno &#8211; umetni\u010dko dru\u0161tvo &#8220;Sin\u0111eli\u0107&#8221;.<\/p>\n","protected":false},"excerpt":{"rendered":"<p>Sve\u010danom akademijom u Centru za kulturu obele\u017een 29. jun, Dan op\u0161tine Svilajnac u prisustvu dr\u017eavnih predstavnika, op\u0161tinskog rukovodstva, saradnika i partnera iz zemlje i inostranstva. &hellip; <\/p>\n","protected":false},"author":2,"featured_media":39020,"comment_status":"closed","ping_status":"open","sticky":false,"template":"","format":"standard","meta":{"footnotes":""},"categories":[1524,13,12,1517],"tags":[6570,38],"_links":{"self":[{"href":"https:\/\/centralmedia.rs\/index.php\/wp-json\/wp\/v2\/posts\/39019"}],"collection":[{"href":"https:\/\/centralmedia.rs\/index.php\/wp-json\/wp\/v2\/posts"}],"about":[{"href":"https:\/\/centralmedia.rs\/index.php\/wp-json\/wp\/v2\/types\/post"}],"author":[{"embeddable":true,"href":"https:\/\/centralmedia.rs\/index.php\/wp-json\/wp\/v2\/users\/2"}],"replies":[{"embeddable":true,"href":"https:\/\/centralmedia.rs\/index.php\/wp-json\/wp\/v2\/comments?post=39019"}],"version-history":[{"count":1,"href":"https:\/\/centralmedia.rs\/index.php\/wp-json\/wp\/v2\/posts\/39019\/revisions"}],"predecessor-version":[{"id":39025,"href":"https:\/\/centralmedia.rs\/index.php\/wp-json\/wp\/v2\/posts\/39019\/revisions\/39025"}],"wp:featuredmedia":[{"embeddable":true,"href":"https:\/\/centralmedia.rs\/index.php\/wp-json\/wp\/v2\/media\/39020"}],"wp:attachment":[{"href":"https:\/\/centralmedia.rs\/index.php\/wp-json\/wp\/v2\/media?parent=39019"}],"wp:term":[{"taxonomy":"category","embeddable":true,"href":"https:\/\/centralmedia.rs\/index.php\/wp-json\/wp\/v2\/categories?post=39019"},{"taxonomy":"post_tag","embeddable":true,"href":"https:\/\/centralmedia.rs\/index.php\/wp-json\/wp\/v2\/tags?post=39019"}],"curies":[{"name":"wp","href":"https:\/\/api.w.org\/{rel}","templated":true}]}}