{"id":39026,"date":"2024-07-01T20:39:21","date_gmt":"2024-07-01T18:39:21","guid":{"rendered":"https:\/\/centralmedia.rs\/?p=39026"},"modified":"2024-07-01T20:39:21","modified_gmt":"2024-07-01T18:39:21","slug":"dodelom-nagrada-pojedincima-i-organizacijama-proslavljen-dan-opstine-cajetina","status":"publish","type":"post","link":"https:\/\/centralmedia.rs\/index.php\/2024\/07\/01\/dodelom-nagrada-pojedincima-i-organizacijama-proslavljen-dan-opstine-cajetina\/","title":{"rendered":"Dodelom nagrada pojedincima i organizacijama proslavljen Dan op\u0161tine \u010cajetina"},"content":{"rendered":"\n<p>Zadovoljni onim \u0161to je ostvareno, a okrenuti ka budu\u0107im projektima, uz nedavnu novu izbornu potvrdu na\u0161eg rada, mnogi razvojni projekti od op\u0161teg interesa za gra\u0111ane i posetioce na\u0161e op\u0161tine realizovani su nakon \u0161to je Skup\u0161tina op\u0161tine \u010cajetina usvojila planove, uslove i sredstva za njihovu realizaciju. Po tim ostvarenjima op\u0161tina \u010cajetina postala je prepoznatljiva u \u010ditavoj Srbiji i na tom putu istraja\u0107emo i u narednom periodu, rakao je predsednik Skup\u0161tine op\u0161tine \u010cajetina Arsen \u0110uri\u0107 otvaraju\u0107i sednicu povodom Dana op\u0161tine \u010cajetina, koji se slavi 30. juna u znak se\u0107anja na dan kada je \u010cajetina dobila status varo\u0161ice.<\/p>\n\n\n\n<figure class=\"wp-block-gallery has-nested-images columns-default is-cropped wp-block-gallery-1 is-layout-flex wp-block-gallery-is-layout-flex\">\n<figure class=\"wp-block-image size-large\"><img loading=\"lazy\" decoding=\"async\" width=\"400\" height=\"600\" data-id=\"39029\" src=\"https:\/\/centralmedia.rs\/wp-content\/uploads\/2024\/07\/ArsenDjuric.jpg\" alt=\"\" class=\"wp-image-39029\" srcset=\"https:\/\/centralmedia.rs\/wp-content\/uploads\/2024\/07\/ArsenDjuric.jpg 400w, https:\/\/centralmedia.rs\/wp-content\/uploads\/2024\/07\/ArsenDjuric-200x300.jpg 200w\" sizes=\"(max-width: 400px) 100vw, 400px\" \/><\/figure>\n\n\n\n<figure class=\"wp-block-image size-large\"><img loading=\"lazy\" decoding=\"async\" width=\"400\" height=\"600\" data-id=\"39028\" src=\"https:\/\/centralmedia.rs\/wp-content\/uploads\/2024\/07\/Bor2.jpg\" alt=\"\" class=\"wp-image-39028\" srcset=\"https:\/\/centralmedia.rs\/wp-content\/uploads\/2024\/07\/Bor2.jpg 400w, https:\/\/centralmedia.rs\/wp-content\/uploads\/2024\/07\/Bor2-200x300.jpg 200w\" sizes=\"(max-width: 400px) 100vw, 400px\" \/><\/figure>\n\n\n\n<figure class=\"wp-block-image size-large\"><img loading=\"lazy\" decoding=\"async\" width=\"400\" height=\"600\" data-id=\"39031\" src=\"https:\/\/centralmedia.rs\/wp-content\/uploads\/2024\/07\/CrkvaCajetina.jpg\" alt=\"\" class=\"wp-image-39031\" srcset=\"https:\/\/centralmedia.rs\/wp-content\/uploads\/2024\/07\/CrkvaCajetina.jpg 400w, https:\/\/centralmedia.rs\/wp-content\/uploads\/2024\/07\/CrkvaCajetina-200x300.jpg 200w\" sizes=\"(max-width: 400px) 100vw, 400px\" \/><\/figure>\n\n\n\n<figure class=\"wp-block-image size-large\"><img loading=\"lazy\" decoding=\"async\" width=\"700\" height=\"467\" data-id=\"39030\" src=\"https:\/\/centralmedia.rs\/wp-content\/uploads\/2024\/07\/Danopstine.jpg\" alt=\"\" class=\"wp-image-39030\" srcset=\"https:\/\/centralmedia.rs\/wp-content\/uploads\/2024\/07\/Danopstine.jpg 700w, https:\/\/centralmedia.rs\/wp-content\/uploads\/2024\/07\/Danopstine-300x200.jpg 300w, https:\/\/centralmedia.rs\/wp-content\/uploads\/2024\/07\/Danopstine-600x400.jpg 600w\" sizes=\"(max-width: 700px) 100vw, 700px\" \/><\/figure>\n<\/figure>\n\n\n\n<p>U prethodne \u010detiri godine, nastavio je \u0110uri\u0107, smo izgradili 194 kilometara puteva i ulica na teritoriji op\u0161tine \u010cajetina i rekonstruisali preko 30 kilometara puteva. Ura\u0111eno je vi\u0161e od 70 kilometara vodovodne i preko 15 kilometara kanalizacione mre\u017ee, a rekonstruisana je i dogra\u0161ena Sportska hala u \u010cajetini kao i sportska hala na Zlatiboru sa sme\u0161tajnim kapacitetima i solarnom elektranom od 500 kilovata. Velika sredstva ulo\u017eena su u Agrobiznis centar i u nabavku opreme ma\u0161inskog prstena za uslu\u017eno izdavanje poljoprivrednicima, za po\u010detak organske proizvodnje u mlekari Na\u0161a Zlatka. Izgra\u0161ena je nova zgrada komunalnog preduze\u0107a uz nabavku mehanizacije na kojoj nam mogu pozavideti vode\u0107e gra\u0111evinske firme u Srbiji.<\/p>\n\n\n\n<figure class=\"wp-block-gallery has-nested-images columns-default is-cropped wp-block-gallery-2 is-layout-flex wp-block-gallery-is-layout-flex\">\n<figure class=\"wp-block-image size-large\"><img loading=\"lazy\" decoding=\"async\" width=\"400\" height=\"533\" data-id=\"39032\" src=\"https:\/\/centralmedia.rs\/wp-content\/uploads\/2024\/07\/DuskoMilenkovic.jpg\" alt=\"\" class=\"wp-image-39032\" srcset=\"https:\/\/centralmedia.rs\/wp-content\/uploads\/2024\/07\/DuskoMilenkovic.jpg 400w, https:\/\/centralmedia.rs\/wp-content\/uploads\/2024\/07\/DuskoMilenkovic-225x300.jpg 225w\" sizes=\"(max-width: 400px) 100vw, 400px\" \/><\/figure>\n\n\n\n<figure class=\"wp-block-image size-large\"><img loading=\"lazy\" decoding=\"async\" width=\"400\" height=\"600\" data-id=\"39034\" src=\"https:\/\/centralmedia.rs\/wp-content\/uploads\/2024\/07\/Dzambasovic.jpg\" alt=\"\" class=\"wp-image-39034\" srcset=\"https:\/\/centralmedia.rs\/wp-content\/uploads\/2024\/07\/Dzambasovic.jpg 400w, https:\/\/centralmedia.rs\/wp-content\/uploads\/2024\/07\/Dzambasovic-200x300.jpg 200w\" sizes=\"(max-width: 400px) 100vw, 400px\" \/><\/figure>\n\n\n\n<figure class=\"wp-block-image size-large\"><img loading=\"lazy\" decoding=\"async\" width=\"400\" height=\"600\" data-id=\"39033\" src=\"https:\/\/centralmedia.rs\/wp-content\/uploads\/2024\/07\/NenaDjenic.jpg\" alt=\"\" class=\"wp-image-39033\" srcset=\"https:\/\/centralmedia.rs\/wp-content\/uploads\/2024\/07\/NenaDjenic.jpg 400w, https:\/\/centralmedia.rs\/wp-content\/uploads\/2024\/07\/NenaDjenic-200x300.jpg 200w\" sizes=\"(max-width: 400px) 100vw, 400px\" \/><\/figure>\n\n\n\n<figure class=\"wp-block-image size-large\"><img loading=\"lazy\" decoding=\"async\" width=\"400\" height=\"600\" data-id=\"39035\" src=\"https:\/\/centralmedia.rs\/wp-content\/uploads\/2024\/07\/Predsednik.jpg\" alt=\"\" class=\"wp-image-39035\" srcset=\"https:\/\/centralmedia.rs\/wp-content\/uploads\/2024\/07\/Predsednik.jpg 400w, https:\/\/centralmedia.rs\/wp-content\/uploads\/2024\/07\/Predsednik-200x300.jpg 200w\" sizes=\"(max-width: 400px) 100vw, 400px\" \/><\/figure>\n<\/figure>\n\n\n\n<p>Pred nama je realizacija projekata uz pomo\u0107 dr\u017eave od kojih je svakako najzna\u010dajniji projekat izgradnje gondole od Tornika do Pribojske Banje. Radi\u0107e se golf tereni kod Ribni\u010dkog jezera, dvadesetak fudbalskih terena na Zlatiboru i mnogi drugi projekti zna\u010dajni za razvoj turizma na na\u0161oj planini. Zavr\u0161i\u0107emo vodovod Su\u0161i\u010dka vrela, za \u010diju je trasu do Zlatibora nabavljeno preostalih osam kolometara cevi. Planiramo izgradnju pogona za preradu otpadnih voda u \u010cajetini, kao sli\u010dne manje pogone u Ma\u010dkatu, Sirogojnu, Vodicama, Smiljanskim zakosima i Gajevima, zaklju\u010dio je \u0110uri\u0107.<\/p>\n\n\n\n<figure class=\"wp-block-gallery has-nested-images columns-default is-cropped wp-block-gallery-3 is-layout-flex wp-block-gallery-is-layout-flex\">\n<figure class=\"wp-block-image size-large\"><img loading=\"lazy\" decoding=\"async\" width=\"400\" height=\"600\" data-id=\"39037\" src=\"https:\/\/centralmedia.rs\/wp-content\/uploads\/2024\/07\/SkolaMackat.jpg\" alt=\"\" class=\"wp-image-39037\" srcset=\"https:\/\/centralmedia.rs\/wp-content\/uploads\/2024\/07\/SkolaMackat.jpg 400w, https:\/\/centralmedia.rs\/wp-content\/uploads\/2024\/07\/SkolaMackat-200x300.jpg 200w\" sizes=\"(max-width: 400px) 100vw, 400px\" \/><\/figure>\n\n\n\n<figure class=\"wp-block-image size-large\"><img loading=\"lazy\" decoding=\"async\" width=\"400\" height=\"600\" data-id=\"39038\" src=\"https:\/\/centralmedia.rs\/wp-content\/uploads\/2024\/07\/Tokovic.jpg\" alt=\"\" class=\"wp-image-39038\" srcset=\"https:\/\/centralmedia.rs\/wp-content\/uploads\/2024\/07\/Tokovic.jpg 400w, https:\/\/centralmedia.rs\/wp-content\/uploads\/2024\/07\/Tokovic-200x300.jpg 200w\" sizes=\"(max-width: 400px) 100vw, 400px\" \/><\/figure>\n\n\n\n<figure class=\"wp-block-image size-large\"><img loading=\"lazy\" decoding=\"async\" width=\"400\" height=\"600\" data-id=\"39036\" src=\"https:\/\/centralmedia.rs\/wp-content\/uploads\/2024\/07\/Uciteljica.jpg\" alt=\"\" class=\"wp-image-39036\" srcset=\"https:\/\/centralmedia.rs\/wp-content\/uploads\/2024\/07\/Uciteljica.jpg 400w, https:\/\/centralmedia.rs\/wp-content\/uploads\/2024\/07\/Uciteljica-200x300.jpg 200w\" sizes=\"(max-width: 400px) 100vw, 400px\" \/><\/figure>\n\n\n\n<figure class=\"wp-block-image size-large\"><img loading=\"lazy\" decoding=\"async\" width=\"400\" height=\"600\" data-id=\"39039\" src=\"https:\/\/centralmedia.rs\/wp-content\/uploads\/2024\/07\/Udruzenjeveterana.jpg\" alt=\"\" class=\"wp-image-39039\" srcset=\"https:\/\/centralmedia.rs\/wp-content\/uploads\/2024\/07\/Udruzenjeveterana.jpg 400w, https:\/\/centralmedia.rs\/wp-content\/uploads\/2024\/07\/Udruzenjeveterana-200x300.jpg 200w\" sizes=\"(max-width: 400px) 100vw, 400px\" \/><\/figure>\n<\/figure>\n\n\n\n<p>Obra\u0107aju\u0107i se prisutnima, predsednik Op\u0161tina \u010cajetina Milan Stamatovi\u0107 je naveo da je \u201erazlog za\u0161to smo opet dobili poverenje gra\u0111ana op\u0161tine \u010cajetina nagrada za sve ono \u0161to smo do sada uradili. To je ogromna obaveza da sve moramo sve \u0161to smo zapo\u010deli i da privedemo kraju. Za to su nam potrebni mladi i stru\u010dni ljudi, odani, kvalitetni, jer op\u0161tina \u010cajetina se nalazi na prekretnici da odgovori svim zahtevima savremenog turiste i na\u0161ih gra\u0111ana koji \u017eivena teritoriji op\u0161tine \u010cajetina\u201c.<\/p>\n\n\n\n<p>U prethodnih 20 godina smo se trudili da razvijamo lokalnu infrastrukturu kako bismo uspe\u0161no mogli da do\u010dekamo ovaj broj gostiju. Pred nama su veliki poslovi i zadaci i nadam se da \u0107emo uz pomo\u0107 na\u0161e vlade i ministarstava realizovati ove najzna\u010dajnije projekte u predstoje\u0107em periodu, za koje smo kao lokalna samouprava pokazali da smo deo toga mogli i umeli i sami da uradimo. Pokazali smo da umemo i da time sti\u010demo pravo da zatra\u017eimo podr\u0161ku od nadle\u017enih ministarstava koju smo i dobili za izgradnju Omladinskog centra i Inovacionog biznis centra na Zlatiboru, dodao je Stamatovi\u0107.<\/p>\n\n\n\n<p>Na sve\u010danoij sednici povodom Dana op\u0161tine \u010cajetina dodeljene su nagrade zaslu\u017enim pojedincina i organizacijama. Zlatiborsku povelju dobili su hotel Bor sa Zlatibora i reditelj Emir Kusturica, dok su Plaketu Dimitrije Tucovi\u0107 dobili Crkvena op\u0161tina \u010cajetina, Du\u0161ko Milenkovi\u0107 iz Beograda, Milesa \u010cugurovi\u0107 iz Sirogojna, O\u0160 \u201eMilivoje Borovi\u0107\u201c iz Ma\u010dkata, Marko D\u017eambasovi\u0107 iz \u010cajetine, Drago\u0161 Tokovi\u0107 iz Jablanice i Udru\u017eenje veterana 53. grani\u010dnog bataljona. Pohvalnice&nbsp; su dobili&nbsp; svim svr\u0161eni u\u010denici osnovnih i srednje \u0161kole na teritoriji&nbsp; op\u0161tine&nbsp; \u010cajetina, kao i svr\u0161eni u\u010denici srednjih \u0161kola na teritoriji Republike, koji imaju prebivali\u0161te na teritoriji Op\u0161tine \u010cajetina, dobitnici diplome &#8221;Vuk Karad\u017ei\u0107&#8221;.<\/p>\n\n\n\n<p>Priznanje \u201eZoran Tmu\u0161i\u0107 \u2013 za ljudskost i humanost u te\u0161kim vremenima\u201c dobila je&nbsp; Bosa Rosi\u0107 iz Zlatibora, kojoj je pripala i nov\u010dana nagrada u iznosu od 30.000 dinara.<\/p>\n\n\n\n<p>&nbsp;Svim \u0111acima osnovnih i srednjih \u0161kola sa prebivali\u0161tem na teritoriji&nbsp; op\u0161tine \u010cajetina koji su osvojili jedno od prva tri mesta na nekom od republi\u010dkih takmi\u010denja, a kojih je u \u0161kolskoj 2023\/2024 godine bilo 22,&nbsp; pripala je nov\u010dana nagrada u&nbsp; iznosu od 30.000,00 dinara. Svim \u0111acima koji su u\u010destvovali na republi\u010dkim takmi\u010denjima, a nisu osvojili prva tri mesta, a kojih ima 13, pripala je nov\u010dana nagrada u iznosu od 15.000 dinara. U\u010denicima koji su progla\u0161eni za sportiste generacije, kojih je dvoje, pripala je nov\u010dana nagrada u iznosu od 30.000 dinara.<\/p>\n","protected":false},"excerpt":{"rendered":"<p>Zadovoljni onim \u0161to je ostvareno, a okrenuti ka budu\u0107im projektima, uz nedavnu novu izbornu potvrdu na\u0161eg rada, mnogi razvojni projekti od op\u0161teg interesa za gra\u0111ane &hellip; <\/p>\n","protected":false},"author":2,"featured_media":39027,"comment_status":"closed","ping_status":"open","sticky":false,"template":"","format":"standard","meta":{"footnotes":""},"categories":[2875,1524,2,13,12],"tags":[6530,6570],"_links":{"self":[{"href":"https:\/\/centralmedia.rs\/index.php\/wp-json\/wp\/v2\/posts\/39026"}],"collection":[{"href":"https:\/\/centralmedia.rs\/index.php\/wp-json\/wp\/v2\/posts"}],"about":[{"href":"https:\/\/centralmedia.rs\/index.php\/wp-json\/wp\/v2\/types\/post"}],"author":[{"embeddable":true,"href":"https:\/\/centralmedia.rs\/index.php\/wp-json\/wp\/v2\/users\/2"}],"replies":[{"embeddable":true,"href":"https:\/\/centralmedia.rs\/index.php\/wp-json\/wp\/v2\/comments?post=39026"}],"version-history":[{"count":1,"href":"https:\/\/centralmedia.rs\/index.php\/wp-json\/wp\/v2\/posts\/39026\/revisions"}],"predecessor-version":[{"id":39040,"href":"https:\/\/centralmedia.rs\/index.php\/wp-json\/wp\/v2\/posts\/39026\/revisions\/39040"}],"wp:featuredmedia":[{"embeddable":true,"href":"https:\/\/centralmedia.rs\/index.php\/wp-json\/wp\/v2\/media\/39027"}],"wp:attachment":[{"href":"https:\/\/centralmedia.rs\/index.php\/wp-json\/wp\/v2\/media?parent=39026"}],"wp:term":[{"taxonomy":"category","embeddable":true,"href":"https:\/\/centralmedia.rs\/index.php\/wp-json\/wp\/v2\/categories?post=39026"},{"taxonomy":"post_tag","embeddable":true,"href":"https:\/\/centralmedia.rs\/index.php\/wp-json\/wp\/v2\/tags?post=39026"}],"curies":[{"name":"wp","href":"https:\/\/api.w.org\/{rel}","templated":true}]}}