{"id":39047,"date":"2024-07-02T21:44:08","date_gmt":"2024-07-02T19:44:08","guid":{"rendered":"https:\/\/centralmedia.rs\/?p=39047"},"modified":"2024-07-02T21:46:09","modified_gmt":"2024-07-02T19:46:09","slug":"vendi-kraljica-gulasijade-u-despotovcu","status":"publish","type":"post","link":"https:\/\/centralmedia.rs\/index.php\/2024\/07\/02\/vendi-kraljica-gulasijade-u-despotovcu\/","title":{"rendered":"VENDI ,,KRALJICA\u201d GULA\u0160IJADE U DESPOTOVCU"},"content":{"rendered":"\n<p>Kraljica \u0160aba\u010dkog i ostalih srpskih va\u0161ara Vesna Vukeli\u0107 \u2013 Vendi, potvrdila je svoj renome na 3. Gula\u0161ijadi u Despotovcu, koji je organizovao&nbsp; na svom imanju Dejan Ljubisavljevi\u0107 -Kosta. Vendi nije kuvala gula\u0161, niti ocenjivala, &nbsp;ali je zato napravila \u0161ou u sebi svojstvenom stilu pod \u0161atorom. Letele su hiljadarke, ubrzo su u\u010desnici zaboravili na gula\u0161e i ostale kulinarske specijalitete i horski zapevali i zaigrali, prepu\u0161taju\u0107i sse se osmo\u010dasovnoj zabavi.<\/p>\n\n\n\n<figure class=\"wp-block-gallery has-nested-images columns-default is-cropped wp-block-gallery-1 is-layout-flex wp-block-gallery-is-layout-flex\">\n<figure class=\"wp-block-image size-large\"><img loading=\"lazy\" decoding=\"async\" width=\"575\" height=\"1024\" data-id=\"39052\" src=\"https:\/\/centralmedia.rs\/wp-content\/uploads\/2024\/07\/vendi2-575x1024.jpg\" alt=\"\" class=\"wp-image-39052\" srcset=\"https:\/\/centralmedia.rs\/wp-content\/uploads\/2024\/07\/vendi2-575x1024.jpg 575w, https:\/\/centralmedia.rs\/wp-content\/uploads\/2024\/07\/vendi2-168x300.jpg 168w, https:\/\/centralmedia.rs\/wp-content\/uploads\/2024\/07\/vendi2.jpg 720w\" sizes=\"(max-width: 575px) 100vw, 575px\" \/><\/figure>\n\n\n\n<figure class=\"wp-block-image size-large\"><img loading=\"lazy\" decoding=\"async\" width=\"579\" height=\"1024\" data-id=\"39051\" src=\"https:\/\/centralmedia.rs\/wp-content\/uploads\/2024\/07\/vendi5-579x1024.jpg\" alt=\"\" class=\"wp-image-39051\" srcset=\"https:\/\/centralmedia.rs\/wp-content\/uploads\/2024\/07\/vendi5-579x1024.jpg 579w, https:\/\/centralmedia.rs\/wp-content\/uploads\/2024\/07\/vendi5-170x300.jpg 170w, https:\/\/centralmedia.rs\/wp-content\/uploads\/2024\/07\/vendi5.jpg 720w\" sizes=\"(max-width: 579px) 100vw, 579px\" \/><\/figure>\n\n\n\n<figure class=\"wp-block-image size-large\"><img loading=\"lazy\" decoding=\"async\" width=\"576\" height=\"1024\" data-id=\"39056\" src=\"https:\/\/centralmedia.rs\/wp-content\/uploads\/2024\/07\/vendi6-576x1024.jpg\" alt=\"\" class=\"wp-image-39056\" srcset=\"https:\/\/centralmedia.rs\/wp-content\/uploads\/2024\/07\/vendi6-576x1024.jpg 576w, https:\/\/centralmedia.rs\/wp-content\/uploads\/2024\/07\/vendi6-169x300.jpg 169w, https:\/\/centralmedia.rs\/wp-content\/uploads\/2024\/07\/vendi6.jpg 720w\" sizes=\"(max-width: 576px) 100vw, 576px\" \/><\/figure>\n\n\n\n<figure class=\"wp-block-image size-large\"><img loading=\"lazy\" decoding=\"async\" width=\"577\" height=\"1024\" data-id=\"39054\" src=\"https:\/\/centralmedia.rs\/wp-content\/uploads\/2024\/07\/vendi7-577x1024.jpg\" alt=\"\" class=\"wp-image-39054\" srcset=\"https:\/\/centralmedia.rs\/wp-content\/uploads\/2024\/07\/vendi7-577x1024.jpg 577w, https:\/\/centralmedia.rs\/wp-content\/uploads\/2024\/07\/vendi7-169x300.jpg 169w, https:\/\/centralmedia.rs\/wp-content\/uploads\/2024\/07\/vendi7.jpg 720w\" sizes=\"(max-width: 577px) 100vw, 577px\" \/><\/figure>\n\n\n\n<figure class=\"wp-block-image size-large\"><img loading=\"lazy\" decoding=\"async\" width=\"576\" height=\"1024\" data-id=\"39053\" src=\"https:\/\/centralmedia.rs\/wp-content\/uploads\/2024\/07\/vendi8-576x1024.jpg\" alt=\"\" class=\"wp-image-39053\" srcset=\"https:\/\/centralmedia.rs\/wp-content\/uploads\/2024\/07\/vendi8-576x1024.jpg 576w, https:\/\/centralmedia.rs\/wp-content\/uploads\/2024\/07\/vendi8-169x300.jpg 169w, https:\/\/centralmedia.rs\/wp-content\/uploads\/2024\/07\/vendi8.jpg 720w\" sizes=\"(max-width: 576px) 100vw, 576px\" \/><\/figure>\n\n\n\n<figure class=\"wp-block-image size-large\"><img loading=\"lazy\" decoding=\"async\" width=\"575\" height=\"1024\" data-id=\"39055\" src=\"https:\/\/centralmedia.rs\/wp-content\/uploads\/2024\/07\/vendi9-1-575x1024.jpg\" alt=\"\" class=\"wp-image-39055\" srcset=\"https:\/\/centralmedia.rs\/wp-content\/uploads\/2024\/07\/vendi9-1-575x1024.jpg 575w, https:\/\/centralmedia.rs\/wp-content\/uploads\/2024\/07\/vendi9-1-168x300.jpg 168w, https:\/\/centralmedia.rs\/wp-content\/uploads\/2024\/07\/vendi9-1.jpg 720w\" sizes=\"(max-width: 575px) 100vw, 575px\" \/><\/figure>\n\n\n\n<figure class=\"wp-block-image size-large\"><img loading=\"lazy\" decoding=\"async\" width=\"576\" height=\"1024\" data-id=\"39058\" src=\"https:\/\/centralmedia.rs\/wp-content\/uploads\/2024\/07\/vendi10-576x1024.jpg\" alt=\"\" class=\"wp-image-39058\" srcset=\"https:\/\/centralmedia.rs\/wp-content\/uploads\/2024\/07\/vendi10-576x1024.jpg 576w, https:\/\/centralmedia.rs\/wp-content\/uploads\/2024\/07\/vendi10-169x300.jpg 169w, https:\/\/centralmedia.rs\/wp-content\/uploads\/2024\/07\/vendi10.jpg 720w\" sizes=\"(max-width: 576px) 100vw, 576px\" \/><\/figure>\n\n\n\n<figure class=\"wp-block-image size-large\"><img loading=\"lazy\" decoding=\"async\" width=\"580\" height=\"1024\" data-id=\"39057\" src=\"https:\/\/centralmedia.rs\/wp-content\/uploads\/2024\/07\/vendi11-580x1024.jpg\" alt=\"\" class=\"wp-image-39057\" srcset=\"https:\/\/centralmedia.rs\/wp-content\/uploads\/2024\/07\/vendi11-580x1024.jpg 580w, https:\/\/centralmedia.rs\/wp-content\/uploads\/2024\/07\/vendi11-170x300.jpg 170w, https:\/\/centralmedia.rs\/wp-content\/uploads\/2024\/07\/vendi11.jpg 720w\" sizes=\"(max-width: 580px) 100vw, 580px\" \/><\/figure>\n\n\n\n<figure class=\"wp-block-image size-large\"><img loading=\"lazy\" decoding=\"async\" width=\"578\" height=\"1024\" data-id=\"39059\" src=\"https:\/\/centralmedia.rs\/wp-content\/uploads\/2024\/07\/vendi12-578x1024.jpg\" alt=\"\" class=\"wp-image-39059\" srcset=\"https:\/\/centralmedia.rs\/wp-content\/uploads\/2024\/07\/vendi12-578x1024.jpg 578w, https:\/\/centralmedia.rs\/wp-content\/uploads\/2024\/07\/vendi12-169x300.jpg 169w, https:\/\/centralmedia.rs\/wp-content\/uploads\/2024\/07\/vendi12.jpg 720w\" sizes=\"(max-width: 578px) 100vw, 578px\" \/><\/figure>\n<\/figure>\n\n\n\n<p>-Takmi\u010dilo se 12 ekipa,a &nbsp;gula\u0161i su bili od raznih vrsta mesa,svinjsko,june\u0107e,od mangulice,ov\u010dijeg, &nbsp;srnetine, jelena,divlje svinje,razne vrste planinica,kao i velikog izbora povr\u0107a i raznih pe\u010duraka,s u\u0161enih vrganja i tartufa,ali i sve\u017eih bukova\u010da i \u0161ampinjona.Po\u0161to su gula\u0161i bili pod \u0161iframa pobedili su najbolji. &nbsp;Prvo mesto pripalo je ekipi iz Sombora,drugo mesto je ekipa iz Subotice i tre\u0107e iz Vranja. Za sve u\u010desnike &nbsp;obezbe\u0111ene su medalje, a najboljima pehar, rekao je predsednik \u017eirija Dejan Novakovi\u0107, koje su uru\u010dene medalja i pehar. &nbsp;<\/p>\n\n\n\n<figure class=\"wp-block-gallery has-nested-images columns-default is-cropped wp-block-gallery-2 is-layout-flex wp-block-gallery-is-layout-flex\">\n<figure class=\"wp-block-image size-large\"><img loading=\"lazy\" decoding=\"async\" width=\"1024\" height=\"768\" data-id=\"39060\" src=\"https:\/\/centralmedia.rs\/wp-content\/uploads\/2024\/07\/deki-1024x768.jpg\" alt=\"\" class=\"wp-image-39060\" srcset=\"https:\/\/centralmedia.rs\/wp-content\/uploads\/2024\/07\/deki-1024x768.jpg 1024w, https:\/\/centralmedia.rs\/wp-content\/uploads\/2024\/07\/deki-300x225.jpg 300w, https:\/\/centralmedia.rs\/wp-content\/uploads\/2024\/07\/deki-768x576.jpg 768w, https:\/\/centralmedia.rs\/wp-content\/uploads\/2024\/07\/deki-1536x1152.jpg 1536w, https:\/\/centralmedia.rs\/wp-content\/uploads\/2024\/07\/deki.jpg 1600w\" sizes=\"(max-width: 1024px) 100vw, 1024px\" \/><\/figure>\n\n\n\n<figure class=\"wp-block-image size-large\"><img loading=\"lazy\" decoding=\"async\" width=\"1024\" height=\"1024\" data-id=\"39062\" src=\"https:\/\/centralmedia.rs\/wp-content\/uploads\/2024\/07\/gulasijada1-1024x1024.jpg\" alt=\"\" class=\"wp-image-39062\" srcset=\"https:\/\/centralmedia.rs\/wp-content\/uploads\/2024\/07\/gulasijada1-1024x1024.jpg 1024w, https:\/\/centralmedia.rs\/wp-content\/uploads\/2024\/07\/gulasijada1-300x300.jpg 300w, https:\/\/centralmedia.rs\/wp-content\/uploads\/2024\/07\/gulasijada1-150x150.jpg 150w, https:\/\/centralmedia.rs\/wp-content\/uploads\/2024\/07\/gulasijada1-768x768.jpg 768w, https:\/\/centralmedia.rs\/wp-content\/uploads\/2024\/07\/gulasijada1-1536x1536.jpg 1536w, https:\/\/centralmedia.rs\/wp-content\/uploads\/2024\/07\/gulasijada1.jpg 1600w\" sizes=\"(max-width: 1024px) 100vw, 1024px\" \/><\/figure>\n\n\n\n<figure class=\"wp-block-image size-large\"><img loading=\"lazy\" decoding=\"async\" width=\"1024\" height=\"768\" data-id=\"39061\" src=\"https:\/\/centralmedia.rs\/wp-content\/uploads\/2024\/07\/medalje-1024x768.jpg\" alt=\"\" class=\"wp-image-39061\" srcset=\"https:\/\/centralmedia.rs\/wp-content\/uploads\/2024\/07\/medalje-1024x768.jpg 1024w, https:\/\/centralmedia.rs\/wp-content\/uploads\/2024\/07\/medalje-300x225.jpg 300w, https:\/\/centralmedia.rs\/wp-content\/uploads\/2024\/07\/medalje-768x576.jpg 768w, https:\/\/centralmedia.rs\/wp-content\/uploads\/2024\/07\/medalje-1536x1152.jpg 1536w, https:\/\/centralmedia.rs\/wp-content\/uploads\/2024\/07\/medalje.jpg 1600w\" sizes=\"(max-width: 1024px) 100vw, 1024px\" \/><\/figure>\n\n\n\n<figure class=\"wp-block-image size-large\"><img loading=\"lazy\" decoding=\"async\" width=\"768\" height=\"1024\" data-id=\"39063\" src=\"https:\/\/centralmedia.rs\/wp-content\/uploads\/2024\/07\/pehari-768x1024.jpg\" alt=\"\" class=\"wp-image-39063\" srcset=\"https:\/\/centralmedia.rs\/wp-content\/uploads\/2024\/07\/pehari-768x1024.jpg 768w, https:\/\/centralmedia.rs\/wp-content\/uploads\/2024\/07\/pehari-225x300.jpg 225w, https:\/\/centralmedia.rs\/wp-content\/uploads\/2024\/07\/pehari-1152x1536.jpg 1152w, https:\/\/centralmedia.rs\/wp-content\/uploads\/2024\/07\/pehari.jpg 1200w\" sizes=\"(max-width: 768px) 100vw, 768px\" \/><\/figure>\n<\/figure>\n\n\n\n<p>Svaka ekipa dobila je po nagradu. U\u010desnici su se takmi\u010dili u nadvla\u010denju konopca i ispijanje piva iz krigli, svi &nbsp;su nagra\u0111eni medaljama<\/p>\n","protected":false},"excerpt":{"rendered":"<p>Kraljica \u0160aba\u010dkog i ostalih srpskih va\u0161ara Vesna Vukeli\u0107 \u2013 Vendi, potvrdila je svoj renome na 3. Gula\u0161ijadi u Despotovcu, koji je organizovao&nbsp; na svom imanju &hellip; <\/p>\n","protected":false},"author":2,"featured_media":39050,"comment_status":"closed","ping_status":"open","sticky":false,"template":"","format":"standard","meta":{"footnotes":""},"categories":[1524,1514,23,3055],"tags":[51,6588,6589],"_links":{"self":[{"href":"https:\/\/centralmedia.rs\/index.php\/wp-json\/wp\/v2\/posts\/39047"}],"collection":[{"href":"https:\/\/centralmedia.rs\/index.php\/wp-json\/wp\/v2\/posts"}],"about":[{"href":"https:\/\/centralmedia.rs\/index.php\/wp-json\/wp\/v2\/types\/post"}],"author":[{"embeddable":true,"href":"https:\/\/centralmedia.rs\/index.php\/wp-json\/wp\/v2\/users\/2"}],"replies":[{"embeddable":true,"href":"https:\/\/centralmedia.rs\/index.php\/wp-json\/wp\/v2\/comments?post=39047"}],"version-history":[{"count":2,"href":"https:\/\/centralmedia.rs\/index.php\/wp-json\/wp\/v2\/posts\/39047\/revisions"}],"predecessor-version":[{"id":39064,"href":"https:\/\/centralmedia.rs\/index.php\/wp-json\/wp\/v2\/posts\/39047\/revisions\/39064"}],"wp:featuredmedia":[{"embeddable":true,"href":"https:\/\/centralmedia.rs\/index.php\/wp-json\/wp\/v2\/media\/39050"}],"wp:attachment":[{"href":"https:\/\/centralmedia.rs\/index.php\/wp-json\/wp\/v2\/media?parent=39047"}],"wp:term":[{"taxonomy":"category","embeddable":true,"href":"https:\/\/centralmedia.rs\/index.php\/wp-json\/wp\/v2\/categories?post=39047"},{"taxonomy":"post_tag","embeddable":true,"href":"https:\/\/centralmedia.rs\/index.php\/wp-json\/wp\/v2\/tags?post=39047"}],"curies":[{"name":"wp","href":"https:\/\/api.w.org\/{rel}","templated":true}]}}