{"id":3907,"date":"2016-07-24T14:26:52","date_gmt":"2016-07-24T14:26:52","guid":{"rendered":"http:\/\/centralmedia.rs\/?p=3907"},"modified":"2016-07-24T14:26:52","modified_gmt":"2016-07-24T14:26:52","slug":"jagodinka-olimpijska-sampionka-po-ocu","status":"publish","type":"post","link":"https:\/\/centralmedia.rs\/index.php\/2016\/07\/24\/jagodinka-olimpijska-sampionka-po-ocu\/","title":{"rendered":"JAGODINKA I OLIMPIJSKA \u0160AMPIONKA PO OCU"},"content":{"rendered":"<p>IVANA MAKSIMOVI\u0106 NOSI\u0106E ZASTAVU SRBIJE U RIJU<br \/>\nJAGODINA-Jagodina ima svog olimpijskog \u0161ampiona Gorana Maksimovi\u0107a, a njegova \u0107erka Ivana nosi\u0107e zastavu Srbije na Olipijadi u Riju i najve\u0107i je favorit za olimpijsko zlato. Jedini Pomoravac i Jagodinac koji je osvojio olimpijsku medalju i to zlatnu je Goran Maksimovi\u0107. Na Olimpijadi u Seulu 1988 godine on je ,,upucao\u201d zlatnu medalju u disciplini vazdu\u0161na pu\u0161ka na 10 metra. Prire\u0111en mu je do\u010dek u centru Jagodine, srednjo\u0161kolci su navijali ,,Gorane, Gorane&#8230;\u201d, zahvaljuju\u0107i mu \u0161to su gubili neki \u010das u njegovu \u010dast  i toliko od rodnog grada, jer je tada zbog studija u Beogradu nastupao za Partizan. To olimpijsko zlato je nekako palo u zaborav, ali \u010detvrt veka posle, na Olimpijadi u Londonu 2012. godine njegova \u0107erka Ivana osvojila je srebrnu medalju. Goran je selektor najtrofejnije reprezentacije. Pre\u0107utali smo, propustili smo  i tu priliku da Maksimovi\u0107ima odamo priznanje, bar verbalno, to je ljudski. <div id='gallery-1' class='gallery galleryid-3907 gallery-columns-3 gallery-size-large'><figure class='gallery-item'>\n\t\t\t<div class='gallery-icon portrait'>\n\t\t\t\t<a href='https:\/\/centralmedia.rs\/index.php\/2016\/07\/24\/jagodinka-olimpijska-sampionka-po-ocu\/ivana-maksimovic-3\/'><img loading=\"lazy\" decoding=\"async\" width=\"654\" height=\"900\" src=\"https:\/\/centralmedia.rs\/wp-content\/uploads\/2016\/07\/ivana-maksimovic-3.jpg\" class=\"attachment-large size-large\" alt=\"\" srcset=\"https:\/\/centralmedia.rs\/wp-content\/uploads\/2016\/07\/ivana-maksimovic-3.jpg 654w, https:\/\/centralmedia.rs\/wp-content\/uploads\/2016\/07\/ivana-maksimovic-3-218x300.jpg 218w\" sizes=\"(max-width: 654px) 100vw, 654px\" \/><\/a>\n\t\t\t<\/div><\/figure><figure class='gallery-item'>\n\t\t\t<div class='gallery-icon portrait'>\n\t\t\t\t<a href='https:\/\/centralmedia.rs\/index.php\/2016\/07\/24\/jagodinka-olimpijska-sampionka-po-ocu\/ivana-sa-roditeljima-goranom-i-miribanom\/'><img loading=\"lazy\" decoding=\"async\" width=\"715\" height=\"960\" src=\"https:\/\/centralmedia.rs\/wp-content\/uploads\/2016\/07\/ivana-sa-roditeljima-goranom-i-miribanom.jpg\" class=\"attachment-large size-large\" alt=\"\" srcset=\"https:\/\/centralmedia.rs\/wp-content\/uploads\/2016\/07\/ivana-sa-roditeljima-goranom-i-miribanom.jpg 715w, https:\/\/centralmedia.rs\/wp-content\/uploads\/2016\/07\/ivana-sa-roditeljima-goranom-i-miribanom-223x300.jpg 223w\" sizes=\"(max-width: 715px) 100vw, 715px\" \/><\/a>\n\t\t\t<\/div><\/figure><figure class='gallery-item'>\n\t\t\t<div class='gallery-icon portrait'>\n\t\t\t\t<a href='https:\/\/centralmedia.rs\/index.php\/2016\/07\/24\/jagodinka-olimpijska-sampionka-po-ocu\/ivana-maksimovic-4\/'><img loading=\"lazy\" decoding=\"async\" width=\"600\" height=\"900\" src=\"https:\/\/centralmedia.rs\/wp-content\/uploads\/2016\/07\/ivana-maksimovic-4.jpg\" class=\"attachment-large size-large\" alt=\"\" srcset=\"https:\/\/centralmedia.rs\/wp-content\/uploads\/2016\/07\/ivana-maksimovic-4.jpg 600w, https:\/\/centralmedia.rs\/wp-content\/uploads\/2016\/07\/ivana-maksimovic-4-200x300.jpg 200w\" sizes=\"(max-width: 600px) 100vw, 600px\" \/><\/a>\n\t\t\t<\/div><\/figure>\n\t\t<\/div>\n<br \/>\n \t-Vi\u0161e sam se radovao Ivaninoj olimpijskoj medalji u Londonu, nego svojoj u Seulu. Neverovatan ose\u0107aj, pri\u010dao je Goran novinarima posle Londona.<br \/>\nOlimpijski komitet Srbije je pre nekoliko dana doneo odluku da Ivana ponese zastavu Srbije na defileu svih u\u010desnika najve\u0107eg planetarnog sportskog doga\u0111aja Olimpijadi u Riju. Opet ta ti\u0161ina, kao da se doga\u0111a nekom  drugom, a ne nama. Verujem da \u0107e pravi i iskreni Jagodinci i Pomoravci navijati iz sveg srca i glasa za Ivanu u Riju. Do zlata!!!<br \/>\nTekst  iz Blic<br \/>\nNa\u0161a barjaktarka Ivana Maksimovi\u0107 An\u0111u\u0161i\u0107 spremna je da upuca medalju na Olimpijskim igrama i veruje da \u0107e pogoditi centar uz podr\u0161ku supruga Danila.<br \/>\nIvana je jutros otputovala u Francusku na zavr\u0161ne pripreme za Rio, a pre toga se prilikom gostovanja \u201eBlicu\u201c podsetila trenutka kada je saznala da \u0107e biti barjaktar na Olimpijskim igrama.<br \/>\n&#8211; Va\u0161a koleginica mi je prva javila a ja sam je nekoliko minuta ube\u0111ivala da to nije jo\u0161 zvani\u010dno. Kada sam se uverila da je istina, izgovorila sam to naglas i Danilo je po\u010deo da ska\u010de oko mene od sre\u0107e. Dobila sam mnogo \u010destitki, od porodice, prijatelja i ostalih sportista. Svi su bili sre\u0107ni zbog mene &#8211; rekla je Ivana.<div id='gallery-2' class='gallery galleryid-3907 gallery-columns-2 gallery-size-full'><figure class='gallery-item'>\n\t\t\t<div class='gallery-icon landscape'>\n\t\t\t\t<a href='https:\/\/centralmedia.rs\/index.php\/2016\/07\/24\/jagodinka-olimpijska-sampionka-po-ocu\/ivana-maksimovic-1\/'><img loading=\"lazy\" decoding=\"async\" width=\"470\" height=\"313\" src=\"https:\/\/centralmedia.rs\/wp-content\/uploads\/2016\/07\/ivana-maksimovic-1.jpg\" class=\"attachment-full size-full\" alt=\"\" srcset=\"https:\/\/centralmedia.rs\/wp-content\/uploads\/2016\/07\/ivana-maksimovic-1.jpg 470w, https:\/\/centralmedia.rs\/wp-content\/uploads\/2016\/07\/ivana-maksimovic-1-300x200.jpg 300w\" sizes=\"(max-width: 470px) 100vw, 470px\" \/><\/a>\n\t\t\t<\/div><\/figure><figure class='gallery-item'>\n\t\t\t<div class='gallery-icon landscape'>\n\t\t\t\t<a href='https:\/\/centralmedia.rs\/index.php\/2016\/07\/24\/jagodinka-olimpijska-sampionka-po-ocu\/ivana-maksimovic-2\/'><img loading=\"lazy\" decoding=\"async\" width=\"470\" height=\"313\" src=\"https:\/\/centralmedia.rs\/wp-content\/uploads\/2016\/07\/ivana-maksimovic-2.jpg\" class=\"attachment-full size-full\" alt=\"\" srcset=\"https:\/\/centralmedia.rs\/wp-content\/uploads\/2016\/07\/ivana-maksimovic-2.jpg 470w, https:\/\/centralmedia.rs\/wp-content\/uploads\/2016\/07\/ivana-maksimovic-2-300x200.jpg 300w\" sizes=\"(max-width: 470px) 100vw, 470px\" \/><\/a>\n\t\t\t<\/div><\/figure>\n\t\t<\/div>\n<br \/>\nNa\u0161a strelja\u010dica je veliku \u010dast dobila posle odluke Novaka \u0110okovi\u0107a da ne nosi po drugi put zastavu na otvaranju. Prethodno je bio barjaktar u Londonu 2012. godine.<br \/>\n&#8211; Verovatno bih isto postupila kao Novak. Takva \u0161ansa se uka\u017ee jednom, neki je \u010dak i ne dobiju. Moj otac je bio olimpijski \u0161ampion, a nije nosio zastavu na otvaranju.<br \/>\nNovakov potez je d\u017eentlmenski, kojim mi je ukazao privilegiju i hvala mu na tome. Kada se uka\u017ee takva prilika, treba da je zgrabi\u0161, kao \u0161to sam i ja uradila. \u017delim da svi dostojanstveno i ponosno izmar\u0161iramo, kako to nama i dolikuje.<br \/>\nNju \u0107e na Olimpijskim igrama iz prvih redova bodriti suprug Danilo An\u0111u\u0161i\u0107.<br \/>\n&#8211; Svaki put kada me je Danilo gledao, osvojila sam zlatnu medalju i verujem da \u0107e i ovoga puta biti tako. On nije imao sre\u0107e da bude sa svojim timom u Riju, tako da smo se organizovali da krene sa mnom. Bi\u0107e mi najve\u0107a podr\u0161ka i jedva \u010dekam da ga vidim u publici.<br \/>\nIvana je pre \u010detiri godine u Londonu osvojila srebro, sada veruje da mo\u017ee da napravi korak dalje.<br \/>\n&#8211; Kod ku\u0107e imamo tatino olimpijsko zlato, pa nije u redu da ga i ja ne donesem iz Rija. Ne bih da budem nezahvalna i da ka\u017eem da samo zlatna medalja dolazi u obzir, ali bih ovoga puta volela da je osvojim. Takmi\u010dim se u dve discipline i imam dobre \u0161anse da uzmem dva odli\u010dja. Volela bih da bar jedno bude najsjanije, ali ne\u0107u biti razo\u010darana \u010dak i ako se to ne desi.<br \/>\nMaksimovi\u0107eva \u0107e, zavisno od obaveza, poku\u0161ati da isprati igre na\u0161ih sportista.<br \/>\n&#8211; Fokusirana sam na takmi\u010denja, ali \u0107u poku\u0161ati da pogledam neki me\u010d ko\u0161arka\u0161ica. Volela bih i da prisustvujem nekoj utakmici ko\u0161arka\u0161a SAD, ali ne verujem da \u0107u imati vremena.<br \/>\nOna \u0107e u Rio doputovati 1. avgusta, a takmi\u010denja je o\u010dekuju 6. i 11. avgusta.<div id='gallery-3' class='gallery galleryid-3907 gallery-columns-2 gallery-size-large'><figure class='gallery-item'>\n\t\t\t<div class='gallery-icon landscape'>\n\t\t\t\t<a href='https:\/\/centralmedia.rs\/index.php\/2016\/07\/24\/jagodinka-olimpijska-sampionka-po-ocu\/ivana-sa-ocem-goranom\/'><img loading=\"lazy\" decoding=\"async\" width=\"760\" height=\"507\" src=\"https:\/\/centralmedia.rs\/wp-content\/uploads\/2016\/07\/ivana-sa-ocem-goranom-1024x683.jpg\" class=\"attachment-large size-large\" alt=\"\" srcset=\"https:\/\/centralmedia.rs\/wp-content\/uploads\/2016\/07\/ivana-sa-ocem-goranom.jpg 1024w, https:\/\/centralmedia.rs\/wp-content\/uploads\/2016\/07\/ivana-sa-ocem-goranom-300x200.jpg 300w, https:\/\/centralmedia.rs\/wp-content\/uploads\/2016\/07\/ivana-sa-ocem-goranom-768x512.jpg 768w\" sizes=\"(max-width: 760px) 100vw, 760px\" \/><\/a>\n\t\t\t<\/div><\/figure><figure class='gallery-item'>\n\t\t\t<div class='gallery-icon landscape'>\n\t\t\t\t<a href='https:\/\/centralmedia.rs\/index.php\/2016\/07\/24\/jagodinka-olimpijska-sampionka-po-ocu\/ivana-sa-majkom-i-ocem\/'><img loading=\"lazy\" decoding=\"async\" width=\"760\" height=\"599\" src=\"https:\/\/centralmedia.rs\/wp-content\/uploads\/2016\/07\/ivana-sa-majkom-i-ocem.jpg\" class=\"attachment-large size-large\" alt=\"\" srcset=\"https:\/\/centralmedia.rs\/wp-content\/uploads\/2016\/07\/ivana-sa-majkom-i-ocem.jpg 975w, https:\/\/centralmedia.rs\/wp-content\/uploads\/2016\/07\/ivana-sa-majkom-i-ocem-300x236.jpg 300w, https:\/\/centralmedia.rs\/wp-content\/uploads\/2016\/07\/ivana-sa-majkom-i-ocem-768x605.jpg 768w\" sizes=\"(max-width: 760px) 100vw, 760px\" \/><\/a>\n\t\t\t<\/div><\/figure>\n\t\t<\/div>\n<br \/>\nJAGODINSKI SNAJPER<br \/>\nTekst iz Sportskih se\u0107anja<br \/>\nGoran Maksimovi\u0107 je u karijeri bio olimpijski \u0161ampion u Seulu 1988. godine, svetski rekorder 1990. godine, osvaja\u010d medalja sa svetskih i evropskih \u0161ampionata, vlasnik je tri kristalna globusa sa finala svetskog kupa, kao i osvaja\u010d 18 medalja (5 \u2013 5 \u2013 8) u svetskom kupu. Jedan je od najboljih strelaca, a verovatno i sportista biv\u0161e Jugoslavije svih vremena, legendarni jagodinski snajper Goran Maksimovi\u0107.<br \/>\nGoran Maksimovi\u0107 je legendarni jugoslovenski strelac i osvaja\u010d prve zlatne olimpijske medalje u strelja\u0161tvu za Jugoslaviju. Strelja\u0161tvom je po\u010deo da se bavi 1975. godine, kada je tada dvanaestogodi\u0161njeg Gorana Maksimovi\u0107a brat od tetke odveo na prvi trening u strelja\u010dki klub \u201cKablovi\u201d iz tada\u0161njeg Svetozareva. U po\u010detku je u strelja\u0161tvu bio samo zbog dru\u017eenja i \u010destih putovanja na takmi\u010denje, ali su ubrzo do\u0161li i dobro rezultati zbog kojih se Goran odlu\u010dio da mu strelja\u0161tvo bude \u017eivotni poziv.<br \/>\nPrvu medalju Maksimovi\u0107 je osvojio kao junior na \u0161ampionatu Jugoslavije 1978. godine u Sarajevu (MK pu\u0161ka 60 metaka le\u017ee\u0107i, zlato), a poslednju 2000. godine na prvenstvu Srbije i Crne Gore u Novom Sadu. Prvu me\u0111unarodnu medalju osvojio je 1981. godine na Evropskom prvenstvu u Rimu (bronza, MK pu\u0161ka, 60 metaka le\u017ee\u0107i). Posle nekoliko ne ba\u0161 uspe\u0161nih godina, pred Olimpijske igre u Seulu 1988. godine prelazi iz Kablova u Partizan, \u0161to \u0107e se ispostaviti kao odli\u010dan potez za njegovu karijeru. Zablistao je u Seulu, u disciplini 10 metara vazdu\u0161na pu\u0161ka osvojio zlatnu medalju, uz postavljen novi olimpijski rekord. Ta zlatna medalja donela mu je veliku popularnost u Jugoslaviji, a na kraju godine i izbor za sportistu godine. Te godine je i izabran za najboljeg strelca u svetu. Usledila je godinu dana kasnije i titula prvaka Evrope u Zagrebu, ovog puta malokalibarskom pu\u0161kom. U Bolonji dve godine kasnije je ponovo osvojio titulu prvaka Evrope, da bi na Olimpijskim igrama u Barseloni 1992. godine zauzeo peto mesto. Iste godine u Budimpe\u0161ti je svojoj kolekciji medalja pridodao jo\u0161 jednu titulu sa prvenstava Evrope. Usledile su godine slabijih rezultata, da bi ponovo bio sjajan na Olimpijskim igrama u Atlanti 1996. godine, ali je do\u0161ao do \u201csamo\u201d \u010detvrtog mesta u trostavu. Bronzana medalja mu je izmakla za manje od jednog kruga. Do kraja karijere nije zabele\u017eio ve\u0107e rezultate na me\u0111unarodnim takmi\u010denjima.<\/p>\n","protected":false},"excerpt":{"rendered":"<p>IVANA MAKSIMOVI\u0106 NOSI\u0106E ZASTAVU SRBIJE U RIJU JAGODINA-Jagodina ima svog olimpijskog \u0161ampiona Gorana Maksimovi\u0107a, a njegova \u0107erka Ivana nosi\u0107e zastavu Srbije na Olipijadi u Riju &hellip; <\/p>\n","protected":false},"author":4,"featured_media":3908,"comment_status":"open","ping_status":"open","sticky":false,"template":"","format":"standard","meta":{"footnotes":""},"categories":[2,21],"tags":[1023,1024,1025,1027,1026],"_links":{"self":[{"href":"https:\/\/centralmedia.rs\/index.php\/wp-json\/wp\/v2\/posts\/3907"}],"collection":[{"href":"https:\/\/centralmedia.rs\/index.php\/wp-json\/wp\/v2\/posts"}],"about":[{"href":"https:\/\/centralmedia.rs\/index.php\/wp-json\/wp\/v2\/types\/post"}],"author":[{"embeddable":true,"href":"https:\/\/centralmedia.rs\/index.php\/wp-json\/wp\/v2\/users\/4"}],"replies":[{"embeddable":true,"href":"https:\/\/centralmedia.rs\/index.php\/wp-json\/wp\/v2\/comments?post=3907"}],"version-history":[{"count":0,"href":"https:\/\/centralmedia.rs\/index.php\/wp-json\/wp\/v2\/posts\/3907\/revisions"}],"wp:featuredmedia":[{"embeddable":true,"href":"https:\/\/centralmedia.rs\/index.php\/wp-json\/wp\/v2\/media\/3908"}],"wp:attachment":[{"href":"https:\/\/centralmedia.rs\/index.php\/wp-json\/wp\/v2\/media?parent=3907"}],"wp:term":[{"taxonomy":"category","embeddable":true,"href":"https:\/\/centralmedia.rs\/index.php\/wp-json\/wp\/v2\/categories?post=3907"},{"taxonomy":"post_tag","embeddable":true,"href":"https:\/\/centralmedia.rs\/index.php\/wp-json\/wp\/v2\/tags?post=3907"}],"curies":[{"name":"wp","href":"https:\/\/api.w.org\/{rel}","templated":true}]}}