{"id":39071,"date":"2024-07-05T10:45:23","date_gmt":"2024-07-05T08:45:23","guid":{"rendered":"https:\/\/centralmedia.rs\/?p=39071"},"modified":"2024-07-05T10:45:23","modified_gmt":"2024-07-05T08:45:23","slug":"kulturno-zabavno-leto-u-svilajncu-4","status":"publish","type":"post","link":"https:\/\/centralmedia.rs\/index.php\/2024\/07\/05\/kulturno-zabavno-leto-u-svilajncu-4\/","title":{"rendered":"KULTURNO-ZABAVNO LETO U SVILAJNCU"},"content":{"rendered":"\n<p>Bogat program Kulturno-zabavnog leta u Svilajcu je spreman.<\/p>\n\n\n\n<figure class=\"wp-block-gallery has-nested-images columns-default is-cropped wp-block-gallery-1 is-layout-flex wp-block-gallery-is-layout-flex\">\n<figure class=\"wp-block-image size-large\"><img loading=\"lazy\" decoding=\"async\" width=\"1024\" height=\"1024\" data-id=\"39073\" src=\"https:\/\/centralmedia.rs\/wp-content\/uploads\/2024\/07\/folklor-1024x1024.jpg\" alt=\"\" class=\"wp-image-39073\" srcset=\"https:\/\/centralmedia.rs\/wp-content\/uploads\/2024\/07\/folklor-1024x1024.jpg 1024w, https:\/\/centralmedia.rs\/wp-content\/uploads\/2024\/07\/folklor-300x300.jpg 300w, https:\/\/centralmedia.rs\/wp-content\/uploads\/2024\/07\/folklor-150x150.jpg 150w, https:\/\/centralmedia.rs\/wp-content\/uploads\/2024\/07\/folklor-768x768.jpg 768w, https:\/\/centralmedia.rs\/wp-content\/uploads\/2024\/07\/folklor.jpg 1080w\" sizes=\"(max-width: 1024px) 100vw, 1024px\" \/><\/figure>\n\n\n\n<figure class=\"wp-block-image size-large\"><img loading=\"lazy\" decoding=\"async\" width=\"727\" height=\"1024\" data-id=\"39075\" src=\"https:\/\/centralmedia.rs\/wp-content\/uploads\/2024\/07\/leto-2-727x1024.jpg\" alt=\"\" class=\"wp-image-39075\" srcset=\"https:\/\/centralmedia.rs\/wp-content\/uploads\/2024\/07\/leto-2-727x1024.jpg 727w, https:\/\/centralmedia.rs\/wp-content\/uploads\/2024\/07\/leto-2-213x300.jpg 213w, https:\/\/centralmedia.rs\/wp-content\/uploads\/2024\/07\/leto-2-768x1082.jpg 768w, https:\/\/centralmedia.rs\/wp-content\/uploads\/2024\/07\/leto-2-1091x1536.jpg 1091w, https:\/\/centralmedia.rs\/wp-content\/uploads\/2024\/07\/leto-2.jpg 1454w\" sizes=\"(max-width: 727px) 100vw, 727px\" \/><\/figure>\n\n\n\n<figure class=\"wp-block-image size-large\"><img loading=\"lazy\" decoding=\"async\" width=\"819\" height=\"1024\" data-id=\"39074\" src=\"https:\/\/centralmedia.rs\/wp-content\/uploads\/2024\/07\/predstave-819x1024.jpg\" alt=\"\" class=\"wp-image-39074\" srcset=\"https:\/\/centralmedia.rs\/wp-content\/uploads\/2024\/07\/predstave-819x1024.jpg 819w, https:\/\/centralmedia.rs\/wp-content\/uploads\/2024\/07\/predstave-240x300.jpg 240w, https:\/\/centralmedia.rs\/wp-content\/uploads\/2024\/07\/predstave-768x960.jpg 768w, https:\/\/centralmedia.rs\/wp-content\/uploads\/2024\/07\/predstave.jpg 1080w\" sizes=\"(max-width: 819px) 100vw, 819px\" \/><\/figure>\n<\/figure>\n\n\n\n<p> Na Trgu Stevana Sin\u0111eli\u0107a su organizovana sva doga\u0111anja.<\/p>\n","protected":false},"excerpt":{"rendered":"<p>Bogat program Kulturno-zabavnog leta u Svilajcu je spreman. Na Trgu Stevana Sin\u0111eli\u0107a su organizovana sva doga\u0111anja.<\/p>\n","protected":false},"author":2,"featured_media":39072,"comment_status":"closed","ping_status":"open","sticky":false,"template":"","format":"standard","meta":{"footnotes":""},"categories":[1524,23,1517,3055],"tags":[50,38,2683],"_links":{"self":[{"href":"https:\/\/centralmedia.rs\/index.php\/wp-json\/wp\/v2\/posts\/39071"}],"collection":[{"href":"https:\/\/centralmedia.rs\/index.php\/wp-json\/wp\/v2\/posts"}],"about":[{"href":"https:\/\/centralmedia.rs\/index.php\/wp-json\/wp\/v2\/types\/post"}],"author":[{"embeddable":true,"href":"https:\/\/centralmedia.rs\/index.php\/wp-json\/wp\/v2\/users\/2"}],"replies":[{"embeddable":true,"href":"https:\/\/centralmedia.rs\/index.php\/wp-json\/wp\/v2\/comments?post=39071"}],"version-history":[{"count":1,"href":"https:\/\/centralmedia.rs\/index.php\/wp-json\/wp\/v2\/posts\/39071\/revisions"}],"predecessor-version":[{"id":39076,"href":"https:\/\/centralmedia.rs\/index.php\/wp-json\/wp\/v2\/posts\/39071\/revisions\/39076"}],"wp:featuredmedia":[{"embeddable":true,"href":"https:\/\/centralmedia.rs\/index.php\/wp-json\/wp\/v2\/media\/39072"}],"wp:attachment":[{"href":"https:\/\/centralmedia.rs\/index.php\/wp-json\/wp\/v2\/media?parent=39071"}],"wp:term":[{"taxonomy":"category","embeddable":true,"href":"https:\/\/centralmedia.rs\/index.php\/wp-json\/wp\/v2\/categories?post=39071"},{"taxonomy":"post_tag","embeddable":true,"href":"https:\/\/centralmedia.rs\/index.php\/wp-json\/wp\/v2\/tags?post=39071"}],"curies":[{"name":"wp","href":"https:\/\/api.w.org\/{rel}","templated":true}]}}