{"id":39077,"date":"2024-07-05T11:08:20","date_gmt":"2024-07-05T09:08:20","guid":{"rendered":"https:\/\/centralmedia.rs\/?p=39077"},"modified":"2024-07-05T11:08:21","modified_gmt":"2024-07-05T09:08:21","slug":"jagodina-se-tresla-8-puta-za-mesec-dana-moguc-jaci-potres-do-4-rihtera","status":"publish","type":"post","link":"https:\/\/centralmedia.rs\/index.php\/2024\/07\/05\/jagodina-se-tresla-8-puta-za-mesec-dana-moguc-jaci-potres-do-4-rihtera\/","title":{"rendered":"JAGODINA SE TRESLA 8 PUTA ZA MESEC DANA, MOGU\u0106 JA\u010cI POTRES DO 4 RIHTERA"},"content":{"rendered":"\n<p>Tlo u Jagodini treslo se neverovatnih osam puta za mesec dana. Re\u010d o slabijim potresima, od kojih se najja\u010di 2,6 stepeni po Rihteru desio pre mesec dana, seizmolozi ka\u017eu da ovakvo pona\u0161anje tla mo\u017ee da nam ukazuje na odre\u0111ene promene u bliskoj budu\u0107nosti, odnosno zemljotres magnitude 4 koji mo\u017ee da uzrokuje manja o\u0161te\u0107enja. Prema re\u010dima seizmologa Slavice Radovanovi\u0107, ako se trese nekoliko puta Jagodina, ne mora da zna\u010di da \u0107e se ba\u0161 u njoj dogoditi jak zemljotres, ve\u0107 u \u0161irem prostoru.<\/p>\n\n\n\n<p>&#8211; Ima tu jedan ve\u0107i prostor koji ograni\u010davaju Velika Morava, Zapadna Morava na severu do Mladenovca, gde se seizmi\u010dka aktivnost poslednjih godina podigla. Ako se kroz mesec dana ovako nastavi, da se tu i tamo de\u0161avaju tako slabi zemljotresi, pa po\u010dnu i \u010de\u0161\u0107e da se de\u0161avaju, to bi mogao biti znak da \u0107e biti jakog zemljotresa u uslovno re\u010deno neposrednoj budu\u0107nosti, a ta neposredna budu\u0107nost mo\u017eda bude godinu dana &#8211; navela je sagovornica i dodala da je nemogu\u0107e re\u0107i kog dana, \u010dak i kog meseca \u0107e se dogoditi:<\/p>\n\n\n\n<p>&#8211; Jedini na\u010din je dobra gradnja, u skladu sa propisima, i pra\u0107enje aktivnosti.<\/p>\n\n\n\n<p>Ona je podsetila da je i kod Kladova bio zemljotres magnitude 4, i objasnila da i Jagodinu i \u0106i\u0107evac, povezuje jedan veliki sistem raseda kojim se seizmi\u010dka energija prenosi iz prostora Jadrana preko Dinarida na Karpatobalkanide.<\/p>\n\n\n\n<p>&#8211; Vide\u0107emo \u0161ta \u0107e se de\u0161avati, ali ako ovaj broj zemljotresa, \u010dak i na ovom nivou magnitude 2, nastavi da se uve\u0107ava, onda bio to bio signal da bi se u tom prostoru &#8211; Kragujevac, Svilajnac, Jagodina, Mladenovac, do Homoljskih planina, kako zovemo taj prostor \u0160umadije, mogao dogoditi zemljotres magnitude 4, a da ovi slabi zemljotresi i njihovo pojavljivanje samo sugeri\u0161u da je se seizmi\u010dka aktivnost stalno u porastu i da \u0107e se neminovno jednog trenutka dogoditi ja\u010di zemljotres &#8211; precizirala je Slavica Radovanovi\u0107<\/p>\n","protected":false},"excerpt":{"rendered":"<p>Tlo u Jagodini treslo se neverovatnih osam puta za mesec dana. Re\u010d o slabijim potresima, od kojih se najja\u010di 2,6 stepeni po Rihteru desio pre &hellip; <\/p>\n","protected":false},"author":2,"featured_media":38910,"comment_status":"closed","ping_status":"open","sticky":false,"template":"","format":"standard","meta":{"footnotes":""},"categories":[1524,20,2,1514,12],"tags":[58,3903],"_links":{"self":[{"href":"https:\/\/centralmedia.rs\/index.php\/wp-json\/wp\/v2\/posts\/39077"}],"collection":[{"href":"https:\/\/centralmedia.rs\/index.php\/wp-json\/wp\/v2\/posts"}],"about":[{"href":"https:\/\/centralmedia.rs\/index.php\/wp-json\/wp\/v2\/types\/post"}],"author":[{"embeddable":true,"href":"https:\/\/centralmedia.rs\/index.php\/wp-json\/wp\/v2\/users\/2"}],"replies":[{"embeddable":true,"href":"https:\/\/centralmedia.rs\/index.php\/wp-json\/wp\/v2\/comments?post=39077"}],"version-history":[{"count":1,"href":"https:\/\/centralmedia.rs\/index.php\/wp-json\/wp\/v2\/posts\/39077\/revisions"}],"predecessor-version":[{"id":39078,"href":"https:\/\/centralmedia.rs\/index.php\/wp-json\/wp\/v2\/posts\/39077\/revisions\/39078"}],"wp:featuredmedia":[{"embeddable":true,"href":"https:\/\/centralmedia.rs\/index.php\/wp-json\/wp\/v2\/media\/38910"}],"wp:attachment":[{"href":"https:\/\/centralmedia.rs\/index.php\/wp-json\/wp\/v2\/media?parent=39077"}],"wp:term":[{"taxonomy":"category","embeddable":true,"href":"https:\/\/centralmedia.rs\/index.php\/wp-json\/wp\/v2\/categories?post=39077"},{"taxonomy":"post_tag","embeddable":true,"href":"https:\/\/centralmedia.rs\/index.php\/wp-json\/wp\/v2\/tags?post=39077"}],"curies":[{"name":"wp","href":"https:\/\/api.w.org\/{rel}","templated":true}]}}