{"id":39087,"date":"2024-07-05T11:14:47","date_gmt":"2024-07-05T09:14:47","guid":{"rendered":"https:\/\/centralmedia.rs\/?p=39087"},"modified":"2024-07-05T11:14:48","modified_gmt":"2024-07-05T09:14:48","slug":"32-godine-zlocin-bez-kazne-parastos-za-3-267-srpskih-zrtava-u-srednjem-podrinju-i-bircu","status":"publish","type":"post","link":"https:\/\/centralmedia.rs\/index.php\/2024\/07\/05\/32-godine-zlocin-bez-kazne-parastos-za-3-267-srpskih-zrtava-u-srednjem-podrinju-i-bircu\/","title":{"rendered":"&#8220;32 GODINE &#8211; ZLO\u010cIN BEZ KAZNE&#8221; \u2013 PARASTOS ZA 3.267 SRPSKIH \u017dRTAVA U SREDNJEM PODRINJU I BIR\u010cU"},"content":{"rendered":"\n<p>Njegova Svetost Patrijarh srpski Porfirije slu\u017ei\u0107e u subotu 6. jula u Bratuncu svetu Liturgiju i pomen Srbima postradalim pre 32 godine u Bir\u010du i Srednjem Podrinju.<\/p>\n\n\n\n<p>Blje\u010devo, Gniona, Osma\u010de, Poto\u010dari, Karno, Vijogor, Osredak, \u010cumavi\u010dje, Zalazje, Ratkovi\u0107i, Bre\u017eani, Zagoni, Krnji\u010di, Sase, Zalazje, Maga\u0161i\u0107e, Je\u017ee\u0161tica, Podravanje, Fakovi\u0107i, Boljevi\u0107i, Bjelovac, Sikiri\u0107, Kravica, Metaljka, Rupovo brdo, Bracan, Vand\u017ei\u0107i, Donja i Gornja Kamenica, Glo\u0111ansko brdo, Kozjak, Maskali\u0107a potok, \u0160iroki put i Tre\u0161njica samo su deo liste strati\u0161ta na podru\u010dju Srednjeg Podrinja i Bir\u010da na kojima su pre vi\u0161e od tri decenije na najsvirepiji na\u010din pobijene hiljade nedu\u017enih pravoslavnih Srba.<\/p>\n\n\n\n<p>Podru\u010dje Srednjeg Podrinja i Bir\u010da ravno je najve\u0107im strati\u0161tima srpskog naroda, koji je ovde ponovio zavet Svetog kneza Lazara da je zemaljsko za malena carstvo, a nebesko uvek i doveka&nbsp; \u2013 re\u010di su patrijarha Porfirija koje je najbolje opisuju podvig i stradanje bratuna\u010dkih Srba.<\/p>\n\n\n\n<p>U Bratuncu \u0107e sutra biti obe\u017eene 32. godine od srpskog stradanja u srednjem Podrinju i Bir\u010du, a parastos za 3.267 srpskih \u017ertava slu\u017ei\u0107e Njegova svetost patrijarh srpski Porfirije. Ovogodi\u0161nji program sje\u0107anja na stradale Srbe u srednjem Podrinju i Bir\u010du bi\u0107e odr\u017ean pod nazivom &#8220;32 godine &#8211; zlo\u010din bez kazne&#8221;. Pomen se daje svim srpskim \u017ertvama iz srednjeg Podrinja i Bir\u010da u Odbrambeno-otad\u017ebinskom ratu, a organizuje se povodom 32 godina od velikog stradanja Srba na Petrovdan 1992. godine u selima oko Srebrenice i Bratunca, kada je ubijeno 69 i zarobljeno 22 vojnika i civila, od kojih niko nije pre\u017eivio, a deset se jo\u0161 vode kao nestali.<\/p>\n\n\n\n<p>Muslimanske jedinice iz Srebrenice su tokom Odbrambeno-otad\u017ebinskog rata naj\u010de\u0161\u0107e napadale srpska sela na najve\u0107e pravoslavne praznike, na Petrovdan 1992. godine i tokom tegodine napadale srpska sela i ubijale i uni\u0161tavale sve \u0161to je srpsko. Zatim na Bo\u017ei\u0107 1993. u Kravicama i ostale verske praznike. Sve je to bilo uzrok za posledicu koja je usledila 1995. kada seu julu dogodilo osloba\u0111anje Srebrenice.<\/p>\n","protected":false},"excerpt":{"rendered":"<p>Njegova Svetost Patrijarh srpski Porfirije slu\u017ei\u0107e u subotu 6. jula u Bratuncu svetu Liturgiju i pomen Srbima postradalim pre 32 godine u Bir\u010du i Srednjem &hellip; <\/p>\n","protected":false},"author":2,"featured_media":39088,"comment_status":"closed","ping_status":"open","sticky":false,"template":"","format":"standard","meta":{"footnotes":""},"categories":[14,12],"tags":[5256,5261,6591],"_links":{"self":[{"href":"https:\/\/centralmedia.rs\/index.php\/wp-json\/wp\/v2\/posts\/39087"}],"collection":[{"href":"https:\/\/centralmedia.rs\/index.php\/wp-json\/wp\/v2\/posts"}],"about":[{"href":"https:\/\/centralmedia.rs\/index.php\/wp-json\/wp\/v2\/types\/post"}],"author":[{"embeddable":true,"href":"https:\/\/centralmedia.rs\/index.php\/wp-json\/wp\/v2\/users\/2"}],"replies":[{"embeddable":true,"href":"https:\/\/centralmedia.rs\/index.php\/wp-json\/wp\/v2\/comments?post=39087"}],"version-history":[{"count":1,"href":"https:\/\/centralmedia.rs\/index.php\/wp-json\/wp\/v2\/posts\/39087\/revisions"}],"predecessor-version":[{"id":39089,"href":"https:\/\/centralmedia.rs\/index.php\/wp-json\/wp\/v2\/posts\/39087\/revisions\/39089"}],"wp:featuredmedia":[{"embeddable":true,"href":"https:\/\/centralmedia.rs\/index.php\/wp-json\/wp\/v2\/media\/39088"}],"wp:attachment":[{"href":"https:\/\/centralmedia.rs\/index.php\/wp-json\/wp\/v2\/media?parent=39087"}],"wp:term":[{"taxonomy":"category","embeddable":true,"href":"https:\/\/centralmedia.rs\/index.php\/wp-json\/wp\/v2\/categories?post=39087"},{"taxonomy":"post_tag","embeddable":true,"href":"https:\/\/centralmedia.rs\/index.php\/wp-json\/wp\/v2\/tags?post=39087"}],"curies":[{"name":"wp","href":"https:\/\/api.w.org\/{rel}","templated":true}]}}