{"id":39122,"date":"2024-07-08T18:04:13","date_gmt":"2024-07-08T16:04:13","guid":{"rendered":"https:\/\/centralmedia.rs\/?p=39122"},"modified":"2024-07-09T18:04:36","modified_gmt":"2024-07-09T16:04:36","slug":"kozara-genocid-nad-srbima","status":"publish","type":"post","link":"https:\/\/centralmedia.rs\/index.php\/2024\/07\/08\/kozara-genocid-nad-srbima\/","title":{"rendered":"KOZARA \u2013 GENOCID NAD SRBIMA"},"content":{"rendered":"\n<p>Obele\u017eena 82. godi\u0161njica od genocida nad vi\u0161e od 100 hiljada ubijenih Srba sa Kozare<\/p>\n\n\n\n<p>Obele\u017eena je 82. godi\u0161njica od genocida nad srpskim narodom Kozare, tokom koga je ubijeno 40.000 i u logore smrti odvedeno 68.000 srpskih civila. Predsednik Republike Srpske Milorad Dodik poru\u010duje da u istoriji srpskog naroda nije bilo nijedne generacije koja nije do\u017eivela &#8220;svoju&#8221; Kozaru, dok je minister VS Nemanja Starovi\u0107 poru\u010dio da Beograd i Banjaluka \u017eele mir i da \u0107e znati kako da ga sa\u010duvaju.<\/p>\n\n\n\n<p>U logore Jasenovac i Staru Gradi\u0161ku odvedeno je 68.000 Srba, uglavnom \u017eena i staraca, a me\u0111u njima bilo je vi\u0161e od 23.000 dece. Oni su bili deo one tre\u0107ine koja je ubijena, dok su ostale dve pokatoli\u010dene ili proterane. Ofanziva na Kozaru po\u010dela je 10. juna 1942. godine, kada su nema\u010dke, hrvatske i muslimanske jedinice sa oko 35.000 vojnika zatvorile obru\u010d oko slobodne teritorije kozarske oblasti. U opkoljenom podru\u010dju 3.500 srpskih boraca branilo je zbeg sa oko 80.000 srpskih civila. Oko 10.000 ljudi se spasilo probijanjem obru\u010da 3. i 4. jula.<\/p>\n\n\n\n<p>-Ovde nema hrvatskih i muslimanskih \u017ertava, oni su bili sa druge strane. Na ovoj generaciji, na nama ostaje obaveza da obnovimo se\u0107anje, da pamtimo da su ovde pobijeni Srbi masovno. Da se nije oklevalo. Imate sela ovde u okolini Prijedora gde je ubijeno po 1.100 stanovnika tog sela. Opkole selo i pobiju sve \u0161to je \u017eivo, rekao je Dodik.<\/p>\n\n\n\n<p>Na Kozari je posle rata prvo dete ro\u0111eno tek 20 godina kasnije. Posebno je tragi\u010dna bila sudbina oko 23.000 srpske dece, malih Kozar\u010dana, koji su ubijani i iscrpljivani gla\u0111u i bolestima u jedinim logorima za decu u Evropi Jastrebarsko i Sisak, deo su usvojije hrvatske, katoli\u010dke, porodice i deca su dobila novi identitet. Oficir Vermahta Kurt Valdhajm komandovao je akcijom, njega je kasnije do\u017eivotni predsednik SFRJ Josip Broz podr\u017eao za funkciju generalnog sekretara UN. Srbi su dobili spomenik na kome nije navedena njihova nacionalnost, jer su ubice delovale po tom pricipu.<\/p>\n\n\n\n<p>Foto kabinet predsednika RS<\/p>\n","protected":false},"excerpt":{"rendered":"<p>Obele\u017eena 82. godi\u0161njica od genocida nad vi\u0161e od 100 hiljada ubijenih Srba sa Kozare Obele\u017eena je 82. godi\u0161njica od genocida nad srpskim narodom Kozare, tokom &hellip; <\/p>\n","protected":false},"author":2,"featured_media":39123,"comment_status":"closed","ping_status":"open","sticky":false,"template":"","format":"standard","meta":{"footnotes":""},"categories":[1524,20,2,1514,12],"tags":[3280,6595,6320],"_links":{"self":[{"href":"https:\/\/centralmedia.rs\/index.php\/wp-json\/wp\/v2\/posts\/39122"}],"collection":[{"href":"https:\/\/centralmedia.rs\/index.php\/wp-json\/wp\/v2\/posts"}],"about":[{"href":"https:\/\/centralmedia.rs\/index.php\/wp-json\/wp\/v2\/types\/post"}],"author":[{"embeddable":true,"href":"https:\/\/centralmedia.rs\/index.php\/wp-json\/wp\/v2\/users\/2"}],"replies":[{"embeddable":true,"href":"https:\/\/centralmedia.rs\/index.php\/wp-json\/wp\/v2\/comments?post=39122"}],"version-history":[{"count":1,"href":"https:\/\/centralmedia.rs\/index.php\/wp-json\/wp\/v2\/posts\/39122\/revisions"}],"predecessor-version":[{"id":39124,"href":"https:\/\/centralmedia.rs\/index.php\/wp-json\/wp\/v2\/posts\/39122\/revisions\/39124"}],"wp:featuredmedia":[{"embeddable":true,"href":"https:\/\/centralmedia.rs\/index.php\/wp-json\/wp\/v2\/media\/39123"}],"wp:attachment":[{"href":"https:\/\/centralmedia.rs\/index.php\/wp-json\/wp\/v2\/media?parent=39122"}],"wp:term":[{"taxonomy":"category","embeddable":true,"href":"https:\/\/centralmedia.rs\/index.php\/wp-json\/wp\/v2\/categories?post=39122"},{"taxonomy":"post_tag","embeddable":true,"href":"https:\/\/centralmedia.rs\/index.php\/wp-json\/wp\/v2\/tags?post=39122"}],"curies":[{"name":"wp","href":"https:\/\/api.w.org\/{rel}","templated":true}]}}