{"id":39151,"date":"2024-07-11T12:21:53","date_gmt":"2024-07-11T10:21:53","guid":{"rendered":"https:\/\/centralmedia.rs\/?p=39151"},"modified":"2024-07-11T12:21:54","modified_gmt":"2024-07-11T10:21:54","slug":"petrovdan-slava-hrama-svetih-apostola-petra-i-pavla","status":"publish","type":"post","link":"https:\/\/centralmedia.rs\/index.php\/2024\/07\/11\/petrovdan-slava-hrama-svetih-apostola-petra-i-pavla\/","title":{"rendered":"PETROVDAN SLAVA HRAMA SVETIH APOSTOLA PETRA I PAVLA"},"content":{"rendered":"\n<p>JAGODINA- U petak 12. jula povodom &nbsp;slave hrama Svetih apostola Petra i Pavla u Jagodini Sveta Liturgija po\u010dinje u 8 \u010dasova. Od 10 \u010dasova bi\u0107e otvoren etno sajma u porti hrama. U nastavku kulturno-umetni\u010dki program.<\/p>\n","protected":false},"excerpt":{"rendered":"<p>JAGODINA- U petak 12. jula povodom &nbsp;slave hrama Svetih apostola Petra i Pavla u Jagodini Sveta Liturgija po\u010dinje u 8 \u010dasova. Od 10 \u010dasova bi\u0107e &hellip; <\/p>\n","protected":false},"author":2,"featured_media":39152,"comment_status":"closed","ping_status":"open","sticky":false,"template":"","format":"standard","meta":{"footnotes":""},"categories":[14,1524,2,1514,12],"tags":[58,6313,965],"_links":{"self":[{"href":"https:\/\/centralmedia.rs\/index.php\/wp-json\/wp\/v2\/posts\/39151"}],"collection":[{"href":"https:\/\/centralmedia.rs\/index.php\/wp-json\/wp\/v2\/posts"}],"about":[{"href":"https:\/\/centralmedia.rs\/index.php\/wp-json\/wp\/v2\/types\/post"}],"author":[{"embeddable":true,"href":"https:\/\/centralmedia.rs\/index.php\/wp-json\/wp\/v2\/users\/2"}],"replies":[{"embeddable":true,"href":"https:\/\/centralmedia.rs\/index.php\/wp-json\/wp\/v2\/comments?post=39151"}],"version-history":[{"count":1,"href":"https:\/\/centralmedia.rs\/index.php\/wp-json\/wp\/v2\/posts\/39151\/revisions"}],"predecessor-version":[{"id":39153,"href":"https:\/\/centralmedia.rs\/index.php\/wp-json\/wp\/v2\/posts\/39151\/revisions\/39153"}],"wp:featuredmedia":[{"embeddable":true,"href":"https:\/\/centralmedia.rs\/index.php\/wp-json\/wp\/v2\/media\/39152"}],"wp:attachment":[{"href":"https:\/\/centralmedia.rs\/index.php\/wp-json\/wp\/v2\/media?parent=39151"}],"wp:term":[{"taxonomy":"category","embeddable":true,"href":"https:\/\/centralmedia.rs\/index.php\/wp-json\/wp\/v2\/categories?post=39151"},{"taxonomy":"post_tag","embeddable":true,"href":"https:\/\/centralmedia.rs\/index.php\/wp-json\/wp\/v2\/tags?post=39151"}],"curies":[{"name":"wp","href":"https:\/\/api.w.org\/{rel}","templated":true}]}}