{"id":39166,"date":"2024-07-12T20:13:23","date_gmt":"2024-07-12T18:13:23","guid":{"rendered":"https:\/\/centralmedia.rs\/?p=39166"},"modified":"2024-07-12T20:13:24","modified_gmt":"2024-07-12T18:13:24","slug":"32-dani-srpskog-duhovnog-preobrazenja-litija-sa-mostima-despota-stefana-od-despotovca-do-manasije","status":"publish","type":"post","link":"https:\/\/centralmedia.rs\/index.php\/2024\/07\/12\/32-dani-srpskog-duhovnog-preobrazenja-litija-sa-mostima-despota-stefana-od-despotovca-do-manasije\/","title":{"rendered":"32. DANI SRPSKOG DUHOVNOG PREOBRA\u017dENJA \u2013 LITIJA SA MO\u0160TIMA DESPOTA STEFANA OD DESPOTOVCA DO MANASIJE \u00a0\u00a0\u00a0"},"content":{"rendered":"\n<p>32. Dani srpskog duhovnog preobra\u017eenja u Despotovcu po\u010dinju 1. avgusta, a povodom ktitorske slave Svetog despota Stefana Sveta bi\u0107e organizovana sve\u010dana litija sa mo\u0161tima Svetog despota Stefana. Tog dana u 9 sati bi\u0107e slu\u017eena Sveta liturgija u manastiru Manasija. Posle toga, bi\u0107e organizovan sve\u010dani do\u010dek mo\u0161tiju Svetog despota Stefana ispred crkve u Despotovcu u 17 sati, u nastavku je prazni\u010dno ve\u010dernje bogoslu\u017eenje. Litija iz Despotovca kre\u0107e oko 18 sati do manastira Manasija gde \u0107e u 19 sati biti slu\u017een moleban Svetom despotu Stefanu. Od 20 sati u porti manastira Manasija nastupi\u0107e srpski pravoslavni pojci povodom zvani\u010dnog otvaranja 32. Dana srpskog duhovnog preobra\u017eenja. &nbsp;U okviru te manifestacije 2. Vite\u0161ki festival despot Stefan Lazarevi\u0107 bi\u0107e odr\u017ean 10. i 11. avgusta u vite\u0161kom selu u blizini manastira Manasija<\/p>\n\n\n\n<p>-Povodom ktitorske slave Svetog despota Stefana 1. avgusta &nbsp;u manastiru Manasija bi\u0107e slu\u017eena Sveta Liturgija. Sveti despot Stefana je za\u0161titnik Despotovca,&nbsp; po kome nosi ime. U organizaciji sa predsednikom op\u0161tine dr Zlatkom Marjanovi\u0107em i sve\u0161tenicima hrama Svetog despota Stefana bi\u0107e obavljena sve\u010dana litija sa mo\u0161tima Svetog despota Stefana kroz Despotovac do manastira Manasija, ka\u017ee Iguman Pavle, stare\u0161ina manastira Manasija<\/p>\n","protected":false},"excerpt":{"rendered":"<p>32. Dani srpskog duhovnog preobra\u017eenja u Despotovcu po\u010dinju 1. avgusta, a povodom ktitorske slave Svetog despota Stefana Sveta bi\u0107e organizovana sve\u010dana litija sa mo\u0161tima Svetog &hellip; <\/p>\n","protected":false},"author":2,"featured_media":39167,"comment_status":"closed","ping_status":"open","sticky":false,"template":"","format":"standard","meta":{"footnotes":""},"categories":[1524,2,1514,15,12],"tags":[51,54,6598],"_links":{"self":[{"href":"https:\/\/centralmedia.rs\/index.php\/wp-json\/wp\/v2\/posts\/39166"}],"collection":[{"href":"https:\/\/centralmedia.rs\/index.php\/wp-json\/wp\/v2\/posts"}],"about":[{"href":"https:\/\/centralmedia.rs\/index.php\/wp-json\/wp\/v2\/types\/post"}],"author":[{"embeddable":true,"href":"https:\/\/centralmedia.rs\/index.php\/wp-json\/wp\/v2\/users\/2"}],"replies":[{"embeddable":true,"href":"https:\/\/centralmedia.rs\/index.php\/wp-json\/wp\/v2\/comments?post=39166"}],"version-history":[{"count":1,"href":"https:\/\/centralmedia.rs\/index.php\/wp-json\/wp\/v2\/posts\/39166\/revisions"}],"predecessor-version":[{"id":39168,"href":"https:\/\/centralmedia.rs\/index.php\/wp-json\/wp\/v2\/posts\/39166\/revisions\/39168"}],"wp:featuredmedia":[{"embeddable":true,"href":"https:\/\/centralmedia.rs\/index.php\/wp-json\/wp\/v2\/media\/39167"}],"wp:attachment":[{"href":"https:\/\/centralmedia.rs\/index.php\/wp-json\/wp\/v2\/media?parent=39166"}],"wp:term":[{"taxonomy":"category","embeddable":true,"href":"https:\/\/centralmedia.rs\/index.php\/wp-json\/wp\/v2\/categories?post=39166"},{"taxonomy":"post_tag","embeddable":true,"href":"https:\/\/centralmedia.rs\/index.php\/wp-json\/wp\/v2\/tags?post=39166"}],"curies":[{"name":"wp","href":"https:\/\/api.w.org\/{rel}","templated":true}]}}