{"id":39173,"date":"2024-07-12T20:19:10","date_gmt":"2024-07-12T18:19:10","guid":{"rendered":"https:\/\/centralmedia.rs\/?p=39173"},"modified":"2024-07-12T20:19:11","modified_gmt":"2024-07-12T18:19:11","slug":"konstituisana-skupstina-opstine-svilajnac","status":"publish","type":"post","link":"https:\/\/centralmedia.rs\/index.php\/2024\/07\/12\/konstituisana-skupstina-opstine-svilajnac\/","title":{"rendered":"Konstituisana Skup\u0161tina op\u0161tine Svilajnac"},"content":{"rendered":"\n<p>Danas je u velikoj sali Skup\u0161tine op\u0161tine Svilajnac odr\u017eana konstitutivna sednica lokalnog parlamenta. Skup\u0161tinsko zasedanje otvorio je i njime predsedavao najstariji kandidat za odbornika Milan Tasi\u0107.<\/p>\n\n\n\n<figure class=\"wp-block-image size-large\"><img loading=\"lazy\" decoding=\"async\" width=\"1024\" height=\"578\" src=\"https:\/\/centralmedia.rs\/wp-content\/uploads\/2024\/07\/skupstina-svilajnac-2-1024x578.png\" alt=\"\" class=\"wp-image-39175\" srcset=\"https:\/\/centralmedia.rs\/wp-content\/uploads\/2024\/07\/skupstina-svilajnac-2-1024x578.png 1024w, https:\/\/centralmedia.rs\/wp-content\/uploads\/2024\/07\/skupstina-svilajnac-2-300x169.png 300w, https:\/\/centralmedia.rs\/wp-content\/uploads\/2024\/07\/skupstina-svilajnac-2-768x434.png 768w, https:\/\/centralmedia.rs\/wp-content\/uploads\/2024\/07\/skupstina-svilajnac-2-1536x867.png 1536w, https:\/\/centralmedia.rs\/wp-content\/uploads\/2024\/07\/skupstina-svilajnac-2-1260x710.png 1260w, https:\/\/centralmedia.rs\/wp-content\/uploads\/2024\/07\/skupstina-svilajnac-2.png 1557w\" sizes=\"(max-width: 1024px) 100vw, 1024px\" \/><\/figure>\n\n\n\n<p>Prema utvr\u0111enom dnevnom redu, Skup\u0161tina je najpre usvojila Izve\u0161taj Verifikacionog odbora i potvrdila mandate za svih 47 odbornika u novom sazivu.<\/p>\n\n\n\n<p>U skladu sa ostvarenim rezultatima na lokalnim izborima u Svilajncu koji su odr\u017eani 2. juna 2024. godine, u radu Skup\u0161tine op\u0161tine Svilajnac, u naredne \u010detiri godine u\u010destvova\u0107e 47 odbornika i to 39 odbornika sa izborne liste \u201eAleksandar Vu\u010di\u0107-Svilajnac sutra- Predrag Milanovi\u0107\u201c, 6 odbronika sa liste \u201edr Tatjana Toski\u0107 Lalovi\u0107-Za bolji Svilajnac\u201c i dva odbornika sa liste \u201eSocijalist\u010dka partija Srbije, Ivica Da\u010di\u0107-Jedinstvena Srbija, Dragan Markovi\u0107 Palma\u201c.<\/p>\n\n\n\n<p>Za predsednika Skup\u0161tine op\u0161tine Svilajnac odbornici su izabrali dr Darka Jevti\u0107a sa liste \u201eAleksandar Vu\u010di\u0107-Svilajnac sutra- Predrag Milanovi\u0107\u201c, a na njegov predlog za sekretara SO svilajnac postavljen je Du\u0161an Radevi\u0107.<\/p>\n","protected":false},"excerpt":{"rendered":"<p>Danas je u velikoj sali Skup\u0161tine op\u0161tine Svilajnac odr\u017eana konstitutivna sednica lokalnog parlamenta. Skup\u0161tinsko zasedanje otvorio je i njime predsedavao najstariji kandidat za odbornika Milan &hellip; <\/p>\n","protected":false},"author":2,"featured_media":39174,"comment_status":"closed","ping_status":"open","sticky":false,"template":"","format":"standard","meta":{"footnotes":""},"categories":[1524,2,1514,13,12],"tags":[6568,38],"_links":{"self":[{"href":"https:\/\/centralmedia.rs\/index.php\/wp-json\/wp\/v2\/posts\/39173"}],"collection":[{"href":"https:\/\/centralmedia.rs\/index.php\/wp-json\/wp\/v2\/posts"}],"about":[{"href":"https:\/\/centralmedia.rs\/index.php\/wp-json\/wp\/v2\/types\/post"}],"author":[{"embeddable":true,"href":"https:\/\/centralmedia.rs\/index.php\/wp-json\/wp\/v2\/users\/2"}],"replies":[{"embeddable":true,"href":"https:\/\/centralmedia.rs\/index.php\/wp-json\/wp\/v2\/comments?post=39173"}],"version-history":[{"count":1,"href":"https:\/\/centralmedia.rs\/index.php\/wp-json\/wp\/v2\/posts\/39173\/revisions"}],"predecessor-version":[{"id":39176,"href":"https:\/\/centralmedia.rs\/index.php\/wp-json\/wp\/v2\/posts\/39173\/revisions\/39176"}],"wp:featuredmedia":[{"embeddable":true,"href":"https:\/\/centralmedia.rs\/index.php\/wp-json\/wp\/v2\/media\/39174"}],"wp:attachment":[{"href":"https:\/\/centralmedia.rs\/index.php\/wp-json\/wp\/v2\/media?parent=39173"}],"wp:term":[{"taxonomy":"category","embeddable":true,"href":"https:\/\/centralmedia.rs\/index.php\/wp-json\/wp\/v2\/categories?post=39173"},{"taxonomy":"post_tag","embeddable":true,"href":"https:\/\/centralmedia.rs\/index.php\/wp-json\/wp\/v2\/tags?post=39173"}],"curies":[{"name":"wp","href":"https:\/\/api.w.org\/{rel}","templated":true}]}}