{"id":39238,"date":"2024-07-18T18:27:56","date_gmt":"2024-07-18T16:27:56","guid":{"rendered":"https:\/\/centralmedia.rs\/?p=39238"},"modified":"2024-07-18T18:27:56","modified_gmt":"2024-07-18T16:27:56","slug":"kulturno-leto-zlatibor-2024","status":"publish","type":"post","link":"https:\/\/centralmedia.rs\/index.php\/2024\/07\/18\/kulturno-leto-zlatibor-2024\/","title":{"rendered":"Kulturno leto Zlatibor 2024"},"content":{"rendered":"\n<p>Op\u0161tina \u010cajetina i Turisti\u010dka organizacija Zlatibor pripremili su bogat program \u201cZlatiborskog kulturnog leta\u201c.<\/p>\n\n\n\n<figure class=\"wp-block-gallery has-nested-images columns-default is-cropped wp-block-gallery-1 is-layout-flex wp-block-gallery-is-layout-flex\">\n<figure class=\"wp-block-image size-large\"><img loading=\"lazy\" decoding=\"async\" width=\"400\" height=\"498\" data-id=\"39241\" src=\"https:\/\/centralmedia.rs\/wp-content\/uploads\/2024\/07\/zlatiborskokulturnoletoavgust.jpg\" alt=\"\" class=\"wp-image-39241\" srcset=\"https:\/\/centralmedia.rs\/wp-content\/uploads\/2024\/07\/zlatiborskokulturnoletoavgust.jpg 400w, https:\/\/centralmedia.rs\/wp-content\/uploads\/2024\/07\/zlatiborskokulturnoletoavgust-241x300.jpg 241w\" sizes=\"(max-width: 400px) 100vw, 400px\" \/><\/figure>\n\n\n\n<figure class=\"wp-block-image size-large\"><img loading=\"lazy\" decoding=\"async\" width=\"400\" height=\"498\" data-id=\"39240\" src=\"https:\/\/centralmedia.rs\/wp-content\/uploads\/2024\/07\/zlatiborskokulturnoletojul.jpg\" alt=\"\" class=\"wp-image-39240\" srcset=\"https:\/\/centralmedia.rs\/wp-content\/uploads\/2024\/07\/zlatiborskokulturnoletojul.jpg 400w, https:\/\/centralmedia.rs\/wp-content\/uploads\/2024\/07\/zlatiborskokulturnoletojul-241x300.jpg 241w\" sizes=\"(max-width: 400px) 100vw, 400px\" \/><\/figure>\n<\/figure>\n\n\n\n<p>Letnja turisti\u010dka sezona na Zlatiboru bi\u0107e ispunjena brojnim koncertima, kulturnim doga\u0111ajima i tradicionalnim manifestacijama. Najve\u0107i broj manifestacija odr\u017ea\u0107e se na letnjoj pozornici Kraljevog trga, pored jezera koje krasi nova multifunkcionalna fontana, pru\u017eaju\u0107i posetiocima pravi dinami\u010dki spektakl. Na letnjoj pozornici \u0107e, svakako, najvi\u0161e pa\u017enje privu\u0107i koncerti poznatih izvo\u0111a\u010da.<\/p>\n\n\n\n<p>Ovog leta posetioci Zlatibora u\u017eiva\u0107e u koncertima Sare Jo, Dejana Petrovi\u0107a i Big benda, Vlatka Stefanovskog, Bobana i Marka Markovi\u0107a, festivalnog orkestra \u201cVirtuozi\u201d pod upravom dirigenta Bojana Su\u0111i\u0107a, Marka Luisa, grupe \u201eLegende\u201c, Ane \u0160tajdohar, An\u0111eline i drugih. Ovog leta posetioce Zlatibora o\u010dekuju tri no\u0107i nezaboravnog provoda, kada se na Ti\u0107 polju odr\u017eava festival \u201eRefest\u201d gde nastupaju: D\u017eejla Ramovi\u0107, Gazda Paja, Popov i Nikolina, Rimski, Korona i drugi. Tokom jula i avgusta na letnjoj pozornici Kraljevog trga bi\u0107e organizovani i nastupi folklornih dru\u0161tava iz Srbije i regiona, koji \u0107e nastupati i u sklopu \u201eTakmi\u010denja duva\u010dkih orkestara Zapadne Srbije\u201c \u2013 predtakmi\u010denje za Gu\u010du koje se odr\u017eava na Zlatiboru. Pored muzi\u010dkih koncerata, na programu &#8221;Zlatiborskog kulturnog leta&#8221; su i predstave, od kojih se posebno izdvajaju de\u010dije, pripremljene za najmla\u0111e posetioce Zlatibora.<\/p>\n\n\n\n<p>Program\u201eZlatiborskog kulturnog leta\u201c, kao i prethodnih godina, upotpuni\u0107e tradicionalne seoske manifestacije. Sela Zlatibora nadaleko su \u010duvena ne samo po lepoti pejza\u017ea i gostoprimljivim doma\u0107inima, ve\u0107 i po manifestacijama koje se tokom cele godine organizuju. Zlatibor \u0107e letos svoje posetioce obradovati i bioskopskim projekcijama na me\u0111ustanici Gold gondole. Dok je tu i bogat program Kulturnog centra koji nudi pozori\u0161ne predstave, filmske projekcije, umetni\u010dke izlo\u017ebe kao i festival &#8220;Kultur(na)tura&#8221;, koji omogu\u0107ava gostima da u\u017eivaju u klasi\u010dnoj muzici uz huk vodopada, gledanju predstava pod otvorenim nebom, kao i u\u017eivanju u poeziji na neobi\u010dnim lokacijama.<\/p>\n\n\n\n<p>Sve informacije o dnevnim doga\u0111ajima na Zlatiboru i okolini, kao i servisne informacije, u svakom trenutku mo\u017eete proveriti putem veb aplikacije Zlatibor.live.<\/p>\n\n\n\n<p>JUL 2024:<\/p>\n\n\n\n<p>18.07. Sabor truba\u010da Zapadne Srbije (20:30 \u010dasova-Kraljev trg)<\/p>\n\n\n\n<p>19.07. Kulturno-umetni\u010dki program (20:30 \u010dasova-Kraljev trg)<\/p>\n\n\n\n<p>20.07.&nbsp; Miholjski susreti sela (Tripkova)<\/p>\n\n\n\n<p>20.07. Bioskopska projekcija (Me\u0111ustanica Gold Gondole)<\/p>\n\n\n\n<p>21.07.&nbsp; Sara Jo (20:30 \u010dasova-Kraljev trg)<\/p>\n\n\n\n<p>24.07. &#8211; 26.07.&nbsp; Festival Refest (Ti\u0107 polje)<\/p>\n\n\n\n<p>26.07. &#8211; 28.07.&nbsp; Erski kabare (\u010cajetina, Zlatibor, Me\u0111ustanica Gold Gondole)<\/p>\n\n\n\n<p>27.07.&nbsp;&nbsp; Modna Revija (Me\u0111ustanica Gold Gondole)<\/p>\n\n\n\n<p>30.07. Grupa Legende (20:30 \u010dasova-Kraljev trg)<\/p>\n\n\n\n<p>30.07.&nbsp; Bioskopska projekcija (Me\u0111ustanica Gold Gondole)<\/p>\n\n\n\n<p>31.07.&nbsp; Boje No\u0107i-filmska muzika (20:30 \u010dasova, Park u \u010cajetini)<\/p>\n\n\n\n<p>AVGUST 2024:<\/p>\n\n\n\n<p>01.08. Bojan Su\u0111i\u0107 i Virtuozi (20:30 \u010dasova \u2013 Kraljev trg)<\/p>\n\n\n\n<p>02.08. Vlatko Stefanovski (20.30 \u010dasova \u2013 Kraljev trg)<\/p>\n\n\n\n<p>02.08. &#8211; 04.08 Festival Zalet (Borova Glava)<\/p>\n\n\n\n<p>03.08. Bioskopska projekcija (me\u0111ustanica Gold Gondole)<\/p>\n\n\n\n<p>04.08. Miholjski susreti sela (de\u010dija predstava \u2013 Tripkova)<\/p>\n\n\n\n<p>07.08. Marko Luis (20:30 \u010dasova \u2013 Kraljev trg)<\/p>\n\n\n\n<p>08.08. MKDSL Marko Milo\u0161evi\u0107 (20:30 \u010dasova \u2013 Kraljev trg)<\/p>\n\n\n\n<p>09.08. Marko Nasti\u0107 (20:30 \u010dasova \u2013 Kraljev trg)<\/p>\n\n\n\n<p>10.08. Bioskopska projekcija (me\u0111ustanica Gold Gondole)<\/p>\n\n\n\n<p>10.08.&nbsp; Dokumentarna predstava (ispred Kulturnog centra Zlatibor)<\/p>\n\n\n\n<p>11.08. Bu\u010d Kesidi (20:30 \u010dasova \u2013 Kraljev trg)<\/p>\n\n\n\n<p>11.08. Miholjski susreti sela (\u201eBelgrade soul sextet\u201c\u2013 Tripkova)<\/p>\n\n\n\n<p>13.08.&nbsp; Dejan Petrovi\u0107 i Big Bend ( 20.00 \u010dasova \u2013 Kulturni centar Zlatibor)<\/p>\n\n\n\n<p>15.08. Rok simfonija \u2013 Tina Tarner (20:30 \u010dasova \u2013 Kraljev trg)<\/p>\n\n\n\n<p>16.08. An\u0111elina (20:30 \u010dasova \u2013 Kraljev trg)<\/p>\n\n\n\n<p>17.08. Bioskopska projekcija (me\u0111ustanica Gold Gondole)<\/p>\n\n\n\n<p>18.08.&nbsp; Mambo Stars (20:30 \u010dasova \u2013 Kraljev trg)<\/p>\n\n\n\n<p>21.08. Ljubica Vrane\u0161 (20:30 \u010dasova \u2013 Kraljev trg)<\/p>\n\n\n\n<p>22.08. &#8211; 25.08.&nbsp; Me\u0111unarodni festival sportskog filma<\/p>\n\n\n\n<p>23.08. &#8211; 25.08.&nbsp; Predstave za decu ( 20.00 \u010dasova \u2013 tri lokacije)<\/p>\n\n\n\n<p>28.08.&nbsp; Ve\u010de klasi\u010dne muzike (20:30 \u010dasova \u2013 Kraljev trg)<\/p>\n\n\n\n<p>29.08.&nbsp; D\u017eez \u2013 Aleksandar Tomi\u0107 (20:30 \u010dasova \u2013 Kraljev trg)<\/p>\n\n\n\n<p>30.08.&nbsp; FINALE NAGRADNE IGRE (20:30 \u010dasova \u2013 Kraljev trg)<\/p>\n","protected":false},"excerpt":{"rendered":"<p>Op\u0161tina \u010cajetina i Turisti\u010dka organizacija Zlatibor pripremili su bogat program \u201cZlatiborskog kulturnog leta\u201c. Letnja turisti\u010dka sezona na Zlatiboru bi\u0107e ispunjena brojnim koncertima, kulturnim doga\u0111ajima i &hellip; <\/p>\n","protected":false},"author":2,"featured_media":39239,"comment_status":"closed","ping_status":"open","sticky":false,"template":"","format":"standard","meta":{"footnotes":""},"categories":[1524,2,1514,23,3054,3055],"tags":[1001,2876],"_links":{"self":[{"href":"https:\/\/centralmedia.rs\/index.php\/wp-json\/wp\/v2\/posts\/39238"}],"collection":[{"href":"https:\/\/centralmedia.rs\/index.php\/wp-json\/wp\/v2\/posts"}],"about":[{"href":"https:\/\/centralmedia.rs\/index.php\/wp-json\/wp\/v2\/types\/post"}],"author":[{"embeddable":true,"href":"https:\/\/centralmedia.rs\/index.php\/wp-json\/wp\/v2\/users\/2"}],"replies":[{"embeddable":true,"href":"https:\/\/centralmedia.rs\/index.php\/wp-json\/wp\/v2\/comments?post=39238"}],"version-history":[{"count":1,"href":"https:\/\/centralmedia.rs\/index.php\/wp-json\/wp\/v2\/posts\/39238\/revisions"}],"predecessor-version":[{"id":39242,"href":"https:\/\/centralmedia.rs\/index.php\/wp-json\/wp\/v2\/posts\/39238\/revisions\/39242"}],"wp:featuredmedia":[{"embeddable":true,"href":"https:\/\/centralmedia.rs\/index.php\/wp-json\/wp\/v2\/media\/39239"}],"wp:attachment":[{"href":"https:\/\/centralmedia.rs\/index.php\/wp-json\/wp\/v2\/media?parent=39238"}],"wp:term":[{"taxonomy":"category","embeddable":true,"href":"https:\/\/centralmedia.rs\/index.php\/wp-json\/wp\/v2\/categories?post=39238"},{"taxonomy":"post_tag","embeddable":true,"href":"https:\/\/centralmedia.rs\/index.php\/wp-json\/wp\/v2\/tags?post=39238"}],"curies":[{"name":"wp","href":"https:\/\/api.w.org\/{rel}","templated":true}]}}