{"id":39267,"date":"2024-07-21T18:50:59","date_gmt":"2024-07-21T16:50:59","guid":{"rendered":"https:\/\/centralmedia.rs\/?p=39267"},"modified":"2024-07-22T08:51:38","modified_gmt":"2024-07-22T06:51:38","slug":"obelezena-gradska-slava-sveti-prokopije","status":"publish","type":"post","link":"https:\/\/centralmedia.rs\/index.php\/2024\/07\/21\/obelezena-gradska-slava-sveti-prokopije\/","title":{"rendered":"OBELE\u017dENA GRADSKA SLAVA SVETI PROKOPIJE"},"content":{"rendered":"\n<p>Despotovac slavi Svetog Prokopija, rukovodstvo Op\u0161tine Despotovac je u crkvi Svetog despota Stefana Lazarevi\u0107a u Despotovcu, rezanjem slavskog kola\u010da obele\u017eilo gradsku slavu. Ove godine kola\u010dar je bio predsednik Skup\u0161tine op\u0161tine Despotovac, Nikola Nikoli\u0107, a \u010dast da bude slede\u0107i kola\u010dar je preuzeo zamenik predsednika Op\u0161tine Despotovac, Nemanja Radovanovi\u0107.<\/p>\n\n\n\n<figure class=\"wp-block-gallery has-nested-images columns-default is-cropped wp-block-gallery-1 is-layout-flex wp-block-gallery-is-layout-flex\">\n<figure class=\"wp-block-image size-large\"><img loading=\"lazy\" decoding=\"async\" width=\"943\" height=\"1024\" data-id=\"39270\" src=\"https:\/\/centralmedia.rs\/wp-content\/uploads\/2024\/07\/slava1-943x1024.jpg\" alt=\"\" class=\"wp-image-39270\" srcset=\"https:\/\/centralmedia.rs\/wp-content\/uploads\/2024\/07\/slava1-943x1024.jpg 943w, https:\/\/centralmedia.rs\/wp-content\/uploads\/2024\/07\/slava1-276x300.jpg 276w, https:\/\/centralmedia.rs\/wp-content\/uploads\/2024\/07\/slava1-768x834.jpg 768w, https:\/\/centralmedia.rs\/wp-content\/uploads\/2024\/07\/slava1-1414x1536.jpg 1414w, https:\/\/centralmedia.rs\/wp-content\/uploads\/2024\/07\/slava1.jpg 1885w\" sizes=\"(max-width: 943px) 100vw, 943px\" \/><\/figure>\n\n\n\n<figure class=\"wp-block-image size-large\"><img loading=\"lazy\" decoding=\"async\" width=\"1024\" height=\"683\" data-id=\"39269\" src=\"https:\/\/centralmedia.rs\/wp-content\/uploads\/2024\/07\/slava2-1024x683.jpg\" alt=\"\" class=\"wp-image-39269\" srcset=\"https:\/\/centralmedia.rs\/wp-content\/uploads\/2024\/07\/slava2-1024x683.jpg 1024w, https:\/\/centralmedia.rs\/wp-content\/uploads\/2024\/07\/slava2-300x200.jpg 300w, https:\/\/centralmedia.rs\/wp-content\/uploads\/2024\/07\/slava2-768x512.jpg 768w, https:\/\/centralmedia.rs\/wp-content\/uploads\/2024\/07\/slava2-1536x1024.jpg 1536w, https:\/\/centralmedia.rs\/wp-content\/uploads\/2024\/07\/slava2-600x400.jpg 600w, https:\/\/centralmedia.rs\/wp-content\/uploads\/2024\/07\/slava2.jpg 2048w\" sizes=\"(max-width: 1024px) 100vw, 1024px\" \/><\/figure>\n\n\n\n<figure class=\"wp-block-image size-large\"><img loading=\"lazy\" decoding=\"async\" width=\"1024\" height=\"683\" data-id=\"39271\" src=\"https:\/\/centralmedia.rs\/wp-content\/uploads\/2024\/07\/slava3-1024x683.jpg\" alt=\"\" class=\"wp-image-39271\" srcset=\"https:\/\/centralmedia.rs\/wp-content\/uploads\/2024\/07\/slava3-1024x683.jpg 1024w, https:\/\/centralmedia.rs\/wp-content\/uploads\/2024\/07\/slava3-300x200.jpg 300w, https:\/\/centralmedia.rs\/wp-content\/uploads\/2024\/07\/slava3-768x512.jpg 768w, https:\/\/centralmedia.rs\/wp-content\/uploads\/2024\/07\/slava3-1536x1024.jpg 1536w, https:\/\/centralmedia.rs\/wp-content\/uploads\/2024\/07\/slava3-600x400.jpg 600w, https:\/\/centralmedia.rs\/wp-content\/uploads\/2024\/07\/slava3.jpg 2048w\" sizes=\"(max-width: 1024px) 100vw, 1024px\" \/><\/figure>\n<\/figure>\n\n\n\n<p>\u201e\u010cestitam slavu Svetog Prokopija svim gra\u0111anima Despotovca, ali i na\u0161im rudarima, jer uz to \u0161to je gradska slava, danas i na\u0161i rudari obele\u017eavaju ovaj dan, i \u017eelim svima dobro zdravlje, mir i da dana\u0161nji dan slavimo mnogo godina\u201c, rekao je ovogodi\u0161nji kola\u010dar, predsednik Skup\u0161tine op\u0161tine Despotovac, Nikola Nikoli\u0107.<\/p>\n\n\n\n<p>Gradsku slavu je svima koji obele\u017eavaju ovaj dan \u010destitao i predsednik Op\u0161tine Despotovac, dr Zlatko Marjanovi\u0107, tako\u0111e \u010destitke je uputio i rudarima na\u0161eg kraja i po\u017eeleo da ovaj dan provedu u miru i sre\u0107i sa svojim najbli\u017eima.<\/p>\n","protected":false},"excerpt":{"rendered":"<p>Despotovac slavi Svetog Prokopija, rukovodstvo Op\u0161tine Despotovac je u crkvi Svetog despota Stefana Lazarevi\u0107a u Despotovcu, rezanjem slavskog kola\u010da obele\u017eilo gradsku slavu. Ove godine kola\u010dar &hellip; <\/p>\n","protected":false},"author":2,"featured_media":39268,"comment_status":"closed","ping_status":"open","sticky":false,"template":"","format":"standard","meta":{"footnotes":""},"categories":[1518,14,1524,2,12],"tags":[51,2001,1006],"_links":{"self":[{"href":"https:\/\/centralmedia.rs\/index.php\/wp-json\/wp\/v2\/posts\/39267"}],"collection":[{"href":"https:\/\/centralmedia.rs\/index.php\/wp-json\/wp\/v2\/posts"}],"about":[{"href":"https:\/\/centralmedia.rs\/index.php\/wp-json\/wp\/v2\/types\/post"}],"author":[{"embeddable":true,"href":"https:\/\/centralmedia.rs\/index.php\/wp-json\/wp\/v2\/users\/2"}],"replies":[{"embeddable":true,"href":"https:\/\/centralmedia.rs\/index.php\/wp-json\/wp\/v2\/comments?post=39267"}],"version-history":[{"count":1,"href":"https:\/\/centralmedia.rs\/index.php\/wp-json\/wp\/v2\/posts\/39267\/revisions"}],"predecessor-version":[{"id":39272,"href":"https:\/\/centralmedia.rs\/index.php\/wp-json\/wp\/v2\/posts\/39267\/revisions\/39272"}],"wp:featuredmedia":[{"embeddable":true,"href":"https:\/\/centralmedia.rs\/index.php\/wp-json\/wp\/v2\/media\/39268"}],"wp:attachment":[{"href":"https:\/\/centralmedia.rs\/index.php\/wp-json\/wp\/v2\/media?parent=39267"}],"wp:term":[{"taxonomy":"category","embeddable":true,"href":"https:\/\/centralmedia.rs\/index.php\/wp-json\/wp\/v2\/categories?post=39267"},{"taxonomy":"post_tag","embeddable":true,"href":"https:\/\/centralmedia.rs\/index.php\/wp-json\/wp\/v2\/tags?post=39267"}],"curies":[{"name":"wp","href":"https:\/\/api.w.org\/{rel}","templated":true}]}}