{"id":39280,"date":"2024-07-22T17:02:23","date_gmt":"2024-07-22T15:02:23","guid":{"rendered":"https:\/\/centralmedia.rs\/?p=39280"},"modified":"2024-07-22T17:02:24","modified_gmt":"2024-07-22T15:02:24","slug":"provedi-celu-noc-u-muzeju-kampujte-u-svilajnackom-prirodnjackom-centru","status":"publish","type":"post","link":"https:\/\/centralmedia.rs\/index.php\/2024\/07\/22\/provedi-celu-noc-u-muzeju-kampujte-u-svilajnackom-prirodnjackom-centru\/","title":{"rendered":"PROVEDI CELU NO\u0106 U MUZEJU &#8211; KAMPUJTE U SVILAJNA\u010cKOM PRIRODNJA\u010cKOM CENTRU"},"content":{"rendered":"\n<p>Prirodnja\u010dki centar Srbije u Svilajncu pripremio je bogate letnje sadr\u017eaje za posetioce svih generacija. Ovog leta Prirodnja\u010dki centar oti\u0161ao je korak dalje i svojim posetiocima nudi nezaboravno iskustvo \u2013 DA PROVEDU CELU NO\u0106 U MUZEJU odnosno da prespavaju u vre\u0107ama za kampovanje, slu\u0161aju kamperske pri\u010de i posmatraju zvezde. Ovako posetioci imaju prilike da do\u017eive muzej na jedan potpuno druga\u010diji na\u010din. Broj posetilaca za obilazak muzeja za No\u0107 u muzeju nije ograni\u010den dok je za kampovanje ograni\u010den na prvih 50 ljudi koji se prijave.<\/p>\n\n\n\n<figure class=\"wp-block-image size-large\"><img loading=\"lazy\" decoding=\"async\" width=\"681\" height=\"1024\" src=\"http:\/\/centralmedia.rs\/wp-content\/uploads\/2024\/07\/PC-noc-u-muzeju-15-681x1024.jpg\" alt=\"\" class=\"wp-image-39278\" srcset=\"https:\/\/centralmedia.rs\/wp-content\/uploads\/2024\/07\/PC-noc-u-muzeju-15-681x1024.jpg 681w, https:\/\/centralmedia.rs\/wp-content\/uploads\/2024\/07\/PC-noc-u-muzeju-15-200x300.jpg 200w, https:\/\/centralmedia.rs\/wp-content\/uploads\/2024\/07\/PC-noc-u-muzeju-15-768x1154.jpg 768w, https:\/\/centralmedia.rs\/wp-content\/uploads\/2024\/07\/PC-noc-u-muzeju-15-1022x1536.jpg 1022w, https:\/\/centralmedia.rs\/wp-content\/uploads\/2024\/07\/PC-noc-u-muzeju-15-1363x2048.jpg 1363w, https:\/\/centralmedia.rs\/wp-content\/uploads\/2024\/07\/PC-noc-u-muzeju-15-scaled.jpg 1703w\" sizes=\"(max-width: 681px) 100vw, 681px\" \/><\/figure>\n\n\n\n<p>Devoj\u010dicama i de\u010dacima se na interesantan na\u010din pribli\u017eava uloga i zna\u010daj nauke, ali se ujedno kroz edukativne i kreativne predstave, radionice i igre razvija njihova znati\u017eelja i kreativnost. Nau\u010di\u0107e i lekcije o ekologiji, higijeni, vulkanskim erupcijama, umetnosti &#8230;<\/p>\n\n\n\n<p>Prirodnja\u010dki centar u Svilajncu tokom jula i avgusta pripremio je raznovrstan program u kojem \u0107e posetioci u\u017eivati i stvarati nezaboravne uspomene.<\/p>\n\n\n\n<p>Na programu su predstave za decu, kreativne i nau\u010dne radionice, pou\u010dni eksperimenti, a u\u017eiva\u0107e se i u BIOSKOPU NA OTVORENOM, ma\u0111ioni\u010darskim trikovima i mnogim drugim aktivnostima.<\/p>\n\n\n\n<p>Ve\u0107 tradicionalna manifestacija i svojevrsna \u010darolija je i \u201eNo\u0107 u muzeju\u201d u kojoj publika ima priliku da u mraku, pomo\u0107u baterijskih lampi, obilazi muzejske postavke u pratnji vodi\u010da.<\/p>\n\n\n\n<p>Poslednje nedelje avgusta bi\u0107e organizovane \u201eDino igre bez granica\u201d gde \u0107e timovi mali\u0161ana iz razli\u010ditih gradova na poligonima u parku, pokazati ve\u0161tine u sportskim takmi\u010denjima. Oni \u0107e proveriti znanje i iz oblasti prirodnih nauka i ovo je ve\u0107 tradicionalna de\u010dija sportsko-zabavna manifestacija, koja svake godine okuplja sve vi\u0161e u\u010desnika iz cele Srbije.<\/p>\n\n\n\n<p>Tako\u0111e, tokom cele letnje sezone, uz kupljenu kartu za Prirodnja\u010dki centar, gosti \u0107e mo\u0107i besplatno da koriste gradske bazene, koji se nalaze nadomak Prirodnja\u010dkog centra i tu prona\u0111u osve\u017eenje i dodatnu zabavu.<\/p>\n\n\n\n<p>Letnji program zatvori\u0107e jedna od omiljenih aktivnosti najmla\u0111ih, a to je POTRAGA ZA BLAGOM.<\/p>\n\n\n\n<p>Kompletan repertoar sa datumima i satnicama mo\u017eete pogledati na sajtu prirodnjackicentar.rs ili na dru\u0161tvenim mre\u017eama Fejsbuk i Instagram.<\/p>\n","protected":false},"excerpt":{"rendered":"<p>Prirodnja\u010dki centar Srbije u Svilajncu pripremio je bogate letnje sadr\u017eaje za posetioce svih generacija. Ovog leta Prirodnja\u010dki centar oti\u0161ao je korak dalje i svojim posetiocima &hellip; <\/p>\n","protected":false},"author":2,"featured_media":39278,"comment_status":"closed","ping_status":"open","sticky":false,"template":"","format":"standard","meta":{"footnotes":""},"categories":[14,1524,2,12,1517],"tags":[6606,6605,38],"_links":{"self":[{"href":"https:\/\/centralmedia.rs\/index.php\/wp-json\/wp\/v2\/posts\/39280"}],"collection":[{"href":"https:\/\/centralmedia.rs\/index.php\/wp-json\/wp\/v2\/posts"}],"about":[{"href":"https:\/\/centralmedia.rs\/index.php\/wp-json\/wp\/v2\/types\/post"}],"author":[{"embeddable":true,"href":"https:\/\/centralmedia.rs\/index.php\/wp-json\/wp\/v2\/users\/2"}],"replies":[{"embeddable":true,"href":"https:\/\/centralmedia.rs\/index.php\/wp-json\/wp\/v2\/comments?post=39280"}],"version-history":[{"count":1,"href":"https:\/\/centralmedia.rs\/index.php\/wp-json\/wp\/v2\/posts\/39280\/revisions"}],"predecessor-version":[{"id":39281,"href":"https:\/\/centralmedia.rs\/index.php\/wp-json\/wp\/v2\/posts\/39280\/revisions\/39281"}],"wp:featuredmedia":[{"embeddable":true,"href":"https:\/\/centralmedia.rs\/index.php\/wp-json\/wp\/v2\/media\/39278"}],"wp:attachment":[{"href":"https:\/\/centralmedia.rs\/index.php\/wp-json\/wp\/v2\/media?parent=39280"}],"wp:term":[{"taxonomy":"category","embeddable":true,"href":"https:\/\/centralmedia.rs\/index.php\/wp-json\/wp\/v2\/categories?post=39280"},{"taxonomy":"post_tag","embeddable":true,"href":"https:\/\/centralmedia.rs\/index.php\/wp-json\/wp\/v2\/tags?post=39280"}],"curies":[{"name":"wp","href":"https:\/\/api.w.org\/{rel}","templated":true}]}}