{"id":39286,"date":"2024-07-22T18:10:46","date_gmt":"2024-07-22T16:10:46","guid":{"rendered":"https:\/\/centralmedia.rs\/?p=39286"},"modified":"2024-07-22T18:20:13","modified_gmt":"2024-07-22T16:20:13","slug":"diplomatski-pasos-za-jagodinku-saru-lozo-za-olimpijadu-u-parizu","status":"publish","type":"post","link":"https:\/\/centralmedia.rs\/index.php\/2024\/07\/22\/diplomatski-pasos-za-jagodinku-saru-lozo-za-olimpijadu-u-parizu\/","title":{"rendered":"DIPLOMATSKI PASO\u0160 ZA JAGODINKU SARU LOZO ZA OLIMPIJADU U PARIZU"},"content":{"rendered":"\n<p>U Ministarstvu spoljnih poslova danas su uru\u010deni diplomatski paso\u0161i odbojka\u0161kim reprezentativkama Srbije, koje \u0107e u\u010destvovati na XXIII Olimpijskim igrama u Parizu, me\u0111u njima je i Jagodinka Sara Lozo.<\/p>\n\n\n\n<figure class=\"wp-block-gallery has-nested-images columns-default is-cropped wp-block-gallery-1 is-layout-flex wp-block-gallery-is-layout-flex\">\n<figure class=\"wp-block-image size-large\"><img loading=\"lazy\" decoding=\"async\" width=\"901\" height=\"555\" data-id=\"39288\" src=\"https:\/\/centralmedia.rs\/wp-content\/uploads\/2024\/07\/lozo-1-1.jpg\" alt=\"\" class=\"wp-image-39288\" srcset=\"https:\/\/centralmedia.rs\/wp-content\/uploads\/2024\/07\/lozo-1-1.jpg 901w, https:\/\/centralmedia.rs\/wp-content\/uploads\/2024\/07\/lozo-1-1-300x185.jpg 300w, https:\/\/centralmedia.rs\/wp-content\/uploads\/2024\/07\/lozo-1-1-768x473.jpg 768w\" sizes=\"(max-width: 901px) 100vw, 901px\" \/><\/figure>\n\n\n\n<figure class=\"wp-block-image size-large\"><img loading=\"lazy\" decoding=\"async\" width=\"920\" height=\"611\" data-id=\"39291\" src=\"https:\/\/centralmedia.rs\/wp-content\/uploads\/2024\/07\/lozo-2.jpg\" alt=\"\" class=\"wp-image-39291\" srcset=\"https:\/\/centralmedia.rs\/wp-content\/uploads\/2024\/07\/lozo-2.jpg 920w, https:\/\/centralmedia.rs\/wp-content\/uploads\/2024\/07\/lozo-2-300x199.jpg 300w, https:\/\/centralmedia.rs\/wp-content\/uploads\/2024\/07\/lozo-2-768x510.jpg 768w\" sizes=\"(max-width: 920px) 100vw, 920px\" \/><\/figure>\n\n\n\n<figure class=\"wp-block-image size-large\"><img loading=\"lazy\" decoding=\"async\" width=\"949\" height=\"619\" data-id=\"39290\" src=\"https:\/\/centralmedia.rs\/wp-content\/uploads\/2024\/07\/lozo-3.jpg\" alt=\"\" class=\"wp-image-39290\" srcset=\"https:\/\/centralmedia.rs\/wp-content\/uploads\/2024\/07\/lozo-3.jpg 949w, https:\/\/centralmedia.rs\/wp-content\/uploads\/2024\/07\/lozo-3-300x196.jpg 300w, https:\/\/centralmedia.rs\/wp-content\/uploads\/2024\/07\/lozo-3-768x501.jpg 768w\" sizes=\"(max-width: 949px) 100vw, 949px\" \/><\/figure>\n\n\n\n<figure class=\"wp-block-image size-large\"><img loading=\"lazy\" decoding=\"async\" width=\"1024\" height=\"1018\" data-id=\"39289\" src=\"https:\/\/centralmedia.rs\/wp-content\/uploads\/2024\/07\/lozo-4-1024x1018.jpg\" alt=\"\" class=\"wp-image-39289\" srcset=\"https:\/\/centralmedia.rs\/wp-content\/uploads\/2024\/07\/lozo-4-1024x1018.jpg 1024w, https:\/\/centralmedia.rs\/wp-content\/uploads\/2024\/07\/lozo-4-300x298.jpg 300w, https:\/\/centralmedia.rs\/wp-content\/uploads\/2024\/07\/lozo-4-150x150.jpg 150w, https:\/\/centralmedia.rs\/wp-content\/uploads\/2024\/07\/lozo-4-768x764.jpg 768w, https:\/\/centralmedia.rs\/wp-content\/uploads\/2024\/07\/lozo-4.jpg 1075w\" sizes=\"(max-width: 1024px) 100vw, 1024px\" \/><\/figure>\n<\/figure>\n\n\n\n<p>Na poslednja dva me\u0111unarodna takmi\u010denja Sara je bila me\u0111u najboljim igra\u010dicama i sa odbojka\u0161icama Srbije osvojila zlatnu medalju na Prvenstvu sveta i srebro na Evropskom prvenstvu. Ona je strpljivo, godinama, kao najbolja igra\u010dica prvenstava gde je nastupala, \u00a0\u010dekala svoju \u0161ansu u reprezentaciji i posle odlaska Zorana Terzi\u0107a iskoristila je na nabolji na\u010din. Odbojka\u0161icama Srbije me\u0111u osvojenim trofejima nedostaje zlato sa Olimpijskih igara, mo\u017eda je ovo prilika za najjsjajniju medalju. \u00a0Odbojka\u0161ki savez Srbije je objavio ,,kona\u010dan&#8221; spisak odbojka\u0161ica za Olimpijske igre u Parizu \u00a0\u00a0\u00a0\u00a0\u00a0\u00a0<\/p>\n","protected":false},"excerpt":{"rendered":"<p>U Ministarstvu spoljnih poslova danas su uru\u010deni diplomatski paso\u0161i odbojka\u0161kim reprezentativkama Srbije, koje \u0107e u\u010destvovati na XXIII Olimpijskim igrama u Parizu, me\u0111u njima je i &hellip; <\/p>\n","protected":false},"author":2,"featured_media":39287,"comment_status":"closed","ping_status":"open","sticky":false,"template":"","format":"standard","meta":{"footnotes":""},"categories":[1524,2,1514,21,12],"tags":[1409,6609,6608,1410],"_links":{"self":[{"href":"https:\/\/centralmedia.rs\/index.php\/wp-json\/wp\/v2\/posts\/39286"}],"collection":[{"href":"https:\/\/centralmedia.rs\/index.php\/wp-json\/wp\/v2\/posts"}],"about":[{"href":"https:\/\/centralmedia.rs\/index.php\/wp-json\/wp\/v2\/types\/post"}],"author":[{"embeddable":true,"href":"https:\/\/centralmedia.rs\/index.php\/wp-json\/wp\/v2\/users\/2"}],"replies":[{"embeddable":true,"href":"https:\/\/centralmedia.rs\/index.php\/wp-json\/wp\/v2\/comments?post=39286"}],"version-history":[{"count":3,"href":"https:\/\/centralmedia.rs\/index.php\/wp-json\/wp\/v2\/posts\/39286\/revisions"}],"predecessor-version":[{"id":39294,"href":"https:\/\/centralmedia.rs\/index.php\/wp-json\/wp\/v2\/posts\/39286\/revisions\/39294"}],"wp:featuredmedia":[{"embeddable":true,"href":"https:\/\/centralmedia.rs\/index.php\/wp-json\/wp\/v2\/media\/39287"}],"wp:attachment":[{"href":"https:\/\/centralmedia.rs\/index.php\/wp-json\/wp\/v2\/media?parent=39286"}],"wp:term":[{"taxonomy":"category","embeddable":true,"href":"https:\/\/centralmedia.rs\/index.php\/wp-json\/wp\/v2\/categories?post=39286"},{"taxonomy":"post_tag","embeddable":true,"href":"https:\/\/centralmedia.rs\/index.php\/wp-json\/wp\/v2\/tags?post=39286"}],"curies":[{"name":"wp","href":"https:\/\/api.w.org\/{rel}","templated":true}]}}