{"id":39312,"date":"2024-07-25T05:40:07","date_gmt":"2024-07-25T03:40:07","guid":{"rendered":"https:\/\/centralmedia.rs\/?p=39312"},"modified":"2024-07-25T05:40:46","modified_gmt":"2024-07-25T03:40:46","slug":"32-dani-srpskoga-duhovnog-preobrazenja","status":"publish","type":"post","link":"https:\/\/centralmedia.rs\/index.php\/2024\/07\/25\/32-dani-srpskoga-duhovnog-preobrazenja\/","title":{"rendered":"32. DANI SRPSKOGA DUHOVNOG PREOBRA\u017dENjA"},"content":{"rendered":"\n<p>Despotovac\u2013Manasija<\/p>\n\n\n\n<p>Od 1. do 28. avgusta 2024. godine<\/p>\n\n\n\n<figure class=\"wp-block-image size-large\"><img loading=\"lazy\" decoding=\"async\" width=\"1024\" height=\"726\" src=\"http:\/\/centralmedia.rs\/wp-content\/uploads\/2024\/07\/program-1024x726.jpg\" alt=\"\" class=\"wp-image-39313\" srcset=\"https:\/\/centralmedia.rs\/wp-content\/uploads\/2024\/07\/program-1024x726.jpg 1024w, https:\/\/centralmedia.rs\/wp-content\/uploads\/2024\/07\/program-300x213.jpg 300w, https:\/\/centralmedia.rs\/wp-content\/uploads\/2024\/07\/program-768x545.jpg 768w, https:\/\/centralmedia.rs\/wp-content\/uploads\/2024\/07\/program-1536x1089.jpg 1536w, https:\/\/centralmedia.rs\/wp-content\/uploads\/2024\/07\/program.jpg 2048w\" sizes=\"(max-width: 1024px) 100vw, 1024px\" \/><\/figure>\n\n\n\n<p>Program:<\/p>\n\n\n\n<p>\u010cetvrtak, 1. avgust:<\/p>\n\n\n\n<p>9.00 \u010dasova, manastir Manasija<\/p>\n\n\n\n<p>-Sveta liturgija<\/p>\n\n\n\n<p>17.00 \u010dasova, gradska crkva Despotovac<\/p>\n\n\n\n<p>-Do\u010dek mo\u0161tiju Svetog despota Stefana<\/p>\n\n\n\n<p>18.00 \u010dasova, gradska crkva Despotovac<\/p>\n\n\n\n<p>-Litija od gradske crkve do manastira Manasije<\/p>\n\n\n\n<p>19.00 \u010dasova, manastir Manasija<\/p>\n\n\n\n<p>-Moleban Svetom despotu Stefanu<\/p>\n\n\n\n<p>20.00 \u010dasova, Porta manastira Manasije<\/p>\n\n\n\n<p>-Sve\u010dano otvaranje 32. Dana srpskoga duhovnog preobra\u017eenja<\/p>\n\n\n\n<p>Srpski pravoslavni pojci<\/p>\n\n\n\n<p>Folklorni ansambl Centra za kulturu Despotovac<\/p>\n\n\n\n<p>Kulturno-umetni\u010dko dru\u0161tvo \u201eBranislav Nu\u0161i\u0107\u201c Resavica<\/p>\n\n\n\n<p>Subota, 3. avgust:<\/p>\n\n\n\n<p>18.30 \u010dasova, Galerija manastirska vodenica<\/p>\n\n\n\n<p>-Izlo\u017eba slika sa Likovne kolonije \u201eResava 2024\u201c<\/p>\n\n\n\n<p>Izlo\u017ebu otvara Vlatka Milenkovi\u0107<\/p>\n\n\n\n<p>19.00 \u010dasova, Hol Centra za kulturu \u201eSveti Stefan, despot srpski\u201c<\/p>\n\n\n\n<p>-Izlo\u017eba slika Danijele Priji\u0107 Nene<\/p>\n\n\n\n<p>Izlo\u017ebu otvara Vlatka Milenkovi\u0107<\/p>\n\n\n\n<p>19.30 \u010dasova, Galerija Centra za kulturu \u201eSveti Stefan, despot srpski\u201c<\/p>\n\n\n\n<p>-Izlo\u017eba radova \u201eSun\u010devi krugovi i zrak kroz sun\u010deve tunele Nensi Holt\u201c<\/p>\n\n\n\n<p>Radomir Kne\u017eevi\u0107<\/p>\n\n\n\n<p>Izlo\u017ebu otvara Vesna Kne\u017eevi\u0107<\/p>\n\n\n\n<p>\u010cetvrtak, 8. avgust:<\/p>\n\n\n\n<p>10.00 \u010dasova, gradski park<\/p>\n\n\n\n<p>-Smotra narodnog ume\u0107a i stvarala\u0161tva<\/p>\n\n\n\n<p>Petak, 9. avgust:<\/p>\n\n\n\n<p>20.00 \u010das, manastir Manasija<\/p>\n\n\n\n<p>-2. Vite\u0161ki festival \u201eDespot Stefan Lazarevi\u0107\u201c<\/p>\n\n\n\n<p>Defile u\u010desnika i sve\u010dano otvaranje Festivala<\/p>\n\n\n\n<p>Vite\u0161ke borbe i borbe vatrom<\/p>\n\n\n\n<p>Subota, 10. avgust:<\/p>\n\n\n\n<p>13.00 \u010dasova, manastir Manasija<\/p>\n\n\n\n<p>-2. Vite\u0161ki festival \u201eDespot Stefan Lazarevi\u0107\u201c<\/p>\n\n\n\n<p>Konji\u010dka nadmetanja (borci bez oklopa)<\/p>\n\n\n\n<p>14.30 \u010dasova<\/p>\n\n\n\n<p>-Vite\u0161ki vi\u0161eboj<\/p>\n\n\n\n<p>16.00 \u010dasova<\/p>\n\n\n\n<p>-Predstavljanje knjige Milo\u0161a Ivanovi\u0107a<\/p>\n\n\n\n<p>Konj dobri i oru\u017eje<\/p>\n\n\n\n<p>Vlastela Dr\u017eave srpskih despota (1402-1459)<\/p>\n\n\n\n<p>17.00 \u010dasova<\/p>\n\n\n\n<p>-Turnir u ma\u010devanju<\/p>\n\n\n\n<p>18.00 \u010dasova<\/p>\n\n\n\n<p>-Sokolarske igre sa pticama grabljivicama<\/p>\n\n\n\n<p>19.00 \u010dasova<\/p>\n\n\n\n<p>-Masovne vite\u0161ke borbe na konjima<\/p>\n\n\n\n<p>20.00 \u010dasova<\/p>\n\n\n\n<p>-Rekonstrukciona borba<\/p>\n\n\n\n<p>20.30 \u010dasova<\/p>\n\n\n\n<p>-Koncert Danice Krsti\u0107 i Ivana Milinkovi\u0107a<\/p>\n\n\n\n<p>Ansambl Branimira \u0110oki\u0107a<\/p>\n\n\n\n<p>22.00 \u010dasa<\/p>\n\n\n\n<p>-Koncert New Deal<\/p>\n\n\n\n<p>(U vite\u0161kom selu tokom celog dana bi\u0107e organizovane brojne radionice, izlo\u017ebe<\/p>\n\n\n\n<p>rukotvorina, predstavaljanja starih zanata, prodaja vite\u0161kih suvenira, \u0161tandovi udru\u017eenja sa prodajnim izlo\u017ebama doma\u0107e hrane i pi\u0107a&#8230;)<\/p>\n\n\n\n<p>Nedelja, 11. avgust:<\/p>\n\n\n\n<p>10.00 \u010dasova, manastir Manasija<\/p>\n\n\n\n<p>-2. Vite\u0161ki festival \u201eDespot Stefan Lazarevi\u0107\u201c<\/p>\n\n\n\n<p>Turnir u streli\u010darstvu<\/p>\n\n\n\n<p>Radionice u vite\u0161kom selu<\/p>\n\n\n\n<p>13.00 \u010dasova<\/p>\n\n\n\n<p>-Zatvaranje vite\u0161kog sela<\/p>\n\n\n\n<p>Subota, 17. avgust:<\/p>\n\n\n\n<p>20.00 \u010dasova, Centar za kulturu \u201eSveti Stefan, despot srpski\u201c<\/p>\n\n\n\n<p>-Predstava \u201eBrvno\u201c<\/p>\n\n\n\n<p>Gradsko pozori\u0161te Jagodina<\/p>\n\n\n\n<p>Tekst Pe\u0111a Trajkovi\u0107<\/p>\n\n\n\n<p>Re\u017eija Olivera Konstantinovi\u0107<\/p>\n\n\n\n<p>Nedelja, 18. avgust:<\/p>\n\n\n\n<p>21.00 \u010das, Trg despota Stefana Lazarevi\u0107a<\/p>\n\n\n\n<p>-Koncert CUBA LIBRE BAND<\/p>\n\n\n\n<p>Ponedeljak, 19. avgust:<\/p>\n\n\n\n<p>20.00 \u010dasova, Centar za kulturu \u201eSveti Stefan, despot srpski\u201c<\/p>\n\n\n\n<p>-Hor Vokalnog studija HOROS i Vokalnog ansambla VOZGLAS<\/p>\n\n\n\n<p>Utorak, 20. avgust:<\/p>\n\n\n\n<p>10.00 \u010dasova, Narodna biblioteka \u201eResavska \u0161kola\u201c<\/p>\n\n\n\n<p>-Nau\u010dni skup \u201eSrednji vek u srpskoj nauci, istoriji, knji\u017eevnosti i umetnosti HV\u201c<\/p>\n\n\n\n<p>17.00 \u010dasova, Narodna biblioteka \u201eResavska \u0161kola\u201c<\/p>\n\n\n\n<p>-Predstavljanje zbornika radova sa Nau\u010dnog skupa \u201eSrednji vek u srpskoj nauci, istoriji,<\/p>\n\n\n\n<p>knji\u017eevnosti i umetnosti XIV\u201c<\/p>\n\n\n\n<p>Sreda, 21. avgust:<\/p>\n\n\n\n<p>10.00 \u010dasova, Narodna biblioteka \u201eResavska \u0161kola\u201c<\/p>\n\n\n\n<p>-Nau\u010dni skup \u201eSrednji vek u srpskoj nauci, istoriji, knji\u017eevnosti i umetnosti HV\u201c<\/p>\n\n\n\n<p>Petak, 23. avgust:<\/p>\n\n\n\n<p>19.00 \u010dasova, Narodna biblioteka \u201eResavska \u0161kola\u201c<\/p>\n\n\n\n<p>-Knji\u017eevno ve\u010de<\/p>\n\n\n\n<p>Mihajlo Panti\u0107<\/p>\n\n\n\n<p>21.00 \u010das, Trg despota Stefana Lazarevi\u0107a<\/p>\n\n\n\n<p>-Koncert, Kvintet Beltango<\/p>\n\n\n\n<p>Subota, 24. avgust:<\/p>\n\n\n\n<p>19.00 \u010dasova, Centar za kulturu \u201eSveti Stefan, despot srpski\u201c<\/p>\n\n\n\n<p>-Predstava \u201eSedam Sne\u017eana i patuljak\u201c<\/p>\n\n\n\n<p>Teatar \u201eResava\u201c, de\u010dja scena<\/p>\n\n\n\n<p>Tekst Tode Nikoleti\u0107<\/p>\n\n\n\n<p>Re\u017eija Nemanja Radivojevi\u0107<\/p>\n\n\n\n<p>21.00 \u010das, Trg despota Stefana Lazarevi\u0107a<\/p>\n\n\n\n<p>-Koncert tradicionalne muzike, Kalem<\/p>\n\n\n\n<p>Nedelja, 25. avgust:<\/p>\n\n\n\n<p>20.00 \u010dasova, Centar za kulturu \u201eSveti Stefan, despot srpski\u201c<\/p>\n\n\n\n<p>-Predstava \u201eHobit\u201c<\/p>\n\n\n\n<p>Teatar \u201eResava\u201c, de\u010dja scena<\/p>\n\n\n\n<p>Tekst D\u017e. R. R. Tolkin<\/p>\n\n\n\n<p>Re\u017eija Nemanja Radivojevi\u0107<\/p>\n\n\n\n<p>Sreda, 28. avgust:<\/p>\n\n\n\n<p>20.15 \u010dasova, Trg despota Stefana Lazarevi\u0107a<\/p>\n\n\n\n<p>-Sve\u010dano zatvaranje 32. Dana srpskoga duhovnog preobra\u017eenja<\/p>\n\n\n\n<p>Ansambl narodnih igara i pesama Kosova i Metohije \u201eVenac\u201c Gra\u010danica<\/p>\n","protected":false},"excerpt":{"rendered":"<p>Despotovac\u2013Manasija Od 1. do 28. avgusta 2024. godine Program: \u010cetvrtak, 1. avgust: 9.00 \u010dasova, manastir Manasija -Sveta liturgija 17.00 \u010dasova, gradska crkva Despotovac -Do\u010dek mo\u0161tiju &hellip; <\/p>\n","protected":false},"author":2,"featured_media":39313,"comment_status":"closed","ping_status":"open","sticky":false,"template":"","format":"standard","meta":{"footnotes":""},"categories":[1518,1524,2,15,12],"tags":[51,6616],"_links":{"self":[{"href":"https:\/\/centralmedia.rs\/index.php\/wp-json\/wp\/v2\/posts\/39312"}],"collection":[{"href":"https:\/\/centralmedia.rs\/index.php\/wp-json\/wp\/v2\/posts"}],"about":[{"href":"https:\/\/centralmedia.rs\/index.php\/wp-json\/wp\/v2\/types\/post"}],"author":[{"embeddable":true,"href":"https:\/\/centralmedia.rs\/index.php\/wp-json\/wp\/v2\/users\/2"}],"replies":[{"embeddable":true,"href":"https:\/\/centralmedia.rs\/index.php\/wp-json\/wp\/v2\/comments?post=39312"}],"version-history":[{"count":2,"href":"https:\/\/centralmedia.rs\/index.php\/wp-json\/wp\/v2\/posts\/39312\/revisions"}],"predecessor-version":[{"id":39315,"href":"https:\/\/centralmedia.rs\/index.php\/wp-json\/wp\/v2\/posts\/39312\/revisions\/39315"}],"wp:featuredmedia":[{"embeddable":true,"href":"https:\/\/centralmedia.rs\/index.php\/wp-json\/wp\/v2\/media\/39313"}],"wp:attachment":[{"href":"https:\/\/centralmedia.rs\/index.php\/wp-json\/wp\/v2\/media?parent=39312"}],"wp:term":[{"taxonomy":"category","embeddable":true,"href":"https:\/\/centralmedia.rs\/index.php\/wp-json\/wp\/v2\/categories?post=39312"},{"taxonomy":"post_tag","embeddable":true,"href":"https:\/\/centralmedia.rs\/index.php\/wp-json\/wp\/v2\/tags?post=39312"}],"curies":[{"name":"wp","href":"https:\/\/api.w.org\/{rel}","templated":true}]}}