{"id":39316,"date":"2024-07-25T16:47:04","date_gmt":"2024-07-25T14:47:04","guid":{"rendered":"https:\/\/centralmedia.rs\/?p=39316"},"modified":"2024-07-25T16:47:05","modified_gmt":"2024-07-25T14:47:05","slug":"palma-opozicija-u-srbiji-zloupotrebljava-litijum-kao-sto-je-zloupotrebljavala-tragedije-u-ribnikaru-i-okolini-mladenovca","status":"publish","type":"post","link":"https:\/\/centralmedia.rs\/index.php\/2024\/07\/25\/palma-opozicija-u-srbiji-zloupotrebljava-litijum-kao-sto-je-zloupotrebljavala-tragedije-u-ribnikaru-i-okolini-mladenovca\/","title":{"rendered":"PALMA : OPOZICIJA U SRBIJI ZLOUPOTREBLjAVA LITIJUM, KAO \u0160TO JE ZLOUPOTREBLjAVALA TRAGEDIJE U RIBNIKARU I OKOLINI MLADENOVCA"},"content":{"rendered":"\n<p>\u201eOpozicija u Srbiji sve vreme vozi u kontra smeru i sve vreme radi protiv Srbije. Najnovije protivljenje opozicije Memorandumu koji je Srbija potpisala sa Evropskom unijom u prisustvu nema\u010dkog kancelara Olafa \u0160olca je jo\u0161 jedna zloupotreba od strane te iste opozicije. Danas opozicija zloupotrebljava litijum, kao \u0161to su zloupotrebljavali i tragedije u \u201eRibnikaru\u201c i okolini Mladenovca. Ali narod vi\u0161e niko ne mo\u017ee da prevari i to se pokazalo na izborima i parlamentarnim i lokalnim. Predsednik Srbije, nema\u010dki kancelar i predstavnik Evropske unije su jasno i glasno rekli da ne\u0107e biti iskopavanja litijuma, ukoliko se ne ispo\u0161tuje 100 posto za\u0161tita \u017eivotne sredine\u201c, izjavio je predsednik Jedinstvene Srbije Dragan Markovi\u0107 Palma gostuju\u0107i na televiziji Pink. \u201eImam dve molbe za predsednika Srbije Aleksandra Vu\u010di\u0107a, prva je da izda saop\u0161tenje i pozove pravosudne organe da rade svoj posao. Kako je mogu\u0107e da neko ko preti ubistvom predsedniku Srbije bude pritvoren dva dana i onda ga puste. Gde to ima na svetu? Pa nije taj ukrao biciklu. Ako preti ubistvom predsedniku dr\u017eave, \u0161ta \u0107e onda da rade obi\u010dnim ljudima. Ako je taj \u0161to preti bolestan, onda mu je mesto u ludari ili ako nije, u zatvoru. I moja druga molba je da izbori u Srbiji budu redovni, a ne da svakih pola godine izlazimo na izbore\u201c, ka\u017ee Palma. \u201eVi vidite da niko od opozicije u parlamentu ne pominje Deklaraciju o za\u0161titi nacionalnih i politi\u010dkih prava i zajedni\u010dkoj budunost srpskog naroda. To nije strana\u010dka deklaracija, to je narodna deklaracija, ali opoziciju ne interesuje ni Republika Srpska, ni Kosovo i Metohija ni Srbija. Trn u oku za opoziciju su dela Srbije, bolji \u017eivot gra\u0111ana Srbije i me\u0111unarodna poplarnost Srbije i zbog toga \u0107e jo\u0161 dugo Srbiju voditi i Aleksandar Vu\u010di\u0107 i Ivica Da\u010di\u0107\u201c, ocenio je predsednik Jedinstvene Srbije.<\/p>\n","protected":false},"excerpt":{"rendered":"<p>\u201eOpozicija u Srbiji sve vreme vozi u kontra smeru i sve vreme radi protiv Srbije. Najnovije protivljenje opozicije Memorandumu koji je Srbija potpisala sa Evropskom &hellip; <\/p>\n","protected":false},"author":2,"featured_media":39317,"comment_status":"closed","ping_status":"open","sticky":false,"template":"","format":"standard","meta":{"footnotes":""},"categories":[1524,2,1514,13,12],"tags":[5218,532,120],"_links":{"self":[{"href":"https:\/\/centralmedia.rs\/index.php\/wp-json\/wp\/v2\/posts\/39316"}],"collection":[{"href":"https:\/\/centralmedia.rs\/index.php\/wp-json\/wp\/v2\/posts"}],"about":[{"href":"https:\/\/centralmedia.rs\/index.php\/wp-json\/wp\/v2\/types\/post"}],"author":[{"embeddable":true,"href":"https:\/\/centralmedia.rs\/index.php\/wp-json\/wp\/v2\/users\/2"}],"replies":[{"embeddable":true,"href":"https:\/\/centralmedia.rs\/index.php\/wp-json\/wp\/v2\/comments?post=39316"}],"version-history":[{"count":1,"href":"https:\/\/centralmedia.rs\/index.php\/wp-json\/wp\/v2\/posts\/39316\/revisions"}],"predecessor-version":[{"id":39318,"href":"https:\/\/centralmedia.rs\/index.php\/wp-json\/wp\/v2\/posts\/39316\/revisions\/39318"}],"wp:featuredmedia":[{"embeddable":true,"href":"https:\/\/centralmedia.rs\/index.php\/wp-json\/wp\/v2\/media\/39317"}],"wp:attachment":[{"href":"https:\/\/centralmedia.rs\/index.php\/wp-json\/wp\/v2\/media?parent=39316"}],"wp:term":[{"taxonomy":"category","embeddable":true,"href":"https:\/\/centralmedia.rs\/index.php\/wp-json\/wp\/v2\/categories?post=39316"},{"taxonomy":"post_tag","embeddable":true,"href":"https:\/\/centralmedia.rs\/index.php\/wp-json\/wp\/v2\/tags?post=39316"}],"curies":[{"name":"wp","href":"https:\/\/api.w.org\/{rel}","templated":true}]}}