{"id":3932,"date":"2016-07-25T14:46:13","date_gmt":"2016-07-25T14:46:13","guid":{"rendered":"http:\/\/centralmedia.rs\/?p=3932"},"modified":"2017-01-20T01:27:40","modified_gmt":"2017-01-20T01:27:40","slug":"sabor-u-levcu-prodoh-levac-prodoh-sumadiju","status":"publish","type":"post","link":"https:\/\/centralmedia.rs\/index.php\/2016\/07\/25\/sabor-u-levcu-prodoh-levac-prodoh-sumadiju\/","title":{"rendered":"SABOR U LEV\u010cU &#8211; PRO\u0110OH LEVA\u010c, PRO\u0110OH \u0160UMADIJU"},"content":{"rendered":"<p>REKOVAC \u2013 Povelje 47. Sabora narodnog stvarala\u0161tva \u0160umadije \u201cPro\u0111oh Leva\u010d, pro\u0111oh \u0160umadiju\u201dSabora bi\u0107e dodeljene frula\u0161u Milanu Jovanovi\u0107u i sela Te\u010di\u0107 kod Rekovca i Dom zdravlja u Rekovcu. To je odluka Organizacioni odbor sabora. Povelja nosi ime za\u010detnika manifestacije Brativoja Markovi\u0107a i dodelju se od 2006. godine pojedincima i institucijama koje su od zna\u010daja za kulturni i ekonomski razvoj Rekovca.<br \/>\nManifestacija bi\u0107e odr\u017eana 6. i 7. avgusta, po tradiciji u porti srednjovekovnog manastira Kaleni\u0107 kod Rekovca i na Letnjoj pozornici kraj Kaleni\u0107ke reke, najavila je danas direktora Kulturnog centra u Rekovcu Katarina Avramov.<\/p>\n<p><div id='gallery-1' class='gallery galleryid-3932 gallery-columns-3 gallery-size-large'><figure class='gallery-item'>\n\t\t\t<div class='gallery-icon landscape'>\n\t\t\t\t<a href='https:\/\/centralmedia.rs\/index.php\/2016\/07\/25\/sabor-u-levcu-prodoh-levac-prodoh-sumadiju\/sabor-2-rekovac-tor\/'><img loading=\"lazy\" decoding=\"async\" width=\"760\" height=\"504\" src=\"https:\/\/centralmedia.rs\/wp-content\/uploads\/2016\/07\/sabor-2-rekovac-tor.jpg\" class=\"attachment-large size-large\" alt=\"\" srcset=\"https:\/\/centralmedia.rs\/wp-content\/uploads\/2016\/07\/sabor-2-rekovac-tor.jpg 904w, https:\/\/centralmedia.rs\/wp-content\/uploads\/2016\/07\/sabor-2-rekovac-tor-300x199.jpg 300w, https:\/\/centralmedia.rs\/wp-content\/uploads\/2016\/07\/sabor-2-rekovac-tor-768x510.jpg 768w\" sizes=\"(max-width: 760px) 100vw, 760px\" \/><\/a>\n\t\t\t<\/div><\/figure><figure class='gallery-item'>\n\t\t\t<div class='gallery-icon landscape'>\n\t\t\t\t<a href='https:\/\/centralmedia.rs\/index.php\/2016\/07\/25\/sabor-u-levcu-prodoh-levac-prodoh-sumadiju\/sabor-3-rekovac-tor\/'><img loading=\"lazy\" decoding=\"async\" width=\"760\" height=\"520\" src=\"https:\/\/centralmedia.rs\/wp-content\/uploads\/2016\/07\/sabor-3-rekovac-tor.jpg\" class=\"attachment-large size-large\" alt=\"\" srcset=\"https:\/\/centralmedia.rs\/wp-content\/uploads\/2016\/07\/sabor-3-rekovac-tor.jpg 900w, https:\/\/centralmedia.rs\/wp-content\/uploads\/2016\/07\/sabor-3-rekovac-tor-300x205.jpg 300w, https:\/\/centralmedia.rs\/wp-content\/uploads\/2016\/07\/sabor-3-rekovac-tor-768x526.jpg 768w, https:\/\/centralmedia.rs\/wp-content\/uploads\/2016\/07\/sabor-3-rekovac-tor-218x150.jpg 218w\" sizes=\"(max-width: 760px) 100vw, 760px\" \/><\/a>\n\t\t\t<\/div><\/figure><figure class='gallery-item'>\n\t\t\t<div class='gallery-icon landscape'>\n\t\t\t\t<a href='https:\/\/centralmedia.rs\/index.php\/2016\/07\/25\/sabor-u-levcu-prodoh-levac-prodoh-sumadiju\/sabor-rekovac-tor\/'><img loading=\"lazy\" decoding=\"async\" width=\"760\" height=\"504\" src=\"https:\/\/centralmedia.rs\/wp-content\/uploads\/2016\/07\/sabor-rekovac-tor.jpg\" class=\"attachment-large size-large\" alt=\"\" aria-describedby=\"gallery-1-3936\" srcset=\"https:\/\/centralmedia.rs\/wp-content\/uploads\/2016\/07\/sabor-rekovac-tor.jpg 904w, https:\/\/centralmedia.rs\/wp-content\/uploads\/2016\/07\/sabor-rekovac-tor-300x199.jpg 300w, https:\/\/centralmedia.rs\/wp-content\/uploads\/2016\/07\/sabor-rekovac-tor-768x510.jpg 768w\" sizes=\"(max-width: 760px) 100vw, 760px\" \/><\/a>\n\t\t\t<\/div>\n\t\t\t\t<figcaption class='wp-caption-text gallery-caption' id='gallery-1-3936'>\n\t\t\t\t????????????????????????????????????\n\t\t\t\t<\/figcaption><\/figure>\n\t\t<\/div>\n<br \/>\nOtvori\u0107e ga, po obi\u010daju, predstavnik vlade, a goste i u\u010desnike \u0107e pozdraviti predsednik op\u0161tine i Organizacionog odbora dr Aleksandar \u0110or\u0111evi\u0107.<br \/>\n-Jo\u0161 nismo dobili potvrdu ko \u0107e ispred vlade otvoriti sabor, a ni koje \u0107e ministarstvo biti pokrovitelj, pro\u0161le godine je bilo Ministarstvo poljoprivrede i za\u0161tite \u017eivotne sredine, a ranijih godina Ministarstvo kulture i informisanja, istakla je Avramov.<br \/>\nCeremonija sve\u010danog otvarnja, zakazana je za 18 sati, po tradiciji u porti manastira \u201cKaleni\u0107\u201d, oko 16 kilometara od Rekovca, a sabor \u0107e biti nastavljen idu\u0107eg dana smotrom kulturno umetni\u010dkih dru\u0161tava \u0160umadije i Pomoravlja i njihovih gostiju iz cele Srbije i inostranstva, koji \u0107e nastupiti na Letnjoj pozornici kraj Kaleni\u0107ke reke. Gostuju\u0107a KUD \u0107e nastupiti u revijalnom delu programa.<br \/>\nSve\u010danom otvaranju Sabora prisustova\u0107e predstavnici diplomatskog kora u Srbiji, predstavnici vlade, javni i kulturni radnici Srbije, prestavnici crkve i Eparhije \u0161umadijske.<br \/>\nKulturno umetni\u010dki program, na sve\u010danom otvaranju, izve\u0161\u0107e vokalni solista Biljana Krsti\u0107 i \u201cBistrik orkestar\u201d, a nastupi\u0107e i trupa \u201cUna Saga Serbica\u201d sa igra\u010dkim, muzi\u010dkim i scenskim programom koji \u0107e biti baziran na modernizaciji izvornih igara Balnaka, propra\u0107en etno muzikom.<br \/>\nNastupi\u0107e i glumac Tihomir Arsi\u0107, sa stihovima \u0110ure Jak\u0161i\u0107a, Desanke Maksimovi\u0107, monologom iz predstave \u201cSolunci govore\u201d i besedom vladike Nikolaja Velimirovi\u0107a.<br \/>\nPre sve\u010denog otvaranja u Osnovnoj \u0161koli u Kaleni\u0107u bi\u0107e otvorena izlo\u017eba knjiga: stare i retke srpske klnjige, novine, \u010dasopisi i publikacije, najmanja knjiga na svetu\u2026 i prva izlo\u017eba slika samoukog slikara Tomislava Savi\u0107a iz Kaleni\u0107kog Prnjavora.<br \/>\nDrugi dan saborovanja, po\u010de\u0107e svetom liturgijom u manastirskoj crkvi, koju \u0107e slu\u017eiti vladika \u0161umadijski Jovan.<br \/>\nNa Letnjoj pozornici kraj Kaleni\u0107ke reke, nastupi\u0107e 15 kulturnoumetni\u010dkih dru\u0161tava i vokalnih grupa, a organizatori o\u010dekuju posetu ve\u0107u do 20.000 ljudi. Nastupi\u0107e i Danijel Dragi\u010devi\u0107, u\u010denik poznatog Leva\u010dkog majstora na harmonici Jovana Toke \u0106irkovi\u0107a.<br \/>\nBi\u0107e izabrana najlep\u0161a devojka Sabora, devojka sa najdu\u017eim pletenicama, mu\u0161karac sa najdu\u017eim brkovima i najlep\u0161a, o\u010duvana, mu\u0161ka i zenska narodna no\u0161nja \u0160umadije.<br \/>\nU manastirskoj porti bi\u0107e uprili\u010dena izlo\u017eba \u201cZlatne ruke Lev\u010da\u201d doma\u0107e radinosti, takmi\u010denje zdravi\u010dara, priprema i degustacija starih jela Lev\u010da, progla\u0161enje pobednika u izboru najlep\u0161eg dvori\u0161ta u \u0160umadiji i Pomoravlju.<br \/>\nDo letnje pozornice, od manastirske porte, KUD, u\u010desnici Sabora, pro\u0107i\u0107e u sve\u010danom defileju.<br \/>\n\u201cSabor pro\u0111oh Leva\u010d, pro\u0111oh \u0160umadiju\u201d, pre 47. godinu utemeljio je u\u010ditelj toga kraja Brativoje Markovi\u0107 iz Belu\u0161i\u0107a kod Rekovca, gde je sabor odr\u017eavan prvih pet godina, a na \u010diji je predlog kasnije, preseljen u portu manastira Kaleni\u0107.<\/p>\n<p>&nbsp;<\/p>\n<p><strong><em>Pozitivni primeri Razglednica iz Rekovca \u2013 Projekat se realizuje uz pomo\u0107 sredstava iz bud\u017eeta Op\u0161tine Rekovac.<\/em><\/strong><\/p>\n","protected":false},"excerpt":{"rendered":"<p>REKOVAC \u2013 Povelje 47. Sabora narodnog stvarala\u0161tva \u0160umadije \u201cPro\u0111oh Leva\u010d, pro\u0111oh \u0160umadiju\u201dSabora bi\u0107e dodeljene frula\u0161u Milanu Jovanovi\u0107u i sela Te\u010di\u0107 kod Rekovca i Dom zdravlja &hellip; <\/p>\n","protected":false},"author":4,"featured_media":3933,"comment_status":"open","ping_status":"open","sticky":false,"template":"","format":"standard","meta":{"footnotes":""},"categories":[1524,2,15,887,1519,12],"tags":[704,441,1035],"_links":{"self":[{"href":"https:\/\/centralmedia.rs\/index.php\/wp-json\/wp\/v2\/posts\/3932"}],"collection":[{"href":"https:\/\/centralmedia.rs\/index.php\/wp-json\/wp\/v2\/posts"}],"about":[{"href":"https:\/\/centralmedia.rs\/index.php\/wp-json\/wp\/v2\/types\/post"}],"author":[{"embeddable":true,"href":"https:\/\/centralmedia.rs\/index.php\/wp-json\/wp\/v2\/users\/4"}],"replies":[{"embeddable":true,"href":"https:\/\/centralmedia.rs\/index.php\/wp-json\/wp\/v2\/comments?post=3932"}],"version-history":[{"count":0,"href":"https:\/\/centralmedia.rs\/index.php\/wp-json\/wp\/v2\/posts\/3932\/revisions"}],"wp:featuredmedia":[{"embeddable":true,"href":"https:\/\/centralmedia.rs\/index.php\/wp-json\/wp\/v2\/media\/3933"}],"wp:attachment":[{"href":"https:\/\/centralmedia.rs\/index.php\/wp-json\/wp\/v2\/media?parent=3932"}],"wp:term":[{"taxonomy":"category","embeddable":true,"href":"https:\/\/centralmedia.rs\/index.php\/wp-json\/wp\/v2\/categories?post=3932"},{"taxonomy":"post_tag","embeddable":true,"href":"https:\/\/centralmedia.rs\/index.php\/wp-json\/wp\/v2\/tags?post=3932"}],"curies":[{"name":"wp","href":"https:\/\/api.w.org\/{rel}","templated":true}]}}