{"id":39347,"date":"2024-08-09T18:38:38","date_gmt":"2024-08-09T16:38:38","guid":{"rendered":"https:\/\/centralmedia.rs\/?p=39347"},"modified":"2024-08-15T17:54:38","modified_gmt":"2024-08-15T15:54:38","slug":"palma-propali-politicari-hoce-u-subotu-da-izvrse-puc-u-srbiji","status":"publish","type":"post","link":"https:\/\/centralmedia.rs\/index.php\/2024\/08\/09\/palma-propali-politicari-hoce-u-subotu-da-izvrse-puc-u-srbiji\/","title":{"rendered":"PALMA : PROPALI POLITI\u010cARI HO\u0106E U SUBOTU DA IZVR\u0160E PU\u010c U SRBIJI"},"content":{"rendered":"\n<p>\u201eSkup koji je zakazan u subotu u Beogradu je politi\u010dki skup, a ne ekolo\u0161ki. Organizatori su politi\u010dari, a ne narod. Narod se zloupotrebljava i to nije prvi put. Bili smo svedoci na ulicama Beograda za vreme korone kada je opozicija organizovala skupove protiv vakcinacije i ko zna koliko je ljudi to ko\u0161talo \u017eivota, koji se nisu vakcinisali, a tada je dr\u017eava Srbija na \u010delu sa predsednikom Aleksandrom Vu\u010di\u0107em me\u0111u prvima u svetu imala vakcine da bi spa\u0161avala svoj narod i donirala vakcine drugim dr\u017eavama. Opozicija zloupotrebljava i Kosovo i Metohiju i Republiku Srpsku, a sada zlouptrebljava i Evropsku uniju. Ovo \u0161to se de\u0161ava je napad na predsednika Srbije Aleksandra Vu\u010di\u0107a. Ti propali politi\u010dari ne mogu da pobede Vu\u010di\u0107a na izborima i ho\u0107e putem pu\u010da da uzmu vlast. Po\u0161tovani gra\u0111ani Srbije, ne slu\u0161ajte politi\u010dke profitere, ve\u0107 verujte svojim o\u010dima i delima koje je napravio predsednik Vu\u010di\u0107. Problem opozicije i svih protivnika Srbije i iznutra i spolja je to \u0161to Vu\u010di\u0107u ne mogu da na\u0111u ni\u0161ta, da je ne\u0161to uradio vezano za kriminal. Srbija nije Banglade\u0161 odakle premijeri i vlast be\u017ee. Jaka i stabilna Srbija ne odgovara Kurtiju, Plenkovi\u0107u, bo\u0161nja\u010dkim politi\u010darima u Bosni i Hercegovini, nekima na zapadu i opoziciji u Srbiji. Ali jaka i stabilna Srbija odgovara nama, gra\u0111anima Srbije \u010dija deca i unuci \u017eive u Srbiji i \u017eive\u0107e\u201c, izjavio je predsednik Jedinstvene Srbije Dragan Markovi\u0107 Palma.<\/p>\n","protected":false},"excerpt":{"rendered":"<p>\u201eSkup koji je zakazan u subotu u Beogradu je politi\u010dki skup, a ne ekolo\u0161ki. Organizatori su politi\u010dari, a ne narod. Narod se zloupotrebljava i to &hellip; <\/p>\n","protected":false},"author":2,"featured_media":39348,"comment_status":"closed","ping_status":"open","sticky":false,"template":"","format":"standard","meta":{"footnotes":""},"categories":[1524,1514,13,12],"tags":[532,120],"_links":{"self":[{"href":"https:\/\/centralmedia.rs\/index.php\/wp-json\/wp\/v2\/posts\/39347"}],"collection":[{"href":"https:\/\/centralmedia.rs\/index.php\/wp-json\/wp\/v2\/posts"}],"about":[{"href":"https:\/\/centralmedia.rs\/index.php\/wp-json\/wp\/v2\/types\/post"}],"author":[{"embeddable":true,"href":"https:\/\/centralmedia.rs\/index.php\/wp-json\/wp\/v2\/users\/2"}],"replies":[{"embeddable":true,"href":"https:\/\/centralmedia.rs\/index.php\/wp-json\/wp\/v2\/comments?post=39347"}],"version-history":[{"count":1,"href":"https:\/\/centralmedia.rs\/index.php\/wp-json\/wp\/v2\/posts\/39347\/revisions"}],"predecessor-version":[{"id":39349,"href":"https:\/\/centralmedia.rs\/index.php\/wp-json\/wp\/v2\/posts\/39347\/revisions\/39349"}],"wp:featuredmedia":[{"embeddable":true,"href":"https:\/\/centralmedia.rs\/index.php\/wp-json\/wp\/v2\/media\/39348"}],"wp:attachment":[{"href":"https:\/\/centralmedia.rs\/index.php\/wp-json\/wp\/v2\/media?parent=39347"}],"wp:term":[{"taxonomy":"category","embeddable":true,"href":"https:\/\/centralmedia.rs\/index.php\/wp-json\/wp\/v2\/categories?post=39347"},{"taxonomy":"post_tag","embeddable":true,"href":"https:\/\/centralmedia.rs\/index.php\/wp-json\/wp\/v2\/tags?post=39347"}],"curies":[{"name":"wp","href":"https:\/\/api.w.org\/{rel}","templated":true}]}}