{"id":39368,"date":"2024-08-12T17:52:28","date_gmt":"2024-08-12T15:52:28","guid":{"rendered":"https:\/\/centralmedia.rs\/?p=39368"},"modified":"2024-08-15T17:52:39","modified_gmt":"2024-08-15T15:52:39","slug":"2-viteski-festival-despot-stefan-lazarevic-u-manasiji-kod-despotovca","status":"publish","type":"post","link":"https:\/\/centralmedia.rs\/index.php\/2024\/08\/12\/2-viteski-festival-despot-stefan-lazarevic-u-manasiji-kod-despotovca\/","title":{"rendered":"2. VITE\u0160KI FESTIVAL \u201eDESPOT STEFAN LAZAREVI\u0106\u201c U MANASIJI KOD DESPOTOVCA"},"content":{"rendered":"\n<p>Dvodnevni 2. Vite\u0161ki festival &#8220;Despot Stefan Lazarevi\u0107&#8221;, odr\u017ean pod zidinama manastira Manasija kod Despotovca. Posle prvog dana i sve\u010danog otvaranja festivala, sve\u010danog defiela i prikaza borbe sa vatrom, drugog dana usledile su vite\u0161ke borbe, konji\u010dka nadmetanja, sokolarske igare, takmi\u010denja u strelja\u0161tvu, \u0161to je okupilo veliki broj zaljubljenika u srednjevekovno vite\u0161tvo. Porodice sa decom imale su veliki broj sadr\u017eaja za zabavu i edukaciju o \u017eivotu u srednjem veku.<\/p>\n\n\n\n<p>Ve\u010dernjim muzi\u010dkim koncertima Danice Krsti\u0107 i Ivana Milinkovi\u0107a uz ansambl Branimira \u0110oki\u0107a a posle toga i koncertu rok grupe New Deal iz Bora upotpunjen je dan.<\/p>\n\n\n\n<p>-Svi Despotov\u010dani trebaju dok \u017eivi Despotovac da odaju po\u010dast i slavu jednom \u010doveku kakav je bio Despot Stefan Lazarevi\u0107. Njega su i protivnici na bojnom polju, a i njegovi, zvali sinom, rekao je dr Zlatko Marjanovi\u0107, predsednik op\u0161tine Despotovac.<\/p>\n\n\n\n<p>Vite\u0161ki festival odr\u017ean je pod pokroviteljstvom op\u0161tine Despotovac i javnog preduze\u0107a Resavska pe\u0107ina u okviru 32. Dana Srpskog duhovnog preobra\u017eenja.<\/p>\n","protected":false},"excerpt":{"rendered":"<p>Dvodnevni 2. Vite\u0161ki festival &#8220;Despot Stefan Lazarevi\u0107&#8221;, odr\u017ean pod zidinama manastira Manasija kod Despotovca. Posle prvog dana i sve\u010danog otvaranja festivala, sve\u010danog defiela i prikaza &hellip; <\/p>\n","protected":false},"author":2,"featured_media":39369,"comment_status":"closed","ping_status":"open","sticky":false,"template":"","format":"standard","meta":{"footnotes":""},"categories":[1518,1524,15,12],"tags":[51,1168],"_links":{"self":[{"href":"https:\/\/centralmedia.rs\/index.php\/wp-json\/wp\/v2\/posts\/39368"}],"collection":[{"href":"https:\/\/centralmedia.rs\/index.php\/wp-json\/wp\/v2\/posts"}],"about":[{"href":"https:\/\/centralmedia.rs\/index.php\/wp-json\/wp\/v2\/types\/post"}],"author":[{"embeddable":true,"href":"https:\/\/centralmedia.rs\/index.php\/wp-json\/wp\/v2\/users\/2"}],"replies":[{"embeddable":true,"href":"https:\/\/centralmedia.rs\/index.php\/wp-json\/wp\/v2\/comments?post=39368"}],"version-history":[{"count":1,"href":"https:\/\/centralmedia.rs\/index.php\/wp-json\/wp\/v2\/posts\/39368\/revisions"}],"predecessor-version":[{"id":39370,"href":"https:\/\/centralmedia.rs\/index.php\/wp-json\/wp\/v2\/posts\/39368\/revisions\/39370"}],"wp:featuredmedia":[{"embeddable":true,"href":"https:\/\/centralmedia.rs\/index.php\/wp-json\/wp\/v2\/media\/39369"}],"wp:attachment":[{"href":"https:\/\/centralmedia.rs\/index.php\/wp-json\/wp\/v2\/media?parent=39368"}],"wp:term":[{"taxonomy":"category","embeddable":true,"href":"https:\/\/centralmedia.rs\/index.php\/wp-json\/wp\/v2\/categories?post=39368"},{"taxonomy":"post_tag","embeddable":true,"href":"https:\/\/centralmedia.rs\/index.php\/wp-json\/wp\/v2\/tags?post=39368"}],"curies":[{"name":"wp","href":"https:\/\/api.w.org\/{rel}","templated":true}]}}