{"id":39393,"date":"2024-08-20T13:43:05","date_gmt":"2024-08-20T11:43:05","guid":{"rendered":"https:\/\/centralmedia.rs\/?p=39393"},"modified":"2024-08-21T08:56:48","modified_gmt":"2024-08-21T06:56:48","slug":"u-jagodini-danas-na-manifestaciji-otvoreni-dan-9000-ljudi","status":"publish","type":"post","link":"https:\/\/centralmedia.rs\/index.php\/2024\/08\/20\/u-jagodini-danas-na-manifestaciji-otvoreni-dan-9000-ljudi\/","title":{"rendered":"U Jagodini danas na manifestaciji \u201eOtvoreni dan\u201c 9000 ljudi"},"content":{"rendered":"\n<p>PALMA : JAGODINA PUNA TURISTA I KADA KI\u0160A PADA<\/p>\n\n\n\n<figure class=\"wp-block-gallery has-nested-images columns-default is-cropped wp-block-gallery-1 is-layout-flex wp-block-gallery-is-layout-flex\">\n<figure class=\"wp-block-image size-large\"><img loading=\"lazy\" decoding=\"async\" width=\"1024\" height=\"705\" data-id=\"39396\" src=\"https:\/\/centralmedia.rs\/wp-content\/uploads\/2024\/08\/muzej-1024x705.jpg\" alt=\"\" class=\"wp-image-39396\" srcset=\"https:\/\/centralmedia.rs\/wp-content\/uploads\/2024\/08\/muzej-1024x705.jpg 1024w, https:\/\/centralmedia.rs\/wp-content\/uploads\/2024\/08\/muzej-300x207.jpg 300w, https:\/\/centralmedia.rs\/wp-content\/uploads\/2024\/08\/muzej-768x529.jpg 768w, https:\/\/centralmedia.rs\/wp-content\/uploads\/2024\/08\/muzej-1536x1058.jpg 1536w, https:\/\/centralmedia.rs\/wp-content\/uploads\/2024\/08\/muzej.jpg 1600w\" sizes=\"(max-width: 1024px) 100vw, 1024px\" \/><\/figure>\n\n\n\n<figure class=\"wp-block-image size-large\"><img loading=\"lazy\" decoding=\"async\" width=\"1024\" height=\"631\" data-id=\"39395\" src=\"https:\/\/centralmedia.rs\/wp-content\/uploads\/2024\/08\/muzej1-1024x631.jpg\" alt=\"\" class=\"wp-image-39395\" srcset=\"https:\/\/centralmedia.rs\/wp-content\/uploads\/2024\/08\/muzej1-1024x631.jpg 1024w, https:\/\/centralmedia.rs\/wp-content\/uploads\/2024\/08\/muzej1-300x185.jpg 300w, https:\/\/centralmedia.rs\/wp-content\/uploads\/2024\/08\/muzej1-768x473.jpg 768w, https:\/\/centralmedia.rs\/wp-content\/uploads\/2024\/08\/muzej1-1536x947.jpg 1536w, https:\/\/centralmedia.rs\/wp-content\/uploads\/2024\/08\/muzej1.jpg 1600w\" sizes=\"(max-width: 1024px) 100vw, 1024px\" \/><\/figure>\n<\/figure>\n\n\n\n<p>\u201eIako je od ranih jutarnjih sati u Jagodini padala ki\u0161a, oko 9000 ljudi danas boravi u Jagodini na tradicionalnoj manifestaciji \u201eOtvoreni dan\u201c kada je besplatan ulaz u sve turisti\u010dke destinacije Jagodine. Jagodina je jedinstvena po tome \u0161to smo prvi u Srbiji napravili Akva park, prvi Zoolo\u0161ki vrt ju\u017eno od Beograda, prvi Muzej vo\u0161tanih figura u ovom delu Evrope, svi gra\u0111ani na teritoriji grada Jagodine i sva 52 sela imaju besplatan prevoz, godi\u0161nje vodimo 3000 ljudi u neku dr\u017eavu o tro\u0161ku donatora i prvi smo napravili industrijsku zonu u kojoj danas ima 14 fabrika, koje smo sami doveli. Uz sve to zimi kada snega nema nigde u Srbiji i kada je sunce, u Jagodini ima snega, ve\u0161ta\u010dkog, koji pravimo topovima na jedinom skijali\u0161tu u gradu u Srbiji. I po svemu tome smo jedinstveni i jedini, ne samo u Srbiji. Turisti\u010dki kompleks je tako\u0111e jedna industrijska zona i koliko je Jagodina pose\u0107ena najbolje govori podatak da danas nema slobodnih kreveta ni u apartmanima ni u hotelima\u201c, izjavio je danas novinarima u Akva parku u Jagodini predsednik Skup\u0161tine grada Jagodine Dragan Markovi\u0107 Palma.<\/p>\n\n\n\n<figure class=\"wp-block-gallery has-nested-images columns-default is-cropped wp-block-gallery-2 is-layout-flex wp-block-gallery-is-layout-flex\">\n<figure class=\"wp-block-image size-large\"><img loading=\"lazy\" decoding=\"async\" width=\"1024\" height=\"658\" data-id=\"39397\" src=\"https:\/\/centralmedia.rs\/wp-content\/uploads\/2024\/08\/palma1-1-1024x658.jpg\" alt=\"\" class=\"wp-image-39397\" srcset=\"https:\/\/centralmedia.rs\/wp-content\/uploads\/2024\/08\/palma1-1-1024x658.jpg 1024w, https:\/\/centralmedia.rs\/wp-content\/uploads\/2024\/08\/palma1-1-300x193.jpg 300w, https:\/\/centralmedia.rs\/wp-content\/uploads\/2024\/08\/palma1-1-768x493.jpg 768w, https:\/\/centralmedia.rs\/wp-content\/uploads\/2024\/08\/palma1-1-1536x987.jpg 1536w, https:\/\/centralmedia.rs\/wp-content\/uploads\/2024\/08\/palma1-1.jpg 1600w\" sizes=\"(max-width: 1024px) 100vw, 1024px\" \/><\/figure>\n\n\n\n<figure class=\"wp-block-image size-large\"><img loading=\"lazy\" decoding=\"async\" width=\"1024\" height=\"768\" data-id=\"39398\" src=\"https:\/\/centralmedia.rs\/wp-content\/uploads\/2024\/08\/zoo-1024x768.jpg\" alt=\"\" class=\"wp-image-39398\" srcset=\"https:\/\/centralmedia.rs\/wp-content\/uploads\/2024\/08\/zoo-1024x768.jpg 1024w, https:\/\/centralmedia.rs\/wp-content\/uploads\/2024\/08\/zoo-300x225.jpg 300w, https:\/\/centralmedia.rs\/wp-content\/uploads\/2024\/08\/zoo-768x576.jpg 768w, https:\/\/centralmedia.rs\/wp-content\/uploads\/2024\/08\/zoo-1536x1152.jpg 1536w, https:\/\/centralmedia.rs\/wp-content\/uploads\/2024\/08\/zoo.jpg 1600w\" sizes=\"(max-width: 1024px) 100vw, 1024px\" \/><\/figure>\n<\/figure>\n\n\n\n<p> \u201eNa\u0161 cilj je da svi \u017eive od svog rada i da deca i omladina ostaju u svom gradu i svojoj dr\u017eavi Srbiji, jer to je \u017eelja svakog roditelja, deke i bake. I poslednjih godina sve manje ljudi iz Srbije odlazi u inostranstvo, \u0161to je velika stvar kako za porodice, tako i za dr\u017eavu Srbiju\u201c, istakao je Markovi\u0107, koji je zatim pro\u0161etao Akva parkom i, na njihovu molbu, slikao se sa posetiocima kojih je bilo od Subotice do Pre\u0161eva i od U\u017eica do Kladova. I jedna zanimljivost na dana\u0161njem Otvorenom danu u Jagodini je ta \u0161to je Zavi\u010dajni muzej u Jagodini danas oborio rekord pose\u0107enosti u svojoj istoriji, od 1954. godine. Prema podacima uprave tog muzeja, kroz njegove kapije danas je pro\u0161lo oko 5000 ljudi<\/p>\n","protected":false},"excerpt":{"rendered":"<p>PALMA : JAGODINA PUNA TURISTA I KADA KI\u0160A PADA \u201eIako je od ranih jutarnjih sati u Jagodini padala ki\u0161a, oko 9000 ljudi danas boravi u &hellip; <\/p>\n","protected":false},"author":2,"featured_media":39394,"comment_status":"closed","ping_status":"open","sticky":false,"template":"","format":"standard","meta":{"footnotes":""},"categories":[1524,2,1514,23,3054],"tags":[862,58,120],"_links":{"self":[{"href":"https:\/\/centralmedia.rs\/index.php\/wp-json\/wp\/v2\/posts\/39393"}],"collection":[{"href":"https:\/\/centralmedia.rs\/index.php\/wp-json\/wp\/v2\/posts"}],"about":[{"href":"https:\/\/centralmedia.rs\/index.php\/wp-json\/wp\/v2\/types\/post"}],"author":[{"embeddable":true,"href":"https:\/\/centralmedia.rs\/index.php\/wp-json\/wp\/v2\/users\/2"}],"replies":[{"embeddable":true,"href":"https:\/\/centralmedia.rs\/index.php\/wp-json\/wp\/v2\/comments?post=39393"}],"version-history":[{"count":1,"href":"https:\/\/centralmedia.rs\/index.php\/wp-json\/wp\/v2\/posts\/39393\/revisions"}],"predecessor-version":[{"id":39399,"href":"https:\/\/centralmedia.rs\/index.php\/wp-json\/wp\/v2\/posts\/39393\/revisions\/39399"}],"wp:featuredmedia":[{"embeddable":true,"href":"https:\/\/centralmedia.rs\/index.php\/wp-json\/wp\/v2\/media\/39394"}],"wp:attachment":[{"href":"https:\/\/centralmedia.rs\/index.php\/wp-json\/wp\/v2\/media?parent=39393"}],"wp:term":[{"taxonomy":"category","embeddable":true,"href":"https:\/\/centralmedia.rs\/index.php\/wp-json\/wp\/v2\/categories?post=39393"},{"taxonomy":"post_tag","embeddable":true,"href":"https:\/\/centralmedia.rs\/index.php\/wp-json\/wp\/v2\/tags?post=39393"}],"curies":[{"name":"wp","href":"https:\/\/api.w.org\/{rel}","templated":true}]}}