{"id":39409,"date":"2024-08-22T15:27:17","date_gmt":"2024-08-22T13:27:17","guid":{"rendered":"https:\/\/centralmedia.rs\/?p=39409"},"modified":"2024-08-22T15:27:18","modified_gmt":"2024-08-22T13:27:18","slug":"palma-dzaba-ti-lazi-nikola-radosavljevicu-gradani-jagodine-dobro-znaju-istinu","status":"publish","type":"post","link":"https:\/\/centralmedia.rs\/index.php\/2024\/08\/22\/palma-dzaba-ti-lazi-nikola-radosavljevicu-gradani-jagodine-dobro-znaju-istinu\/","title":{"rendered":"PALMA: D\u017eABA TI LA\u017dI NIKOLA RADOSAVLjEVI\u0106U, GRA\u0110ANI JAGODINE DOBRO ZNAJU ISTINU"},"content":{"rendered":"\n<p>Lider JS i prvi \u010dovek Jagodine Dragan Markovi\u0107 Palma uputio je odgovor predsedniku jagodinskih naprednjaka Nikoli Radosavljevi\u0107u na njegovo regovanje posle manifestacije Otvoreni dan.<\/p>\n\n\n\n<p>-Nikola Radosavljevi\u0107 je punih 8 godina bio na vlasti u Jagodini a nije uradio ama ba\u0161 ni\u0161ta za na\u0161 grad, osim manipulacija, la\u017ei i poku\u0161aja sticanja jeftinih politi\u010dkih poena. Poslednja njegova objava na dru\u0161tvenoj mre\u017ei ponovni je poku\u0161aj da \u0161iri paniku me\u0111u gra\u0111anima na\u0161eg grada, zbog \u010dega mu je podneta krivi\u010dna prijava pre mesec dana, vezano za vodosnabdevanje i kanalizaciju, stoji u Markovi\u0107evom odgovoru.<\/p>\n\n\n\n<p>On obja\u0161njava da je Radosavljevi\u0107 manipulacijom kvar na vodvodnoj mre\u017ei predstavio kao baha\u0107enje lokalne vlasti, a istina je da je &nbsp;JP &#8220;Standard&#8221; obavestilo je gra\u0111ane u vezi isklju\u010denje vode na njihovom sajtu, kao i na dru\u0161tvenim mre\u017eama fejsbuku i instagramu, i da je to zbog radova na sanaciji kvarova na mre\u017ei. Zbog toga su u ulici Radmila \u0110or\u0111evi\u0107a morali da ispuste vodu iz hidrantna kako bi smanjili pritisak u mre\u017ei da bi popravili kvar.<\/p>\n\n\n\n<p>-Tu situaciju je Nikola Radosavljevi\u0107 iskoristio da plasira la\u017e samo dan posle &#8220;Otvorenog dana&#8221;, kada je na\u0161 grad posetilo desetine hiljada ljudi iz Srbije i inostranstva. Izjedan ljubomorom, jer bi verovatno voleo da Jagodinu niko ne pose\u0107uje, on je nastavio sa svojim podmuklim, ljigavim manipulacijama i la\u017eima, ba\u0161 kako je radio sve vreme tokom izborne kampanje, i nakon izbora na kojima je katastrofalno pora\u017een jer su gra\u0111ani Jagodine prozreli njegovu pokvarenu nameru. Nastavi\u0107e Nikola sa svojim podlim la\u017eima preko dru\u0161tvenih mre\u017ea, ali mi \u0107emo narednih dana podeliti gra\u0111anima Jagodine bilten i CD sa \u010dinjenicama i dokazima o liku i delu Nikole Radosavljevi\u0107a, njegovog kuma i odbornika Bojana Vasi\u0107a, Srboljuba Mileti\u0107a, biv\u0161eg direktora Zavi\u010dajnog muzeja, Dalibora Dacka Raki\u0107a, Marka Boji\u0107a, direktor biblioteke, Ivana Stamenkovi\u0107a biv\u0161eg zamenika gradona\u010delnika, kao i jo\u0161 nekoliko uglednih ljudi sa te liste koji su izmanipulisani i koji su mu slepo verovali kao \u0161to su dr Aleksandar Ili\u0107, Dobrica Milo\u0161evi\u0107, Miroslav Tasi\u0107 i drugi, navodi Markovi\u0107.<\/p>\n\n\n\n<figure class=\"wp-block-image size-full\"><img loading=\"lazy\" decoding=\"async\" width=\"512\" height=\"640\" src=\"http:\/\/centralmedia.rs\/wp-content\/uploads\/2024\/08\/sns.jpg\" alt=\"\" class=\"wp-image-39410\" srcset=\"https:\/\/centralmedia.rs\/wp-content\/uploads\/2024\/08\/sns.jpg 512w, https:\/\/centralmedia.rs\/wp-content\/uploads\/2024\/08\/sns-240x300.jpg 240w\" sizes=\"(max-width: 512px) 100vw, 512px\" \/><\/figure>\n\n\n\n<p>Predhodno je Radosavljevi\u0107 na dru\u0161tenim mre\u017eama objavio da su ,,posle &#8220;otvorenog dana u Jagodini &#8221; zatvorene slavine. Sada se i po ulicama otvaraju kupali\u0161ta, a Vlada Republike Srbije uplatila je gradu preko milion evra 12.08.2024. godine Re\u0161enjem o upotrebi sredstava bud\u017eetske rezerve broj 92\/23 kako bi grad normalno funkcionisao.\u201d<\/p>\n","protected":false},"excerpt":{"rendered":"<p>Lider JS i prvi \u010dovek Jagodine Dragan Markovi\u0107 Palma uputio je odgovor predsedniku jagodinskih naprednjaka Nikoli Radosavljevi\u0107u na njegovo regovanje posle manifestacije Otvoreni dan. -Nikola &hellip; <\/p>\n","protected":false},"author":2,"featured_media":39348,"comment_status":"closed","ping_status":"open","sticky":false,"template":"","format":"standard","meta":{"footnotes":""},"categories":[1524,2,1514,13,12],"tags":[58,120,136],"_links":{"self":[{"href":"https:\/\/centralmedia.rs\/index.php\/wp-json\/wp\/v2\/posts\/39409"}],"collection":[{"href":"https:\/\/centralmedia.rs\/index.php\/wp-json\/wp\/v2\/posts"}],"about":[{"href":"https:\/\/centralmedia.rs\/index.php\/wp-json\/wp\/v2\/types\/post"}],"author":[{"embeddable":true,"href":"https:\/\/centralmedia.rs\/index.php\/wp-json\/wp\/v2\/users\/2"}],"replies":[{"embeddable":true,"href":"https:\/\/centralmedia.rs\/index.php\/wp-json\/wp\/v2\/comments?post=39409"}],"version-history":[{"count":1,"href":"https:\/\/centralmedia.rs\/index.php\/wp-json\/wp\/v2\/posts\/39409\/revisions"}],"predecessor-version":[{"id":39411,"href":"https:\/\/centralmedia.rs\/index.php\/wp-json\/wp\/v2\/posts\/39409\/revisions\/39411"}],"wp:featuredmedia":[{"embeddable":true,"href":"https:\/\/centralmedia.rs\/index.php\/wp-json\/wp\/v2\/media\/39348"}],"wp:attachment":[{"href":"https:\/\/centralmedia.rs\/index.php\/wp-json\/wp\/v2\/media?parent=39409"}],"wp:term":[{"taxonomy":"category","embeddable":true,"href":"https:\/\/centralmedia.rs\/index.php\/wp-json\/wp\/v2\/categories?post=39409"},{"taxonomy":"post_tag","embeddable":true,"href":"https:\/\/centralmedia.rs\/index.php\/wp-json\/wp\/v2\/tags?post=39409"}],"curies":[{"name":"wp","href":"https:\/\/api.w.org\/{rel}","templated":true}]}}