{"id":39419,"date":"2024-08-22T18:59:40","date_gmt":"2024-08-22T16:59:40","guid":{"rendered":"https:\/\/centralmedia.rs\/?p=39419"},"modified":"2024-08-22T18:59:41","modified_gmt":"2024-08-22T16:59:41","slug":"podela-skolskog-pribora-za-skolarce-iz-porodica-korsnika-centra-za-socijalni-rad","status":"publish","type":"post","link":"https:\/\/centralmedia.rs\/index.php\/2024\/08\/22\/podela-skolskog-pribora-za-skolarce-iz-porodica-korsnika-centra-za-socijalni-rad\/","title":{"rendered":"PODELA \u0160KOLSKOG PRIBORA ZA \u0160KOLARCE IZ PORODICA KORSNIKA CENTRA ZA SOCIJALNI RAD"},"content":{"rendered":"\n<p>U toku je podela kompleta \u0161kolskog pribora za sve porodice sa \u0161kolarcima koje su korisnici Centra za socijalni rad i Centra za brigu o porodici u Svilajncu.Ovu akciju realizuje Centar za brigu o porodici u saradnji sa Centrom za socijalni rad, uz podr\u0161ku Op\u0161tine Svilajnac.<\/p>\n\n\n\n<p>\u201eOvo je jedan vid pomo\u0107i i podr\u0161ke roditeljima pred po\u010detak nove \u0161kolske godine. Ove godine 120 \u0161kolaraca osnovnih i srednjih \u0161kola sa teritorije na\u0161e op\u0161tine bi\u0107e opremeljeno priborom za novu \u0161kolsku godinu&#8221; &#8211; izjavila je direktorka Centra za brigu o porodici Irena Milo\u0161evi\u0107.<\/p>\n\n\n\n<figure class=\"wp-block-image size-full\"><img loading=\"lazy\" decoding=\"async\" width=\"893\" height=\"564\" src=\"https:\/\/centralmedia.rs\/wp-content\/uploads\/2024\/08\/udzbenici.jpg\" alt=\"\" class=\"wp-image-39421\" srcset=\"https:\/\/centralmedia.rs\/wp-content\/uploads\/2024\/08\/udzbenici.jpg 893w, https:\/\/centralmedia.rs\/wp-content\/uploads\/2024\/08\/udzbenici-300x189.jpg 300w, https:\/\/centralmedia.rs\/wp-content\/uploads\/2024\/08\/udzbenici-768x485.jpg 768w\" sizes=\"(max-width: 893px) 100vw, 893px\" \/><\/figure>\n\n\n\n<p>U toku leta radilo se na saniranju i popravci \u0161kola sa teritorije na\u0161e op\u0161tine, kako bi sve \u0161kole spremne do\u010dekale \u0161kolarce i po\u010detak nove \u0161kolske godine.Radi se sre\u0111ivanje \u0161kole u \u0110urincu, u Subotici, u Dubnici, u Dublju se sre\u0111uje trpezarija, u Ku\u0161iljevu toaleti i rampe za osobe sa invaliditetom, u Lukovici stepeni\u0161te, i ti radovi polako se privode kraju, a deca \u0107e imati jo\u0161 bolje uslove za u\u010denje.<\/p>\n","protected":false},"excerpt":{"rendered":"<p>U toku je podela kompleta \u0161kolskog pribora za sve porodice sa \u0161kolarcima koje su korisnici Centra za socijalni rad i Centra za brigu o porodici &hellip; <\/p>\n","protected":false},"author":2,"featured_media":39420,"comment_status":"closed","ping_status":"open","sticky":false,"template":"","format":"standard","meta":{"footnotes":""},"categories":[14,1524,2,12,1517],"tags":[6630,38],"_links":{"self":[{"href":"https:\/\/centralmedia.rs\/index.php\/wp-json\/wp\/v2\/posts\/39419"}],"collection":[{"href":"https:\/\/centralmedia.rs\/index.php\/wp-json\/wp\/v2\/posts"}],"about":[{"href":"https:\/\/centralmedia.rs\/index.php\/wp-json\/wp\/v2\/types\/post"}],"author":[{"embeddable":true,"href":"https:\/\/centralmedia.rs\/index.php\/wp-json\/wp\/v2\/users\/2"}],"replies":[{"embeddable":true,"href":"https:\/\/centralmedia.rs\/index.php\/wp-json\/wp\/v2\/comments?post=39419"}],"version-history":[{"count":1,"href":"https:\/\/centralmedia.rs\/index.php\/wp-json\/wp\/v2\/posts\/39419\/revisions"}],"predecessor-version":[{"id":39422,"href":"https:\/\/centralmedia.rs\/index.php\/wp-json\/wp\/v2\/posts\/39419\/revisions\/39422"}],"wp:featuredmedia":[{"embeddable":true,"href":"https:\/\/centralmedia.rs\/index.php\/wp-json\/wp\/v2\/media\/39420"}],"wp:attachment":[{"href":"https:\/\/centralmedia.rs\/index.php\/wp-json\/wp\/v2\/media?parent=39419"}],"wp:term":[{"taxonomy":"category","embeddable":true,"href":"https:\/\/centralmedia.rs\/index.php\/wp-json\/wp\/v2\/categories?post=39419"},{"taxonomy":"post_tag","embeddable":true,"href":"https:\/\/centralmedia.rs\/index.php\/wp-json\/wp\/v2\/tags?post=39419"}],"curies":[{"name":"wp","href":"https:\/\/api.w.org\/{rel}","templated":true}]}}