{"id":3945,"date":"2016-07-26T18:59:48","date_gmt":"2016-07-26T18:59:48","guid":{"rendered":"http:\/\/centralmedia.rs\/?p=3945"},"modified":"2017-01-20T01:25:24","modified_gmt":"2017-01-20T01:25:24","slug":"ispravljanje-istorijskih-nepravdi","status":"publish","type":"post","link":"https:\/\/centralmedia.rs\/index.php\/2016\/07\/26\/ispravljanje-istorijskih-nepravdi\/","title":{"rendered":"ISPRAVLJANJE ISTORIJSKIH NEPRAVDI"},"content":{"rendered":"<p>SVILAJNAC-Predsednik SO Svilajnac dr Vladan Rajkovi\u0107 izjavio je da je Op\u0161tinsko ve\u0107e donelo odluku da se u budu\u0107em periodu u saradnji sa istori\u010darima Srpske akademije nauka i umetnosti &#8211; SANU, izvr\u0161i detaljan popis lica i doga\u0111aja sa podru\u010dja Svilajnca kako bi se na adekvatan na\u010din sa\u010duvali od zaborava svi doga\u0111aji i akteri oslobodila\u010dkih ratova Srbije. Razne ideologije u razli\u010ditim istorijskim periodima su bez istorijske distance isticale svoje idole i heroje, negiraju\u0107i predhodnike i njihove zasluge, te je zbog toga odlu\u010deno da se nau\u010dnim i stru\u010dnim pristupom odrede va\u017eni datumi i zaslu\u017eni ljudi za Svilajnac. Ina\u010de, danas je brdu Hum iznad sela Dublje, u organizaciji SUBNORA-a Svilajnac, ratnih vojnih invalida i veterana iz ratova 90-ih, obele\u017eena je 75. godi\u0161njica od osnivanja Resavske partizanske \u010dete.<\/p>\n<p><strong><em>Svilajna\u010dka razglednica \u2013 Projekat se realizuje uz pomo\u0107 sredstava iz bud\u017eeta Op\u0161tine Svilajnac.<\/em><\/strong><\/p>\n","protected":false},"excerpt":{"rendered":"<p>SVILAJNAC-Predsednik SO Svilajnac dr Vladan Rajkovi\u0107 izjavio je da je Op\u0161tinsko ve\u0107e donelo odluku da se u budu\u0107em periodu u saradnji sa istori\u010darima Srpske akademije &hellip; <\/p>\n","protected":false},"author":4,"featured_media":3946,"comment_status":"open","ping_status":"open","sticky":false,"template":"","format":"standard","meta":{"footnotes":""},"categories":[14,1524,2,887,12,1517],"tags":[1038,1039,38],"_links":{"self":[{"href":"https:\/\/centralmedia.rs\/index.php\/wp-json\/wp\/v2\/posts\/3945"}],"collection":[{"href":"https:\/\/centralmedia.rs\/index.php\/wp-json\/wp\/v2\/posts"}],"about":[{"href":"https:\/\/centralmedia.rs\/index.php\/wp-json\/wp\/v2\/types\/post"}],"author":[{"embeddable":true,"href":"https:\/\/centralmedia.rs\/index.php\/wp-json\/wp\/v2\/users\/4"}],"replies":[{"embeddable":true,"href":"https:\/\/centralmedia.rs\/index.php\/wp-json\/wp\/v2\/comments?post=3945"}],"version-history":[{"count":0,"href":"https:\/\/centralmedia.rs\/index.php\/wp-json\/wp\/v2\/posts\/3945\/revisions"}],"wp:featuredmedia":[{"embeddable":true,"href":"https:\/\/centralmedia.rs\/index.php\/wp-json\/wp\/v2\/media\/3946"}],"wp:attachment":[{"href":"https:\/\/centralmedia.rs\/index.php\/wp-json\/wp\/v2\/media?parent=3945"}],"wp:term":[{"taxonomy":"category","embeddable":true,"href":"https:\/\/centralmedia.rs\/index.php\/wp-json\/wp\/v2\/categories?post=3945"},{"taxonomy":"post_tag","embeddable":true,"href":"https:\/\/centralmedia.rs\/index.php\/wp-json\/wp\/v2\/tags?post=3945"}],"curies":[{"name":"wp","href":"https:\/\/api.w.org\/{rel}","templated":true}]}}