{"id":39470,"date":"2024-08-29T19:21:23","date_gmt":"2024-08-29T17:21:23","guid":{"rendered":"https:\/\/centralmedia.rs\/?p=39470"},"modified":"2024-08-29T19:21:24","modified_gmt":"2024-08-29T17:21:24","slug":"predsednik-opstine-despotovac-sa-saradnicima-obisao-radove-u-centru-za-kulturu-i-na-mostu-za-pod-stranu","status":"publish","type":"post","link":"https:\/\/centralmedia.rs\/index.php\/2024\/08\/29\/predsednik-opstine-despotovac-sa-saradnicima-obisao-radove-u-centru-za-kulturu-i-na-mostu-za-pod-stranu\/","title":{"rendered":"PREDSEDNIK OP\u0160TINE DESPOTOVAC SA SARADNICIMA OBI\u0160AO RADOVE U CENTRU ZA KULTURU I NA MOSTU ZA POD STRANU"},"content":{"rendered":"\n<p>Predsednik Op\u0161tine Despotovac, dr Zlatko Marjanovi\u0107, sa saradnicima danas je obi\u0161ao radove, najpre u sali Centra za kulturu u Despotovcu a potom i na izgradnji novog mosta preko reke Resave koji vodi za naselje Pod Strana.<\/p>\n\n\n\n<figure class=\"wp-block-image size-large\"><img loading=\"lazy\" decoding=\"async\" width=\"1024\" height=\"729\" src=\"https:\/\/centralmedia.rs\/wp-content\/uploads\/2024\/08\/most-1024x729.jpg\" alt=\"\" class=\"wp-image-39472\" srcset=\"https:\/\/centralmedia.rs\/wp-content\/uploads\/2024\/08\/most-1024x729.jpg 1024w, https:\/\/centralmedia.rs\/wp-content\/uploads\/2024\/08\/most-300x214.jpg 300w, https:\/\/centralmedia.rs\/wp-content\/uploads\/2024\/08\/most-768x547.jpg 768w, https:\/\/centralmedia.rs\/wp-content\/uploads\/2024\/08\/most-1536x1094.jpg 1536w, https:\/\/centralmedia.rs\/wp-content\/uploads\/2024\/08\/most.jpg 2048w\" sizes=\"(max-width: 1024px) 100vw, 1024px\" \/><\/figure>\n\n\n\n<p>Tokom obilaska, predsednik je izrazio zadovoljstvo napretkom radova na postavljanju scenske mehanike i rasvete u sali Centra za kulturu, koji \u0107e u budu\u0107nosti omogu\u0107iti organizovanje razli\u010ditih kulturnih doga\u0111aja na vi\u0161em nivou i dodatno obogatiti kulturni \u017eivot u na\u0161oj op\u0161tini.<\/p>\n\n\n\n<p>Nakon posete Centru za kulturu, predsednik je sa saradnicima obi\u0161ao i radove na izgradnji novog mosta koji vodi za naselje Pod Strana i dodao da \u0107e ovo biti jedan od najlep\u0161ih mostova u op\u0161tini i da \u0107e se njegovom izgradnjom znatno pobolj\u0161ati infrastrukturna povezanost i olak\u0161ati svakodnevni \u017eivot me\u0161tana ovog dela op\u0161tine.<\/p>\n","protected":false},"excerpt":{"rendered":"<p>Predsednik Op\u0161tine Despotovac, dr Zlatko Marjanovi\u0107, sa saradnicima danas je obi\u0161ao radove, najpre u sali Centra za kulturu u Despotovcu a potom i na izgradnji &hellip; <\/p>\n","protected":false},"author":2,"featured_media":39471,"comment_status":"closed","ping_status":"open","sticky":false,"template":"","format":"standard","meta":{"footnotes":""},"categories":[1518,1524,2,13,12],"tags":[51],"_links":{"self":[{"href":"https:\/\/centralmedia.rs\/index.php\/wp-json\/wp\/v2\/posts\/39470"}],"collection":[{"href":"https:\/\/centralmedia.rs\/index.php\/wp-json\/wp\/v2\/posts"}],"about":[{"href":"https:\/\/centralmedia.rs\/index.php\/wp-json\/wp\/v2\/types\/post"}],"author":[{"embeddable":true,"href":"https:\/\/centralmedia.rs\/index.php\/wp-json\/wp\/v2\/users\/2"}],"replies":[{"embeddable":true,"href":"https:\/\/centralmedia.rs\/index.php\/wp-json\/wp\/v2\/comments?post=39470"}],"version-history":[{"count":1,"href":"https:\/\/centralmedia.rs\/index.php\/wp-json\/wp\/v2\/posts\/39470\/revisions"}],"predecessor-version":[{"id":39473,"href":"https:\/\/centralmedia.rs\/index.php\/wp-json\/wp\/v2\/posts\/39470\/revisions\/39473"}],"wp:featuredmedia":[{"embeddable":true,"href":"https:\/\/centralmedia.rs\/index.php\/wp-json\/wp\/v2\/media\/39471"}],"wp:attachment":[{"href":"https:\/\/centralmedia.rs\/index.php\/wp-json\/wp\/v2\/media?parent=39470"}],"wp:term":[{"taxonomy":"category","embeddable":true,"href":"https:\/\/centralmedia.rs\/index.php\/wp-json\/wp\/v2\/categories?post=39470"},{"taxonomy":"post_tag","embeddable":true,"href":"https:\/\/centralmedia.rs\/index.php\/wp-json\/wp\/v2\/tags?post=39470"}],"curies":[{"name":"wp","href":"https:\/\/api.w.org\/{rel}","templated":true}]}}