{"id":39479,"date":"2024-08-29T19:32:51","date_gmt":"2024-08-29T17:32:51","guid":{"rendered":"https:\/\/centralmedia.rs\/?p=39479"},"modified":"2024-08-29T19:32:52","modified_gmt":"2024-08-29T17:32:52","slug":"novi-rekordi-na-zlatiboru-tokom-jula-i-avgusta-gondola-prevezla-preko-50-hiljada-000-putnika","status":"publish","type":"post","link":"https:\/\/centralmedia.rs\/index.php\/2024\/08\/29\/novi-rekordi-na-zlatiboru-tokom-jula-i-avgusta-gondola-prevezla-preko-50-hiljada-000-putnika\/","title":{"rendered":"NOVI REKORDI NA ZLATIBORU: Tokom jula i avgusta gondola prevezla preko 50 hiljada 000 putnika"},"content":{"rendered":"\n<p>Novi rekordi na Zlatiboru Gold gondola na Zlatiboru je ponovo ispunila svoja o\u010dekivanja. Tokom jula i avgusta prevezla je vi\u0161e od 50.000 putnika \u0161to je na nivou prethodne tri godine.<\/p>\n\n\n\n<figure class=\"wp-block-gallery has-nested-images columns-default is-cropped wp-block-gallery-1 is-layout-flex wp-block-gallery-is-layout-flex\">\n<figure class=\"wp-block-image size-large\"><img loading=\"lazy\" decoding=\"async\" width=\"700\" height=\"467\" data-id=\"39482\" src=\"https:\/\/centralmedia.rs\/wp-content\/uploads\/2024\/08\/BojanaBozanic.jpg\" alt=\"\" class=\"wp-image-39482\" srcset=\"https:\/\/centralmedia.rs\/wp-content\/uploads\/2024\/08\/BojanaBozanic.jpg 700w, https:\/\/centralmedia.rs\/wp-content\/uploads\/2024\/08\/BojanaBozanic-300x200.jpg 300w, https:\/\/centralmedia.rs\/wp-content\/uploads\/2024\/08\/BojanaBozanic-600x400.jpg 600w\" sizes=\"(max-width: 700px) 100vw, 700px\" \/><\/figure>\n\n\n\n<figure class=\"wp-block-image size-large\"><img loading=\"lazy\" decoding=\"async\" width=\"700\" height=\"467\" data-id=\"39481\" src=\"https:\/\/centralmedia.rs\/wp-content\/uploads\/2024\/08\/GG_mostar_sevdah.jpg\" alt=\"\" class=\"wp-image-39481\" srcset=\"https:\/\/centralmedia.rs\/wp-content\/uploads\/2024\/08\/GG_mostar_sevdah.jpg 700w, https:\/\/centralmedia.rs\/wp-content\/uploads\/2024\/08\/GG_mostar_sevdah-300x200.jpg 300w, https:\/\/centralmedia.rs\/wp-content\/uploads\/2024\/08\/GG_mostar_sevdah-600x400.jpg 600w\" sizes=\"(max-width: 700px) 100vw, 700px\" \/><\/figure>\n\n\n\n<figure class=\"wp-block-image size-large\"><img loading=\"lazy\" decoding=\"async\" width=\"700\" height=\"467\" data-id=\"39483\" src=\"https:\/\/centralmedia.rs\/wp-content\/uploads\/2024\/08\/GG_mostar_sevdah2.jpg\" alt=\"\" class=\"wp-image-39483\" srcset=\"https:\/\/centralmedia.rs\/wp-content\/uploads\/2024\/08\/GG_mostar_sevdah2.jpg 700w, https:\/\/centralmedia.rs\/wp-content\/uploads\/2024\/08\/GG_mostar_sevdah2-300x200.jpg 300w, https:\/\/centralmedia.rs\/wp-content\/uploads\/2024\/08\/GG_mostar_sevdah2-600x400.jpg 600w\" sizes=\"(max-width: 700px) 100vw, 700px\" \/><\/figure>\n<\/figure>\n\n\n\n<p>&#8211; Koncert grupe Mostar Sevdah Reunion, u saradnji sa Turisti\u010dkom organizacijom Zlatibor, zaokru\u017eio je ovu sezonu kroz koju smo dobro koordinirali i zadovoljili \u017eelje svih generacija turista na svim lokalitetima i teritoriji Op\u0161tine \u010cajetina. Ova sezona je bila zaista odli\u010dna. Ta brojka od preko 50.000 ljudi tokom jula i avgusta pokazuje i da su posetioci zadovoljni onoim \u0161to smo im pripremili &#8211; rekla je direktorka JP \u201eGold gondola Zlatibor\u201c Bojana Bo\u017eani\u0107.<\/p>\n\n\n\n<p>Jesenji period na gondoli \u0107e se bazirati na tim bilding aktivnostima jer se na Zlatiboru odr\u017eavaju brojni kongresi i seminari, a zbog toplog miholjskog leta, posetioce \u0107e \u010dekati novi sadr\u017eaji kako bi u\u017eivali u lepom vremenu, a zatim sledi priprema zabavnog programa za zimsku sezonu. Prema najnovijim podacima Republi\u010dkog zavoda za statistiku, Zlatibor se isti\u010de kao najpose\u0107enija destinacija me\u0111u doma\u0107im turistima i u prvoj polovini 2024. godine. U periodu od januara do juna, Zlatibor je zabele\u017eio 463.086 no\u0107enja doma\u0107ih gostiju, \u0161to predstavlja rast od 26 odsto u pore\u0111enju sa istim periodom prethodne godine. U duhu sevdalinki i letnje planinske ve\u010deri zavr\u0161ena je jo\u0161 jedna uspe\u0161na sezona Gold gondole i Turisti\u010dke organizacije Zlatibor na vrhu Tornik. Grupa Mostar Sevdah Reunion napravila je pravu boemsku atmosferu na poslednjoj stanici gondola. Glavni pe\u010dat letnjoj sezoni na Zlatiboru, ali i regionu, dala je modna revija odr\u017eana na Gold gondoli na kojoj je poznati modni creator, Igor Todorovi\u0107, predstavio svoju kolekciju RESORT 2025.<\/p>\n","protected":false},"excerpt":{"rendered":"<p>Novi rekordi na Zlatiboru Gold gondola na Zlatiboru je ponovo ispunila svoja o\u010dekivanja. Tokom jula i avgusta prevezla je vi\u0161e od 50.000 putnika \u0161to je &hellip; <\/p>\n","protected":false},"author":2,"featured_media":39480,"comment_status":"closed","ping_status":"open","sticky":false,"template":"","format":"standard","meta":{"footnotes":""},"categories":[2875,1524,2,23,3054],"tags":[5446,2876],"_links":{"self":[{"href":"https:\/\/centralmedia.rs\/index.php\/wp-json\/wp\/v2\/posts\/39479"}],"collection":[{"href":"https:\/\/centralmedia.rs\/index.php\/wp-json\/wp\/v2\/posts"}],"about":[{"href":"https:\/\/centralmedia.rs\/index.php\/wp-json\/wp\/v2\/types\/post"}],"author":[{"embeddable":true,"href":"https:\/\/centralmedia.rs\/index.php\/wp-json\/wp\/v2\/users\/2"}],"replies":[{"embeddable":true,"href":"https:\/\/centralmedia.rs\/index.php\/wp-json\/wp\/v2\/comments?post=39479"}],"version-history":[{"count":1,"href":"https:\/\/centralmedia.rs\/index.php\/wp-json\/wp\/v2\/posts\/39479\/revisions"}],"predecessor-version":[{"id":39484,"href":"https:\/\/centralmedia.rs\/index.php\/wp-json\/wp\/v2\/posts\/39479\/revisions\/39484"}],"wp:featuredmedia":[{"embeddable":true,"href":"https:\/\/centralmedia.rs\/index.php\/wp-json\/wp\/v2\/media\/39480"}],"wp:attachment":[{"href":"https:\/\/centralmedia.rs\/index.php\/wp-json\/wp\/v2\/media?parent=39479"}],"wp:term":[{"taxonomy":"category","embeddable":true,"href":"https:\/\/centralmedia.rs\/index.php\/wp-json\/wp\/v2\/categories?post=39479"},{"taxonomy":"post_tag","embeddable":true,"href":"https:\/\/centralmedia.rs\/index.php\/wp-json\/wp\/v2\/tags?post=39479"}],"curies":[{"name":"wp","href":"https:\/\/api.w.org\/{rel}","templated":true}]}}