{"id":39499,"date":"2024-09-01T23:33:04","date_gmt":"2024-09-01T21:33:04","guid":{"rendered":"https:\/\/centralmedia.rs\/?p=39499"},"modified":"2024-09-01T23:33:04","modified_gmt":"2024-09-01T21:33:04","slug":"leto-se-nastavlja-u-jagodinskom-akva-parku","status":"publish","type":"post","link":"https:\/\/centralmedia.rs\/index.php\/2024\/09\/01\/leto-se-nastavlja-u-jagodinskom-akva-parku\/","title":{"rendered":"LETO SE NASTAVLJA U JAGODINSKOM AKVA PARKU"},"content":{"rendered":"\n<p>Leto u jagodinskim Akva parku se nastavlja do 8. septembra i to \u0107e zvani\u010dno biti kraj sezone. Do tada \u0107e va\u017eiti sezonske i mese\u010dne karte, odnosno korisnici \u0107e mo\u0107i da se kupaju besplatno jo\u0161 nedelju dana. <\/p>\n\n\n\n<figure class=\"wp-block-gallery has-nested-images columns-default is-cropped wp-block-gallery-1 is-layout-flex wp-block-gallery-is-layout-flex\">\n<figure class=\"wp-block-image size-large\"><img loading=\"lazy\" decoding=\"async\" width=\"1024\" height=\"1024\" data-id=\"39502\" src=\"https:\/\/centralmedia.rs\/wp-content\/uploads\/2024\/09\/akva-park1-1024x1024.jpg\" alt=\"\" class=\"wp-image-39502\" srcset=\"https:\/\/centralmedia.rs\/wp-content\/uploads\/2024\/09\/akva-park1-1024x1024.jpg 1024w, https:\/\/centralmedia.rs\/wp-content\/uploads\/2024\/09\/akva-park1-300x300.jpg 300w, https:\/\/centralmedia.rs\/wp-content\/uploads\/2024\/09\/akva-park1-150x150.jpg 150w, https:\/\/centralmedia.rs\/wp-content\/uploads\/2024\/09\/akva-park1-768x768.jpg 768w, https:\/\/centralmedia.rs\/wp-content\/uploads\/2024\/09\/akva-park1.jpg 1440w\" sizes=\"(max-width: 1024px) 100vw, 1024px\" \/><\/figure>\n\n\n\n<figure class=\"wp-block-image size-large\"><img loading=\"lazy\" decoding=\"async\" width=\"1024\" height=\"1024\" data-id=\"39503\" src=\"https:\/\/centralmedia.rs\/wp-content\/uploads\/2024\/09\/akva-park2-1024x1024.jpg\" alt=\"\" class=\"wp-image-39503\" srcset=\"https:\/\/centralmedia.rs\/wp-content\/uploads\/2024\/09\/akva-park2-1024x1024.jpg 1024w, https:\/\/centralmedia.rs\/wp-content\/uploads\/2024\/09\/akva-park2-300x300.jpg 300w, https:\/\/centralmedia.rs\/wp-content\/uploads\/2024\/09\/akva-park2-150x150.jpg 150w, https:\/\/centralmedia.rs\/wp-content\/uploads\/2024\/09\/akva-park2-768x768.jpg 768w, https:\/\/centralmedia.rs\/wp-content\/uploads\/2024\/09\/akva-park2.jpg 1440w\" sizes=\"(max-width: 1024px) 100vw, 1024px\" \/><\/figure>\n\n\n\n<figure class=\"wp-block-image size-large\"><img loading=\"lazy\" decoding=\"async\" width=\"1024\" height=\"1024\" data-id=\"39501\" src=\"https:\/\/centralmedia.rs\/wp-content\/uploads\/2024\/09\/akva-park3-1024x1024.jpg\" alt=\"\" class=\"wp-image-39501\" srcset=\"https:\/\/centralmedia.rs\/wp-content\/uploads\/2024\/09\/akva-park3-1024x1024.jpg 1024w, https:\/\/centralmedia.rs\/wp-content\/uploads\/2024\/09\/akva-park3-300x300.jpg 300w, https:\/\/centralmedia.rs\/wp-content\/uploads\/2024\/09\/akva-park3-150x150.jpg 150w, https:\/\/centralmedia.rs\/wp-content\/uploads\/2024\/09\/akva-park3-768x768.jpg 768w, https:\/\/centralmedia.rs\/wp-content\/uploads\/2024\/09\/akva-park3.jpg 1200w\" sizes=\"(max-width: 1024px) 100vw, 1024px\" \/><\/figure>\n<\/figure>\n\n\n\n<p>Dnevne ulaznice \u0107e se napla\u0107ivati. Od 9. septembra radi\u0107e samo olimpijski bazen i za kori\u0161\u0107enje \u0107e biti napla\u0107ivane ulazinice.<\/p>\n","protected":false},"excerpt":{"rendered":"<p>Leto u jagodinskim Akva parku se nastavlja do 8. septembra i to \u0107e zvani\u010dno biti kraj sezone. Do tada \u0107e va\u017eiti sezonske i mese\u010dne karte, &hellip; <\/p>\n","protected":false},"author":2,"featured_media":39500,"comment_status":"closed","ping_status":"open","sticky":false,"template":"","format":"standard","meta":{"footnotes":""},"categories":[1524,2,1514,23,3054],"tags":[862,58,1073],"_links":{"self":[{"href":"https:\/\/centralmedia.rs\/index.php\/wp-json\/wp\/v2\/posts\/39499"}],"collection":[{"href":"https:\/\/centralmedia.rs\/index.php\/wp-json\/wp\/v2\/posts"}],"about":[{"href":"https:\/\/centralmedia.rs\/index.php\/wp-json\/wp\/v2\/types\/post"}],"author":[{"embeddable":true,"href":"https:\/\/centralmedia.rs\/index.php\/wp-json\/wp\/v2\/users\/2"}],"replies":[{"embeddable":true,"href":"https:\/\/centralmedia.rs\/index.php\/wp-json\/wp\/v2\/comments?post=39499"}],"version-history":[{"count":1,"href":"https:\/\/centralmedia.rs\/index.php\/wp-json\/wp\/v2\/posts\/39499\/revisions"}],"predecessor-version":[{"id":39504,"href":"https:\/\/centralmedia.rs\/index.php\/wp-json\/wp\/v2\/posts\/39499\/revisions\/39504"}],"wp:featuredmedia":[{"embeddable":true,"href":"https:\/\/centralmedia.rs\/index.php\/wp-json\/wp\/v2\/media\/39500"}],"wp:attachment":[{"href":"https:\/\/centralmedia.rs\/index.php\/wp-json\/wp\/v2\/media?parent=39499"}],"wp:term":[{"taxonomy":"category","embeddable":true,"href":"https:\/\/centralmedia.rs\/index.php\/wp-json\/wp\/v2\/categories?post=39499"},{"taxonomy":"post_tag","embeddable":true,"href":"https:\/\/centralmedia.rs\/index.php\/wp-json\/wp\/v2\/tags?post=39499"}],"curies":[{"name":"wp","href":"https:\/\/api.w.org\/{rel}","templated":true}]}}