{"id":39557,"date":"2024-09-07T23:13:38","date_gmt":"2024-09-07T21:13:38","guid":{"rendered":"https:\/\/centralmedia.rs\/?p=39557"},"modified":"2024-09-07T23:13:39","modified_gmt":"2024-09-07T21:13:39","slug":"koncert-zeljka-samardzica-u-okviru-medunarodnog-omladinskog-kampa","status":"publish","type":"post","link":"https:\/\/centralmedia.rs\/index.php\/2024\/09\/07\/koncert-zeljka-samardzica-u-okviru-medunarodnog-omladinskog-kampa\/","title":{"rendered":"Koncert \u017deljka Samard\u017ei\u0107a u okviru Me\u0111unarodnog omladinskog kampa"},"content":{"rendered":"\n<p>Podr\u0161kom Kabineta ministra bez portfelja zadu\u017eenog za koordinaciju aktivnosti i mera u oblasti odnosa s dijasporom i pod pokroviteljstvom op\u0161tine \u010cajetina u petak, 20. septembra sa po\u010detkom u 20 \u010dasova na Kraljevom trgu na Zlatiboru bi\u0107e odr\u017ean koncert \u017deljka Samard\u017ei\u0107a.<\/p>\n\n\n\n<p>Cilj Me\u0111unarodnog omladinskog kampa je negovanje kulture i tradicije, kao i uspostavljanje nove saradnje i novih prijateljstava, re\u010d je o projektu u kome u\u010destvuju mladi iz 5 dr\u017eava, vi\u0161e od 150 u\u010desnika iz Italije, Nema\u010dke, Ma\u0111arske, Republike Srpske i Crne Gore.<\/p>\n","protected":false},"excerpt":{"rendered":"<p>Podr\u0161kom Kabineta ministra bez portfelja zadu\u017eenog za koordinaciju aktivnosti i mera u oblasti odnosa s dijasporom i pod pokroviteljstvom op\u0161tine \u010cajetina u petak, 20. septembra &hellip; <\/p>\n","protected":false},"author":2,"featured_media":39558,"comment_status":"closed","ping_status":"open","sticky":false,"template":"","format":"standard","meta":{"footnotes":""},"categories":[2875,1524,2,23,3055],"tags":[6641,2876],"_links":{"self":[{"href":"https:\/\/centralmedia.rs\/index.php\/wp-json\/wp\/v2\/posts\/39557"}],"collection":[{"href":"https:\/\/centralmedia.rs\/index.php\/wp-json\/wp\/v2\/posts"}],"about":[{"href":"https:\/\/centralmedia.rs\/index.php\/wp-json\/wp\/v2\/types\/post"}],"author":[{"embeddable":true,"href":"https:\/\/centralmedia.rs\/index.php\/wp-json\/wp\/v2\/users\/2"}],"replies":[{"embeddable":true,"href":"https:\/\/centralmedia.rs\/index.php\/wp-json\/wp\/v2\/comments?post=39557"}],"version-history":[{"count":1,"href":"https:\/\/centralmedia.rs\/index.php\/wp-json\/wp\/v2\/posts\/39557\/revisions"}],"predecessor-version":[{"id":39559,"href":"https:\/\/centralmedia.rs\/index.php\/wp-json\/wp\/v2\/posts\/39557\/revisions\/39559"}],"wp:featuredmedia":[{"embeddable":true,"href":"https:\/\/centralmedia.rs\/index.php\/wp-json\/wp\/v2\/media\/39558"}],"wp:attachment":[{"href":"https:\/\/centralmedia.rs\/index.php\/wp-json\/wp\/v2\/media?parent=39557"}],"wp:term":[{"taxonomy":"category","embeddable":true,"href":"https:\/\/centralmedia.rs\/index.php\/wp-json\/wp\/v2\/categories?post=39557"},{"taxonomy":"post_tag","embeddable":true,"href":"https:\/\/centralmedia.rs\/index.php\/wp-json\/wp\/v2\/tags?post=39557"}],"curies":[{"name":"wp","href":"https:\/\/api.w.org\/{rel}","templated":true}]}}