{"id":3959,"date":"2016-07-27T16:18:56","date_gmt":"2016-07-27T16:18:56","guid":{"rendered":"http:\/\/centralmedia.rs\/?p=3959"},"modified":"2016-07-27T16:18:56","modified_gmt":"2016-07-27T16:18:56","slug":"u-jagodinskoj-gradskoj-upravi-sluzbenik-fizicki-nasrnuo-na-nacelnika","status":"publish","type":"post","link":"https:\/\/centralmedia.rs\/index.php\/2016\/07\/27\/u-jagodinskoj-gradskoj-upravi-sluzbenik-fizicki-nasrnuo-na-nacelnika\/","title":{"rendered":"U JAGODINSKOJ GRADSKOJ UPRAVI &#8211; SLU\u017dBENIK FIZI\u010cKI NASRNUO NA NA\u010cELNIKA"},"content":{"rendered":"<p>JAGODINA-Slu\u017ebenik Gradske uprave u Jagodini M.G. fizi\u010dki je nasrnuo na na na\u010delnika \u0160taba za vanredne situacije \u0110.S u njegovoj kancelariji u nameri da se obra\u010duna, potvr\u0111eno je u toj gradskoj upravi. U tu\u010di koja je usledila, nije do\u0161lo do te\u017eih povreda, jer su kolege iz drugih kancelarija prisko\u010dile i razdvojile sukobljene.  Povod je bio bizaran, ka\u017eu zaposleni u toj upravi, M.G. je upozoren da se ne parkira na obele\u017eenom mestu i zatim su usledile nemile scene. Slu\u010daj je prijavljen policiji, a zatim je prosle\u0111en tu\u017eila\u0161tvu.  Osnovno Tu\u017eila\u0161tvo u Jagodini u saop\u0161tenju navodi da u policijskom izve\u0161taju dostavljenom tom tu\u017eila\u0161tvu proizilaze osnovi sumnje da je M.G. iz Trnave 13. jula u prostorijama Gradske uprave u Jagodini u kancelariji na\u010delnika \u0160taba za vanredne situacije u\u010dinio krivi\u010dno delo nasilni\u010dko pona\u0161enje na \u0161tetu \u0110.S.<br \/>\n-Tu\u017eila\u0161tvo napominje da \u0107e u najkra\u0107em roku preduzeti sve neophodne dokazne radnje u cilju utvr\u0111ivanja eventualnog postojanja krivi\u010dnog dela i karaktera telesnih povreda kod o\u0161te\u0107enog \u0110.S. Posle utvr\u0111ivanja ovih okolnosti tu\u017eila\u0161tvo \u0107e doneti odgovaraju\u0107u odluku, zaklju\u010duje se u saop\u0161tenju.  <\/p>\n","protected":false},"excerpt":{"rendered":"<p>JAGODINA-Slu\u017ebenik Gradske uprave u Jagodini M.G. fizi\u010dki je nasrnuo na na na\u010delnika \u0160taba za vanredne situacije \u0110.S u njegovoj kancelariji u nameri da se obra\u010duna, &hellip; <\/p>\n","protected":false},"author":4,"featured_media":3960,"comment_status":"open","ping_status":"open","sticky":false,"template":"","format":"standard","meta":{"footnotes":""},"categories":[20,2],"tags":[1045,130,832,1046],"_links":{"self":[{"href":"https:\/\/centralmedia.rs\/index.php\/wp-json\/wp\/v2\/posts\/3959"}],"collection":[{"href":"https:\/\/centralmedia.rs\/index.php\/wp-json\/wp\/v2\/posts"}],"about":[{"href":"https:\/\/centralmedia.rs\/index.php\/wp-json\/wp\/v2\/types\/post"}],"author":[{"embeddable":true,"href":"https:\/\/centralmedia.rs\/index.php\/wp-json\/wp\/v2\/users\/4"}],"replies":[{"embeddable":true,"href":"https:\/\/centralmedia.rs\/index.php\/wp-json\/wp\/v2\/comments?post=3959"}],"version-history":[{"count":0,"href":"https:\/\/centralmedia.rs\/index.php\/wp-json\/wp\/v2\/posts\/3959\/revisions"}],"wp:featuredmedia":[{"embeddable":true,"href":"https:\/\/centralmedia.rs\/index.php\/wp-json\/wp\/v2\/media\/3960"}],"wp:attachment":[{"href":"https:\/\/centralmedia.rs\/index.php\/wp-json\/wp\/v2\/media?parent=3959"}],"wp:term":[{"taxonomy":"category","embeddable":true,"href":"https:\/\/centralmedia.rs\/index.php\/wp-json\/wp\/v2\/categories?post=3959"},{"taxonomy":"post_tag","embeddable":true,"href":"https:\/\/centralmedia.rs\/index.php\/wp-json\/wp\/v2\/tags?post=3959"}],"curies":[{"name":"wp","href":"https:\/\/api.w.org\/{rel}","templated":true}]}}