{"id":39606,"date":"2024-09-14T11:36:33","date_gmt":"2024-09-14T09:36:33","guid":{"rendered":"https:\/\/centralmedia.rs\/?p=39606"},"modified":"2024-09-14T11:36:33","modified_gmt":"2024-09-14T09:36:33","slug":"palma-podrzavam-svaku-rec-koju-je-izgovorio-predsednik-srbije-aleksandar-vucic-u-obracanju-javnosti-vucic-ima-najtezi-posao-na-svetu-a-to-je-da-brani-medunarodno-pravo-i-medunarodne-zakone-od-zako","status":"publish","type":"post","link":"https:\/\/centralmedia.rs\/index.php\/2024\/09\/14\/palma-podrzavam-svaku-rec-koju-je-izgovorio-predsednik-srbije-aleksandar-vucic-u-obracanju-javnosti-vucic-ima-najtezi-posao-na-svetu-a-to-je-da-brani-medunarodno-pravo-i-medunarodne-zakone-od-zako\/","title":{"rendered":"PALMA : PODR\u017dAVAM SVAKU RE\u010c KOJU JE IZGOVORIO PREDSEDNIK SRBIJE ALEKSANDAR VU\u010cI\u0106 U OBRA\u0106ANjU JAVNOSTI. VU\u010cI\u0106 IMA NAJTE\u017dI POSAO NA SVETU, A TO JE DA BRANI ME\u0110UNARODNO PRAVO I ME\u0110UNARODNE ZAKONE OD ZAKONA JA\u010cEGA"},"content":{"rendered":"\n<p>\u201eVe\u010dera\u0161nje obra\u0107anje predsednika Srbije Aleksandra Vu\u010di\u0107a doma\u0107oj i stranoj javnosti je obra\u0107anje velikog dr\u017eavnika i ja li\u010dno i u ime Jedinstvene Srbije podr\u017eavam svaku re\u010d koju je izgovorio\u201c, izjavio je predsednik Jedinstvene Srbije Dragan Markovi\u0107 Palma. \u201ePredsednik Srbije ima najte\u017ei posao u Evropi, a mo\u017eda i u svetu, a to je da brani me\u0111unarodne zakone i me\u0111unarodno pravo i pravdu od Zakona ja\u010dega, a da istovremeno ne uvu\u010de dr\u017eavu i gra\u0111ane Srbije u rat. Vu\u010di\u0107 je najpragmati\u010dniji predsednik koga je Srbija ikada imala. Na drugoj strani imamo opoziciju u Srbiji, od kojih je pola da se odmah prizna nezavisno Kosovo, a pola je da se odmah u\u0111e u rat, pola opozicije je za Trampa, pola za Kamalu Haris, pola opozicije je za Rusiju, pola je za Ukrajinu, pola je za Evropsku uniju, pola je za BRIKS, a svi zajedno zapravo poma\u017eu Aljbinu Kurtiju u poku\u0161aju ru\u0161enja predsednika Srbije i dr\u017eave Srbije. Aljbin Kurti ima samo jedan cilj, a to je da uvu\u010de Srbiju u rat sa NATO paktom. Aleksandar Vu\u010di\u0107, Ivica Da\u010di\u0107 i Dagan Markovi\u0107 Palma nikada ne\u0107e priznati jednostrano progla\u0161enu nezavisnost Kosova i nikada ne\u0107e uvu\u0107i Srbiju u rat. To jeste najte\u017ea politika, ali to je nezavisna, nesvrstana i samostalna politika dr\u017eave Srbije, a znamo da ni zapad ni istok ne vole preterano one koji su nezavisni i nesvrstani i ekonomski jaki. Aljbin Kurti je jedini vo\u0111a aparthejda u 21. veku na tlu Evrope i njegovi zakoni i tortura nad nealbanskim narodima na Kosovu i Metohiji, posebno nad Srbima, li\u010di na nema\u010dku politiku krajem tridesetih godina pro\u0161log veka prema Jevrejima i to ne radi sam, ve\u0107 uz pomo\u0107 sponzora nezavisnog Kosova, odnosno onih koji su dali vlast na delu teritorije Srbije teroristi\u010dkoj organizaciji, a to jeste OVK. Nema Srbija drugog re\u0161enja osim mudre, mirne i pragmati\u010dne politike, politike hladne, a ne u\u017earene glave, a to je politika koju vodi Aleksandar Vu\u010di\u0107. To je jeste najte\u017ee i sporo, ali sve drugo vodi u katastrofu\u201c, ocenio je Markovi\u0107.<\/p>\n","protected":false},"excerpt":{"rendered":"<p>\u201eVe\u010dera\u0161nje obra\u0107anje predsednika Srbije Aleksandra Vu\u010di\u0107a doma\u0107oj i stranoj javnosti je obra\u0107anje velikog dr\u017eavnika i ja li\u010dno i u ime Jedinstvene Srbije podr\u017eavam svaku re\u010d &hellip; <\/p>\n","protected":false},"author":2,"featured_media":39607,"comment_status":"closed","ping_status":"open","sticky":false,"template":"","format":"standard","meta":{"footnotes":""},"categories":[1524,2,1514,13,12],"tags":[143,120,6647],"_links":{"self":[{"href":"https:\/\/centralmedia.rs\/index.php\/wp-json\/wp\/v2\/posts\/39606"}],"collection":[{"href":"https:\/\/centralmedia.rs\/index.php\/wp-json\/wp\/v2\/posts"}],"about":[{"href":"https:\/\/centralmedia.rs\/index.php\/wp-json\/wp\/v2\/types\/post"}],"author":[{"embeddable":true,"href":"https:\/\/centralmedia.rs\/index.php\/wp-json\/wp\/v2\/users\/2"}],"replies":[{"embeddable":true,"href":"https:\/\/centralmedia.rs\/index.php\/wp-json\/wp\/v2\/comments?post=39606"}],"version-history":[{"count":1,"href":"https:\/\/centralmedia.rs\/index.php\/wp-json\/wp\/v2\/posts\/39606\/revisions"}],"predecessor-version":[{"id":39608,"href":"https:\/\/centralmedia.rs\/index.php\/wp-json\/wp\/v2\/posts\/39606\/revisions\/39608"}],"wp:featuredmedia":[{"embeddable":true,"href":"https:\/\/centralmedia.rs\/index.php\/wp-json\/wp\/v2\/media\/39607"}],"wp:attachment":[{"href":"https:\/\/centralmedia.rs\/index.php\/wp-json\/wp\/v2\/media?parent=39606"}],"wp:term":[{"taxonomy":"category","embeddable":true,"href":"https:\/\/centralmedia.rs\/index.php\/wp-json\/wp\/v2\/categories?post=39606"},{"taxonomy":"post_tag","embeddable":true,"href":"https:\/\/centralmedia.rs\/index.php\/wp-json\/wp\/v2\/tags?post=39606"}],"curies":[{"name":"wp","href":"https:\/\/api.w.org\/{rel}","templated":true}]}}