{"id":3963,"date":"2016-07-27T16:42:55","date_gmt":"2016-07-27T16:42:55","guid":{"rendered":"http:\/\/centralmedia.rs\/?p=3963"},"modified":"2017-01-20T01:23:59","modified_gmt":"2017-01-20T01:23:59","slug":"ana-bekuta-u-svilajncu","status":"publish","type":"post","link":"https:\/\/centralmedia.rs\/index.php\/2016\/07\/27\/ana-bekuta-u-svilajncu\/","title":{"rendered":"ANA BEKUTA U SVILAJNCU"},"content":{"rendered":"<p>SVILAJNAC-Poznata peva\u010dica narodne muzike Ana Bekuta natupi\u0107e u subotu 30. jula u 21 sat na Trgu Stevana Sin\u0111eli\u0107a u Svilajncu. Ovaj koncert predstavlja nastavak Kulturno-zabavnog leta u Svilajncu koje organizuje Centar za kulturu, pod pokroviteljstvom Op\u0161tine Svilajnac.<\/p>\n<p>&nbsp;<\/p>\n<p><strong><em>Svilajna\u010dka razglednica \u2013 Projekat se realizuje uz pomo\u0107 sredstava iz bud\u017eeta Op\u0161tine Svilajnac.<\/em><\/strong><\/p>\n","protected":false},"excerpt":{"rendered":"<p>SVILAJNAC-Poznata peva\u010dica narodne muzike Ana Bekuta natupi\u0107e u subotu 30. jula u 21 sat na Trgu Stevana Sin\u0111eli\u0107a u Svilajncu. Ovaj koncert predstavlja nastavak Kulturno-zabavnog &hellip; <\/p>\n","protected":false},"author":4,"featured_media":3964,"comment_status":"open","ping_status":"open","sticky":false,"template":"","format":"standard","meta":{"footnotes":""},"categories":[1524,2,887,16,12,1517],"tags":[1047,38,1048],"_links":{"self":[{"href":"https:\/\/centralmedia.rs\/index.php\/wp-json\/wp\/v2\/posts\/3963"}],"collection":[{"href":"https:\/\/centralmedia.rs\/index.php\/wp-json\/wp\/v2\/posts"}],"about":[{"href":"https:\/\/centralmedia.rs\/index.php\/wp-json\/wp\/v2\/types\/post"}],"author":[{"embeddable":true,"href":"https:\/\/centralmedia.rs\/index.php\/wp-json\/wp\/v2\/users\/4"}],"replies":[{"embeddable":true,"href":"https:\/\/centralmedia.rs\/index.php\/wp-json\/wp\/v2\/comments?post=3963"}],"version-history":[{"count":0,"href":"https:\/\/centralmedia.rs\/index.php\/wp-json\/wp\/v2\/posts\/3963\/revisions"}],"wp:featuredmedia":[{"embeddable":true,"href":"https:\/\/centralmedia.rs\/index.php\/wp-json\/wp\/v2\/media\/3964"}],"wp:attachment":[{"href":"https:\/\/centralmedia.rs\/index.php\/wp-json\/wp\/v2\/media?parent=3963"}],"wp:term":[{"taxonomy":"category","embeddable":true,"href":"https:\/\/centralmedia.rs\/index.php\/wp-json\/wp\/v2\/categories?post=3963"},{"taxonomy":"post_tag","embeddable":true,"href":"https:\/\/centralmedia.rs\/index.php\/wp-json\/wp\/v2\/tags?post=3963"}],"curies":[{"name":"wp","href":"https:\/\/api.w.org\/{rel}","templated":true}]}}