{"id":39648,"date":"2024-09-14T18:44:21","date_gmt":"2024-09-14T16:44:21","guid":{"rendered":"https:\/\/centralmedia.rs\/?p=39648"},"modified":"2024-09-14T19:18:50","modified_gmt":"2024-09-14T17:18:50","slug":"vraca-se-vojni-rok-najgori-ce-najbolje-uciti-zivotu","status":"publish","type":"post","link":"https:\/\/centralmedia.rs\/index.php\/2024\/09\/14\/vraca-se-vojni-rok-najgori-ce-najbolje-uciti-zivotu\/","title":{"rendered":"VRA\u0106A SE VOJNI ROK &#8211; NAJGORI \u0106E NAJBOLJE U\u010cITI \u017dIVOTU"},"content":{"rendered":"\n<p>Ono \u0161to niko u Srbiji ne \u017eeli ni da \u010duje danas se ostvarilo, pokrenuta je procedura za vra\u0107anje vojnog roka. Tako \u0107e pejanice naslednika komunisti\u010dkih zlo\u010dinaca, najnesposobniji, najgluplji, ne le\u010deni alkoholi\u010dari i dokazane kukavice dobiti ponovo veliku va\u017enost u srpskom dru\u0161tvu i mogu\u0107nost da maltretiraju sposobne i inteligentne, odnosno u njihovim rukama bi\u0107e budu\u0107nost Srbije.\u00a0\u00a0\u00a0\u00a0<\/p>\n\n\n\n<p>Vu\u010di\u0107 potpisao saglasnost za vra\u0107anje obaveznog vojnog roka, Vlada nalo\u017eila vra\u0107ajenje vojnog roka<\/p>\n\n\n\n<p>Predsednik Srbije Aleksandar Vu\u010di\u0107 potvrdio je danas da je potpisao saglasnost za obavljanje redovnog vojnog roka u trajanju od 75 dana. Nekoliko sati kasnije, Vlada Srbije je usvojila zaklju\u010dak kojim se nala\u017ee Ministarstvu odbrane da pokrene proceduru za vra\u0107anje obaveznog vojnog roka, a do kraja slede\u0107e nedelje treba da se usvoje izmene zakona. Vojni rok bi\u0107e obavezan za mu\u0161karce do 30 godina.&nbsp;<\/p>\n\n\n\n<p>Foto Ministarstvo odbrane<\/p>\n\n\n\n<p><\/p>\n","protected":false},"excerpt":{"rendered":"<p>Ono \u0161to niko u Srbiji ne \u017eeli ni da \u010duje danas se ostvarilo, pokrenuta je procedura za vra\u0107anje vojnog roka. Tako \u0107e pejanice naslednika komunisti\u010dkih &hellip; <\/p>\n","protected":false},"author":2,"featured_media":39649,"comment_status":"closed","ping_status":"open","sticky":false,"template":"","format":"standard","meta":{"footnotes":""},"categories":[13,12],"tags":[1112,5023],"_links":{"self":[{"href":"https:\/\/centralmedia.rs\/index.php\/wp-json\/wp\/v2\/posts\/39648"}],"collection":[{"href":"https:\/\/centralmedia.rs\/index.php\/wp-json\/wp\/v2\/posts"}],"about":[{"href":"https:\/\/centralmedia.rs\/index.php\/wp-json\/wp\/v2\/types\/post"}],"author":[{"embeddable":true,"href":"https:\/\/centralmedia.rs\/index.php\/wp-json\/wp\/v2\/users\/2"}],"replies":[{"embeddable":true,"href":"https:\/\/centralmedia.rs\/index.php\/wp-json\/wp\/v2\/comments?post=39648"}],"version-history":[{"count":2,"href":"https:\/\/centralmedia.rs\/index.php\/wp-json\/wp\/v2\/posts\/39648\/revisions"}],"predecessor-version":[{"id":39660,"href":"https:\/\/centralmedia.rs\/index.php\/wp-json\/wp\/v2\/posts\/39648\/revisions\/39660"}],"wp:featuredmedia":[{"embeddable":true,"href":"https:\/\/centralmedia.rs\/index.php\/wp-json\/wp\/v2\/media\/39649"}],"wp:attachment":[{"href":"https:\/\/centralmedia.rs\/index.php\/wp-json\/wp\/v2\/media?parent=39648"}],"wp:term":[{"taxonomy":"category","embeddable":true,"href":"https:\/\/centralmedia.rs\/index.php\/wp-json\/wp\/v2\/categories?post=39648"},{"taxonomy":"post_tag","embeddable":true,"href":"https:\/\/centralmedia.rs\/index.php\/wp-json\/wp\/v2\/tags?post=39648"}],"curies":[{"name":"wp","href":"https:\/\/api.w.org\/{rel}","templated":true}]}}