{"id":39718,"date":"2024-09-21T16:18:45","date_gmt":"2024-09-21T14:18:45","guid":{"rendered":"https:\/\/centralmedia.rs\/?p=39718"},"modified":"2024-09-21T16:18:45","modified_gmt":"2024-09-21T14:18:45","slug":"pobratimili-se-svilajnac-i-dransi","status":"publish","type":"post","link":"https:\/\/centralmedia.rs\/index.php\/2024\/09\/21\/pobratimili-se-svilajnac-i-dransi\/","title":{"rendered":"POBRATIMILI SE SVILAJNAC I DRANSI"},"content":{"rendered":"\n<p>Sporazum o bratimljenju danas u potpisali op\u0161tina Svilajnac i Dransi u Francuskoj. Ispred francuske op\u0161tine Dransi potpis je stavila gradona\u010delnica Od Lagard, a svilajna\u010dke Predrag Milanovi\u0107. Tom \u010dinu prisustvovao je NJ.E ambasador Francuske u Srbiji Pjer Ko\u0161er.<\/p>\n\n\n\n<figure class=\"wp-block-gallery has-nested-images columns-default is-cropped wp-block-gallery-1 is-layout-flex wp-block-gallery-is-layout-flex\">\n<figure class=\"wp-block-image size-large\"><img loading=\"lazy\" decoding=\"async\" width=\"1024\" height=\"498\" data-id=\"39720\" src=\"https:\/\/centralmedia.rs\/wp-content\/uploads\/2024\/09\/drvo-1024x498.jpg\" alt=\"\" class=\"wp-image-39720\" srcset=\"https:\/\/centralmedia.rs\/wp-content\/uploads\/2024\/09\/drvo-1024x498.jpg 1024w, https:\/\/centralmedia.rs\/wp-content\/uploads\/2024\/09\/drvo-300x146.jpg 300w, https:\/\/centralmedia.rs\/wp-content\/uploads\/2024\/09\/drvo-768x373.jpg 768w, https:\/\/centralmedia.rs\/wp-content\/uploads\/2024\/09\/drvo-1536x747.jpg 1536w, https:\/\/centralmedia.rs\/wp-content\/uploads\/2024\/09\/drvo.jpg 1800w\" sizes=\"(max-width: 1024px) 100vw, 1024px\" \/><\/figure>\n\n\n\n<figure class=\"wp-block-image size-large\"><img loading=\"lazy\" decoding=\"async\" width=\"1024\" height=\"498\" data-id=\"39722\" src=\"https:\/\/centralmedia.rs\/wp-content\/uploads\/2024\/09\/izlozba-1024x498.jpg\" alt=\"\" class=\"wp-image-39722\" srcset=\"https:\/\/centralmedia.rs\/wp-content\/uploads\/2024\/09\/izlozba-1024x498.jpg 1024w, https:\/\/centralmedia.rs\/wp-content\/uploads\/2024\/09\/izlozba-300x146.jpg 300w, https:\/\/centralmedia.rs\/wp-content\/uploads\/2024\/09\/izlozba-768x373.jpg 768w, https:\/\/centralmedia.rs\/wp-content\/uploads\/2024\/09\/izlozba-1536x747.jpg 1536w, https:\/\/centralmedia.rs\/wp-content\/uploads\/2024\/09\/izlozba.jpg 1800w\" sizes=\"(max-width: 1024px) 100vw, 1024px\" \/><\/figure>\n\n\n\n<figure class=\"wp-block-image size-large\"><img loading=\"lazy\" decoding=\"async\" width=\"1024\" height=\"498\" data-id=\"39721\" src=\"https:\/\/centralmedia.rs\/wp-content\/uploads\/2024\/09\/kljuc-1024x498.jpg\" alt=\"\" class=\"wp-image-39721\" srcset=\"https:\/\/centralmedia.rs\/wp-content\/uploads\/2024\/09\/kljuc-1024x498.jpg 1024w, https:\/\/centralmedia.rs\/wp-content\/uploads\/2024\/09\/kljuc-300x146.jpg 300w, https:\/\/centralmedia.rs\/wp-content\/uploads\/2024\/09\/kljuc-768x373.jpg 768w, https:\/\/centralmedia.rs\/wp-content\/uploads\/2024\/09\/kljuc-1536x747.jpg 1536w, https:\/\/centralmedia.rs\/wp-content\/uploads\/2024\/09\/kljuc.jpg 1800w\" sizes=\"(max-width: 1024px) 100vw, 1024px\" \/><\/figure>\n\n\n\n<figure class=\"wp-block-image size-large\"><img loading=\"lazy\" decoding=\"async\" width=\"1024\" height=\"498\" data-id=\"39723\" src=\"https:\/\/centralmedia.rs\/wp-content\/uploads\/2024\/09\/potpis-1024x498.jpg\" alt=\"\" class=\"wp-image-39723\" srcset=\"https:\/\/centralmedia.rs\/wp-content\/uploads\/2024\/09\/potpis-1024x498.jpg 1024w, https:\/\/centralmedia.rs\/wp-content\/uploads\/2024\/09\/potpis-300x146.jpg 300w, https:\/\/centralmedia.rs\/wp-content\/uploads\/2024\/09\/potpis-768x373.jpg 768w, https:\/\/centralmedia.rs\/wp-content\/uploads\/2024\/09\/potpis-1536x747.jpg 1536w, https:\/\/centralmedia.rs\/wp-content\/uploads\/2024\/09\/potpis.jpg 1800w\" sizes=\"(max-width: 1024px) 100vw, 1024px\" \/><\/figure>\n\n\n\n<figure class=\"wp-block-image size-large\"><img loading=\"lazy\" decoding=\"async\" width=\"1024\" height=\"498\" data-id=\"39725\" src=\"https:\/\/centralmedia.rs\/wp-content\/uploads\/2024\/09\/sala-1024x498.jpg\" alt=\"\" class=\"wp-image-39725\" srcset=\"https:\/\/centralmedia.rs\/wp-content\/uploads\/2024\/09\/sala-1024x498.jpg 1024w, https:\/\/centralmedia.rs\/wp-content\/uploads\/2024\/09\/sala-300x146.jpg 300w, https:\/\/centralmedia.rs\/wp-content\/uploads\/2024\/09\/sala-768x373.jpg 768w, https:\/\/centralmedia.rs\/wp-content\/uploads\/2024\/09\/sala-1536x747.jpg 1536w, https:\/\/centralmedia.rs\/wp-content\/uploads\/2024\/09\/sala.jpg 1800w\" sizes=\"(max-width: 1024px) 100vw, 1024px\" \/><\/figure>\n\n\n\n<figure class=\"wp-block-image size-large\"><img loading=\"lazy\" decoding=\"async\" width=\"1024\" height=\"498\" data-id=\"39724\" src=\"https:\/\/centralmedia.rs\/wp-content\/uploads\/2024\/09\/sastanak-1024x498.jpg\" alt=\"\" class=\"wp-image-39724\" srcset=\"https:\/\/centralmedia.rs\/wp-content\/uploads\/2024\/09\/sastanak-1024x498.jpg 1024w, https:\/\/centralmedia.rs\/wp-content\/uploads\/2024\/09\/sastanak-300x146.jpg 300w, https:\/\/centralmedia.rs\/wp-content\/uploads\/2024\/09\/sastanak-768x373.jpg 768w, https:\/\/centralmedia.rs\/wp-content\/uploads\/2024\/09\/sastanak-1536x747.jpg 1536w, https:\/\/centralmedia.rs\/wp-content\/uploads\/2024\/09\/sastanak.jpg 1800w\" sizes=\"(max-width: 1024px) 100vw, 1024px\" \/><\/figure>\n<\/figure>\n\n\n\n<p>-Ovo je samo kontinuitet odli\u010dnih veza koje postoje me\u0111u na\u0161im&nbsp; zemljama, kontinitet rada predsednika Makrona i &nbsp;Vu\u010di\u0107a. Na taj na\u010din se odra\u017eava spremnost da se u\u010dvrste na\u0161a partnertsva na prijateljskoj osnovi u svim oblastima. Veoma sam sre\u0107an i po\u010dastvovan, \u0161to prisustvujem nastavku saradnje, \u0161to mo\u017ee da bude primer drugim lokalnim samouoravama u dve dr\u017eave, rekao je Ko\u0161er.<\/p>\n\n\n\n<p>&nbsp;&#8211; Veoma sam uzbu\u0111ena jer dugo \u010dekamo na potpisivanje sporazuma o bratiljenju. Jake veze traju decenijama, a Dransi I Svilajnc imaju prirodnu vezu zahvalju\u0107i istroji i srodni\u010dkim linijama. Imamo puno posla koji \u0107emo rfaditi u budu\u0107nosti, kazala je je Od Lagard.<\/p>\n\n\n\n<p>&#8211; Do\u0161lo ej vreme da potpisom kruni\u0161emo dosada\u0161nje napore. Puno Svilajn\u010dana \u017eivi i radi u Francuskoj u Dransiju, njihova deca stvaraju porodice tamo. O\u010dekuje nas saradnju u sportu, obrazovanju, zajedni\u010dkim projektima, bolji \u017eivot za gra\u0111ane Dransija i Svilajnca, istakao je Milanovi\u0107 i dodao &nbsp;da je posle saradnje na dr\u017eavnom novu usledila lokalna inicijativa i pozvao op\u0161tine u Srbiji da unapre\u0111uju odnose sa op\u0161tianma u Francuskoj.<\/p>\n\n\n\n<p>Svilajnac najve\u0107u dijasporu ima upravo u Parizu u op\u0161tini Dransi i to je bio direktan povod za uspostavljanje bli\u017eih veza i saradnje ove dveop\u0161tine, a koje rezultira zvani\u010dnim bratimljenjem. Posle potpisivanja Sporazuma o bratimljenju zasa\u0111eno je drvo kao simbol bratstva u Parku evropskog prijateljstva i otvorena u Centru za kulturu izlo\u017eba fotografija \u201eZajedni\u010dka nit &#8211; francusko-resavsko prijateljstvo\u201c, sa temom zajedni\u010dke me\u0111usobne pomo\u0107ii podr\u0161ke tokom celog proteklog veka. Posle saradnje na dr\u017eavnom nivou usledila je lokalna inicijativa.<\/p>\n","protected":false},"excerpt":{"rendered":"<p>Sporazum o bratimljenju danas u potpisali op\u0161tina Svilajnac i Dransi u Francuskoj. Ispred francuske op\u0161tine Dransi potpis je stavila gradona\u010delnica Od Lagard, a svilajna\u010dke Predrag &hellip; <\/p>\n","protected":false},"author":2,"featured_media":39719,"comment_status":"closed","ping_status":"open","sticky":false,"template":"","format":"standard","meta":{"footnotes":""},"categories":[1524,2,13,12,1517],"tags":[6661,6662,563],"_links":{"self":[{"href":"https:\/\/centralmedia.rs\/index.php\/wp-json\/wp\/v2\/posts\/39718"}],"collection":[{"href":"https:\/\/centralmedia.rs\/index.php\/wp-json\/wp\/v2\/posts"}],"about":[{"href":"https:\/\/centralmedia.rs\/index.php\/wp-json\/wp\/v2\/types\/post"}],"author":[{"embeddable":true,"href":"https:\/\/centralmedia.rs\/index.php\/wp-json\/wp\/v2\/users\/2"}],"replies":[{"embeddable":true,"href":"https:\/\/centralmedia.rs\/index.php\/wp-json\/wp\/v2\/comments?post=39718"}],"version-history":[{"count":1,"href":"https:\/\/centralmedia.rs\/index.php\/wp-json\/wp\/v2\/posts\/39718\/revisions"}],"predecessor-version":[{"id":39726,"href":"https:\/\/centralmedia.rs\/index.php\/wp-json\/wp\/v2\/posts\/39718\/revisions\/39726"}],"wp:featuredmedia":[{"embeddable":true,"href":"https:\/\/centralmedia.rs\/index.php\/wp-json\/wp\/v2\/media\/39719"}],"wp:attachment":[{"href":"https:\/\/centralmedia.rs\/index.php\/wp-json\/wp\/v2\/media?parent=39718"}],"wp:term":[{"taxonomy":"category","embeddable":true,"href":"https:\/\/centralmedia.rs\/index.php\/wp-json\/wp\/v2\/categories?post=39718"},{"taxonomy":"post_tag","embeddable":true,"href":"https:\/\/centralmedia.rs\/index.php\/wp-json\/wp\/v2\/tags?post=39718"}],"curies":[{"name":"wp","href":"https:\/\/api.w.org\/{rel}","templated":true}]}}