{"id":39754,"date":"2024-09-21T01:06:50","date_gmt":"2024-09-20T23:06:50","guid":{"rendered":"https:\/\/centralmedia.rs\/?p=39754"},"modified":"2024-09-26T01:07:00","modified_gmt":"2024-09-25T23:07:00","slug":"14-deciji-karneval-okupio-vise-od-300-malisana","status":"publish","type":"post","link":"https:\/\/centralmedia.rs\/index.php\/2024\/09\/21\/14-deciji-karneval-okupio-vise-od-300-malisana\/","title":{"rendered":"14. DE\u010cIJI KARNEVAL OKUPIO VI\u0160E OD 300 MALI\u0160ANA"},"content":{"rendered":"\n<p>De\u010diji karneval u Para\u0107inu realizovan je u okviru Krstovdanskoh sve\u010danosti a organizovala ga je Turisti\u010dka organizacija pod pokroviteljstvom op\u0161tine Para\u0107in. Mali\u0161ani iz para\u0107inskih vrti\u0107a i ni\u017eih razreda osnovnih \u0161kola u ma\u0161tovito kreiranim kostimima prodefilovali su gradom na op\u0161te odu\u0161evljenje prisutnih. Oni su pobrali simpatije i aplauze, u veseloj atmosferi u\u017eivaju\u0107i u programu Karnevala, uz muziku i igru.<\/p>\n\n\n\n<figure class=\"wp-block-gallery has-nested-images columns-default is-cropped wp-block-gallery-1 is-layout-flex wp-block-gallery-is-layout-flex\">\n<figure class=\"wp-block-image size-large\"><img loading=\"lazy\" decoding=\"async\" width=\"1024\" height=\"714\" data-id=\"39756\" src=\"https:\/\/centralmedia.rs\/wp-content\/uploads\/2024\/09\/karneval-1024x714.jpg\" alt=\"\" class=\"wp-image-39756\" srcset=\"https:\/\/centralmedia.rs\/wp-content\/uploads\/2024\/09\/karneval-1024x714.jpg 1024w, https:\/\/centralmedia.rs\/wp-content\/uploads\/2024\/09\/karneval-300x209.jpg 300w, https:\/\/centralmedia.rs\/wp-content\/uploads\/2024\/09\/karneval-768x536.jpg 768w, https:\/\/centralmedia.rs\/wp-content\/uploads\/2024\/09\/karneval-1536x1071.jpg 1536w, https:\/\/centralmedia.rs\/wp-content\/uploads\/2024\/09\/karneval.jpg 1600w\" sizes=\"(max-width: 1024px) 100vw, 1024px\" \/><\/figure>\n\n\n\n<figure class=\"wp-block-image size-large\"><img loading=\"lazy\" decoding=\"async\" width=\"1024\" height=\"768\" data-id=\"39757\" src=\"https:\/\/centralmedia.rs\/wp-content\/uploads\/2024\/09\/karneval1-1024x768.jpg\" alt=\"\" class=\"wp-image-39757\" srcset=\"https:\/\/centralmedia.rs\/wp-content\/uploads\/2024\/09\/karneval1-1024x768.jpg 1024w, https:\/\/centralmedia.rs\/wp-content\/uploads\/2024\/09\/karneval1-300x225.jpg 300w, https:\/\/centralmedia.rs\/wp-content\/uploads\/2024\/09\/karneval1-768x576.jpg 768w, https:\/\/centralmedia.rs\/wp-content\/uploads\/2024\/09\/karneval1-1536x1152.jpg 1536w, https:\/\/centralmedia.rs\/wp-content\/uploads\/2024\/09\/karneval1.jpg 1600w\" sizes=\"(max-width: 1024px) 100vw, 1024px\" \/><\/figure>\n\n\n\n<figure class=\"wp-block-image size-large\"><img loading=\"lazy\" decoding=\"async\" width=\"1024\" height=\"768\" data-id=\"39759\" src=\"https:\/\/centralmedia.rs\/wp-content\/uploads\/2024\/09\/karneval2-1024x768.jpg\" alt=\"\" class=\"wp-image-39759\" srcset=\"https:\/\/centralmedia.rs\/wp-content\/uploads\/2024\/09\/karneval2-1024x768.jpg 1024w, https:\/\/centralmedia.rs\/wp-content\/uploads\/2024\/09\/karneval2-300x225.jpg 300w, https:\/\/centralmedia.rs\/wp-content\/uploads\/2024\/09\/karneval2-768x576.jpg 768w, https:\/\/centralmedia.rs\/wp-content\/uploads\/2024\/09\/karneval2-1536x1152.jpg 1536w, https:\/\/centralmedia.rs\/wp-content\/uploads\/2024\/09\/karneval2.jpg 1600w\" sizes=\"(max-width: 1024px) 100vw, 1024px\" \/><\/figure>\n\n\n\n<figure class=\"wp-block-image size-large\"><img loading=\"lazy\" decoding=\"async\" width=\"1024\" height=\"768\" data-id=\"39758\" src=\"https:\/\/centralmedia.rs\/wp-content\/uploads\/2024\/09\/karneval3-1024x768.jpg\" alt=\"\" class=\"wp-image-39758\" srcset=\"https:\/\/centralmedia.rs\/wp-content\/uploads\/2024\/09\/karneval3-1024x768.jpg 1024w, https:\/\/centralmedia.rs\/wp-content\/uploads\/2024\/09\/karneval3-300x225.jpg 300w, https:\/\/centralmedia.rs\/wp-content\/uploads\/2024\/09\/karneval3-768x576.jpg 768w, https:\/\/centralmedia.rs\/wp-content\/uploads\/2024\/09\/karneval3-1536x1152.jpg 1536w, https:\/\/centralmedia.rs\/wp-content\/uploads\/2024\/09\/karneval3.jpg 1600w\" sizes=\"(max-width: 1024px) 100vw, 1024px\" \/><\/figure>\n<\/figure>\n\n\n\n<p>Ovogodi\u0161nji De\u010diji karneval sve\u010dano je otvorenim proglasio Milo\u0161 \u0110oki\u0107, zamenik predsednice SO Para\u0107in, pozdraviv\u0161i prisutne roditelje, vaspita\u010de, u\u010ditelje i brojne gra\u0111ane Para\u0107ina koji su pratili ovu manifestaciju.<\/p>\n","protected":false},"excerpt":{"rendered":"<p>De\u010diji karneval u Para\u0107inu realizovan je u okviru Krstovdanskoh sve\u010danosti a organizovala ga je Turisti\u010dka organizacija pod pokroviteljstvom op\u0161tine Para\u0107in. Mali\u0161ani iz para\u0107inskih vrti\u0107a i &hellip; <\/p>\n","protected":false},"author":2,"featured_media":39755,"comment_status":"closed","ping_status":"open","sticky":false,"template":"","format":"standard","meta":{"footnotes":""},"categories":[1524,2,23,1516,3055],"tags":[6667],"_links":{"self":[{"href":"https:\/\/centralmedia.rs\/index.php\/wp-json\/wp\/v2\/posts\/39754"}],"collection":[{"href":"https:\/\/centralmedia.rs\/index.php\/wp-json\/wp\/v2\/posts"}],"about":[{"href":"https:\/\/centralmedia.rs\/index.php\/wp-json\/wp\/v2\/types\/post"}],"author":[{"embeddable":true,"href":"https:\/\/centralmedia.rs\/index.php\/wp-json\/wp\/v2\/users\/2"}],"replies":[{"embeddable":true,"href":"https:\/\/centralmedia.rs\/index.php\/wp-json\/wp\/v2\/comments?post=39754"}],"version-history":[{"count":1,"href":"https:\/\/centralmedia.rs\/index.php\/wp-json\/wp\/v2\/posts\/39754\/revisions"}],"predecessor-version":[{"id":39760,"href":"https:\/\/centralmedia.rs\/index.php\/wp-json\/wp\/v2\/posts\/39754\/revisions\/39760"}],"wp:featuredmedia":[{"embeddable":true,"href":"https:\/\/centralmedia.rs\/index.php\/wp-json\/wp\/v2\/media\/39755"}],"wp:attachment":[{"href":"https:\/\/centralmedia.rs\/index.php\/wp-json\/wp\/v2\/media?parent=39754"}],"wp:term":[{"taxonomy":"category","embeddable":true,"href":"https:\/\/centralmedia.rs\/index.php\/wp-json\/wp\/v2\/categories?post=39754"},{"taxonomy":"post_tag","embeddable":true,"href":"https:\/\/centralmedia.rs\/index.php\/wp-json\/wp\/v2\/tags?post=39754"}],"curies":[{"name":"wp","href":"https:\/\/api.w.org\/{rel}","templated":true}]}}