{"id":3978,"date":"2016-07-27T23:29:49","date_gmt":"2016-07-27T23:29:49","guid":{"rendered":"http:\/\/centralmedia.rs\/?p=3978"},"modified":"2017-01-20T01:21:09","modified_gmt":"2017-01-20T01:21:09","slug":"najlepsa-dvorista-iz-levca","status":"publish","type":"post","link":"https:\/\/centralmedia.rs\/index.php\/2016\/07\/27\/najlepsa-dvorista-iz-levca\/","title":{"rendered":"NAJLEP\u0160A DVORI\u0160TA IZ LEV\u010cA"},"content":{"rendered":"<p>REKOVAC-Na sastanku direktora i turisti\u010dkih radnika centralne Srbije u Ra\u010di Kragujeva\u010dkoj dvoriste \u017darka Mati\u0107a iz Te\u010di\u0107a je osvojilo 2. mesto u kategoriji najlep\u0161i detalj u centralnoj Srbiji.<\/p>\n<p><div id='gallery-1' class='gallery galleryid-3978 gallery-columns-2 gallery-size-large'><figure class='gallery-item'>\n\t\t\t<div class='gallery-icon landscape'>\n\t\t\t\t<a href='https:\/\/centralmedia.rs\/index.php\/2016\/07\/27\/najlepsa-dvorista-iz-levca\/najlepse-dvoriste-1\/'><img loading=\"lazy\" decoding=\"async\" width=\"760\" height=\"510\" src=\"https:\/\/centralmedia.rs\/wp-content\/uploads\/2016\/07\/najlepse-dvoriste-1-1024x687.jpg\" class=\"attachment-large size-large\" alt=\"\" srcset=\"https:\/\/centralmedia.rs\/wp-content\/uploads\/2016\/07\/najlepse-dvoriste-1-1024x687.jpg 1024w, https:\/\/centralmedia.rs\/wp-content\/uploads\/2016\/07\/najlepse-dvoriste-1-300x201.jpg 300w, https:\/\/centralmedia.rs\/wp-content\/uploads\/2016\/07\/najlepse-dvoriste-1-768x516.jpg 768w\" sizes=\"(max-width: 760px) 100vw, 760px\" \/><\/a>\n\t\t\t<\/div><\/figure><figure class='gallery-item'>\n\t\t\t<div class='gallery-icon landscape'>\n\t\t\t\t<a href='https:\/\/centralmedia.rs\/index.php\/2016\/07\/27\/najlepsa-dvorista-iz-levca\/najlepse-dvoriste-2\/'><img loading=\"lazy\" decoding=\"async\" width=\"760\" height=\"510\" src=\"https:\/\/centralmedia.rs\/wp-content\/uploads\/2016\/07\/najlepse-dvoriste-2-1024x687.jpg\" class=\"attachment-large size-large\" alt=\"\" srcset=\"https:\/\/centralmedia.rs\/wp-content\/uploads\/2016\/07\/najlepse-dvoriste-2-1024x687.jpg 1024w, https:\/\/centralmedia.rs\/wp-content\/uploads\/2016\/07\/najlepse-dvoriste-2-300x201.jpg 300w, https:\/\/centralmedia.rs\/wp-content\/uploads\/2016\/07\/najlepse-dvoriste-2-768x516.jpg 768w\" sizes=\"(max-width: 760px) 100vw, 760px\" \/><\/a>\n\t\t\t<\/div><\/figure>\n\t\t<\/div>\n<br \/>\nPredhodno je u Rekovcu odr\u017eana 8. turisti\u010dka manifestacija \u201cDani otvorenih dvori\u0161ta Lev\u010da 2016\u201d , u kojoj je u\u010destvovao veliki broj me\u0161tana koji sa puno ljubavi i pa\u017enje ure\u0111uje svoja dvori\u0161ta.<br \/>\nU kategoriji najlep\u0161e etno dvori\u0161te prvo mesto osvojio je Ratko Jovanovi\u0107 iz Velike Kru\u0161evice. U kategoriji najlep\u0161i detalj u dvori\u0161tu prvo mesto je osvojila Ljiljana Radivojevi\u0107 iz Kaludre. U kategoriji najlep\u0161e dvori\u0161te prvo mesto je osvojila Anka Stankovi\u0107 iz Kaludre. U kategoriji najlep\u0161e park dvori\u0161te pobedio je \u017darko Mati\u0107 iz Te\u010di\u0107a.<br \/>\nCilj akcije \u201eBiramo najure\u0111enije dvori\u0161te\u201c je podstaknuti gra\u0111ane na o\u010duvanje \u017eivotne okoline i kreativnije ure\u0111enje privatnih eksterijera koji doprinose lep\u0161em izgledu na\u0161eg grada. Vredni ljudi, skromnim sredstvima, ali sa velikom \u017eeljom, voljom i entuzijazmom ure\u0111uju svoje prostore i predstavljaju primer kako se treba odnositi prema dvori\u0161tu ili ku\u0107i.<a href=\"https:\/\/centralmedia.rs\/wp-content\/uploads\/2016\/12\/grb.jpg\"><img loading=\"lazy\" decoding=\"async\" class=\"aligncenter size-medium wp-image-6520\" src=\"https:\/\/centralmedia.rs\/wp-content\/uploads\/2016\/12\/grb-210x300.jpg\" alt=\"\" width=\"210\" height=\"300\" srcset=\"https:\/\/centralmedia.rs\/wp-content\/uploads\/2016\/12\/grb-210x300.jpg 210w, https:\/\/centralmedia.rs\/wp-content\/uploads\/2016\/12\/grb.jpg 276w\" sizes=\"(max-width: 210px) 100vw, 210px\" \/><\/a><\/p>\n<p>&nbsp;<\/p>\n<p><strong><em>Pozitivni primeri Razglednica iz Rekovca \u2013 Projekat se realizuje uz pomo\u0107 sredstava iz bud\u017eeta Op\u0161tine Rekovac.<\/em><\/strong><\/p>\n<p>&nbsp;<\/p>\n","protected":false},"excerpt":{"rendered":"<p>REKOVAC-Na sastanku direktora i turisti\u010dkih radnika centralne Srbije u Ra\u010di Kragujeva\u010dkoj dvoriste \u017darka Mati\u0107a iz Te\u010di\u0107a je osvojilo 2. mesto u kategoriji najlep\u0161i detalj u &hellip; <\/p>\n","protected":false},"author":4,"featured_media":3979,"comment_status":"open","ping_status":"open","sticky":false,"template":"","format":"standard","meta":{"footnotes":""},"categories":[1524,887,1519,16,12],"tags":[704,1054,441],"_links":{"self":[{"href":"https:\/\/centralmedia.rs\/index.php\/wp-json\/wp\/v2\/posts\/3978"}],"collection":[{"href":"https:\/\/centralmedia.rs\/index.php\/wp-json\/wp\/v2\/posts"}],"about":[{"href":"https:\/\/centralmedia.rs\/index.php\/wp-json\/wp\/v2\/types\/post"}],"author":[{"embeddable":true,"href":"https:\/\/centralmedia.rs\/index.php\/wp-json\/wp\/v2\/users\/4"}],"replies":[{"embeddable":true,"href":"https:\/\/centralmedia.rs\/index.php\/wp-json\/wp\/v2\/comments?post=3978"}],"version-history":[{"count":0,"href":"https:\/\/centralmedia.rs\/index.php\/wp-json\/wp\/v2\/posts\/3978\/revisions"}],"wp:featuredmedia":[{"embeddable":true,"href":"https:\/\/centralmedia.rs\/index.php\/wp-json\/wp\/v2\/media\/3979"}],"wp:attachment":[{"href":"https:\/\/centralmedia.rs\/index.php\/wp-json\/wp\/v2\/media?parent=3978"}],"wp:term":[{"taxonomy":"category","embeddable":true,"href":"https:\/\/centralmedia.rs\/index.php\/wp-json\/wp\/v2\/categories?post=3978"},{"taxonomy":"post_tag","embeddable":true,"href":"https:\/\/centralmedia.rs\/index.php\/wp-json\/wp\/v2\/tags?post=3978"}],"curies":[{"name":"wp","href":"https:\/\/api.w.org\/{rel}","templated":true}]}}